{"id":257428,"date":"2026-09-01T10:41:34","date_gmt":"2026-09-01T14:41:34","guid":{"rendered":"https:\/\/lepelerin.org\/portail\/?p=257428"},"modified":"2026-09-01T10:41:35","modified_gmt":"2026-09-01T14:41:35","slug":"accueil-de-nathalie-perrier","status":"publish","type":"post","link":"https:\/\/lepelerin.org\/portail\/actualites-du-pelerin\/accueil-de-nathalie-perrier\/","title":{"rendered":"Accueil de Nathalie Perrier comme coordinatrice du service d&#8217;accompagnement spirituel"},"content":{"rendered":"\n[et_pb_section fb_built=&#8221;1&#8243; _builder_version=&#8221;4.27.4&#8243; _module_preset=&#8221;default&#8221; custom_padding=&#8221;0px|||||&#8221; global_colors_info=&#8221;{}&#8221;][et_pb_row _builder_version=&#8221;4.27.4&#8243; _module_preset=&#8221;default&#8221; global_colors_info=&#8221;{}&#8221;][et_pb_column type=&#8221;4_4&#8243; _builder_version=&#8221;4.27.4&#8243; _module_preset=&#8221;default&#8221; global_colors_info=&#8221;{}&#8221;][et_pb_text module_class=&#8221;custom-bullet&#8221; _builder_version=&#8221;4.27.4&#8243; _module_preset=&#8221;default&#8221; custom_padding=&#8221;||5px|||&#8221; hover_enabled=&#8221;0&#8243; global_colors_info=&#8221;{}&#8221; sticky_enabled=&#8221;0&#8243;]<p>D&#8217;une voix unie, toute l&#8217;\u00e9quipe souhaite la plus chaleureuse des bienvenues \u00e0 <strong>Nathalie Perrier<\/strong>, qui se joint \u00e0 l&#8217;\u00e9quipe permanente du P\u00e8lerin \u00e0 titre de coordinatrice du service d&#8217;accompagnement spirituel.<\/p>\n<p>Pour faire les pr\u00e9sentations, rien de mieux que quelques mots de la part de Nathalie elle-m\u00eame :<\/p>\n<p>\u00ab C\u2019est avec joie que je me joins \u00e0 l\u2019\u00e9quipe du centre Le P\u00e8lerin d\u00e8s le 1er septembre 2026 \u00e0 titre de coordinatrice du service d\u2019accompagnement spirituel.<\/p>\n<p>Depuis plus de 20 ans, mes r\u00e9alisations scientifiques et professionnelles m\u2019ont amen\u00e9e \u00e0 reconna\u00eetre science et foi comme deux d\u00e9marches compl\u00e9mentaires pour enrichir ma vision du monde.<\/p>\n<p>Accompagnatrice certifi\u00e9e du centre Le P\u00e8lerin depuis 2012, je me suis engag\u00e9e tour \u00e0 tour dans le groupe de travail du service d\u2019accompagnement, la supervision de stages et l\u2019enseignement de cours.<\/p>\n<p>Je me suis \u00e9galement impliqu\u00e9e dans ma r\u00e9gion en tant que membre d\u2019un conseil pastoral, accompagnatrice scolaire en math\u00e9matiques, cat\u00e9ch\u00e8te et marraine d\u2019\u00e9tudiantes en g\u00e9nie.<\/p>\n<p>C\u2019est dans une posture d\u2019ouverture bienveillante que j\u2019entrevois mon r\u00f4le au centre en veillant avec l\u2019\u00e9quipe au bien-\u00eatre des accompagnateurs et de toutes les personnes qui osent frapper \u00e0 la porte du centre pour nourrir la Vie du c\u0153ur. \u00bb<\/p>[\/et_pb_text][\/et_pb_column][\/et_pb_row][\/et_pb_section][et_pb_section fb_built=&#8221;1&#8243; _builder_version=&#8221;4.27.4&#8243; _module_preset=&#8221;default&#8221; global_colors_info=&#8221;{}&#8221;][et_pb_row _builder_version=&#8221;4.27.4&#8243; _module_preset=&#8221;default&#8221; global_colors_info=&#8221;{}&#8221;][et_pb_column type=&#8221;4_4&#8243; _builder_version=&#8221;4.27.4&#8243; _module_preset=&#8221;default&#8221; global_colors_info=&#8221;{}&#8221;][et_pb_heading title=&#8221;\u00c9v\u00e9nements \u00e0 venir au P\u00e8lerin&#8221; _builder_version=&#8221;4.27.4&#8243; _module_preset=&#8221;7d021552-ee50-41e6-9a48-eee88da621cd&#8221; title_text_align=&#8221;left&#8221; global_colors_info=&#8221;{}&#8221;][\/et_pb_heading][diec_event_carousel show_venue=&#8221;off&#8221; show_name=&#8221;off&#8221; show_price=&#8221;off&#8221; show_category=&#8221;off&#8221; show_weburl=&#8221;off&#8221; show_detail=&#8221;off&#8221; event_count=&#8221;15&#8243; included_categories=&#8221;14&#8243; _builder_version=&#8221;4.27.4&#8243; _module_preset=&#8221;default&#8221; global_colors_info=&#8221;{}&#8221;][\/diec_event_carousel][\/et_pb_column][\/et_pb_row][\/et_pb_section][et_pb_section fb_built=&#8221;1&#8243; _builder_version=&#8221;4.27.4&#8243; _module_preset=&#8221;default&#8221; global_module=&#8221;250732&#8243; saved_tabs=&#8221;all&#8221; global_colors_info=&#8221;{}&#8221;][et_pb_row _builder_version=&#8221;4.27.4&#8243; _module_preset=&#8221;default&#8221; global_colors_info=&#8221;{}&#8221;][et_pb_column type=&#8221;4_4&#8243; _builder_version=&#8221;4.27.4&#8243; _module_preset=&#8221;default&#8221; global_colors_info=&#8221;{}&#8221;][et_pb_post_nav in_same_term=&#8221;on&#8221; prev_text=&#8221;Article pr\u00e9c\u00e9dent&#8221; next_text=&#8221;Article suivant&#8221; _builder_version=&#8221;4.27.4&#8243; _module_preset=&#8221;default&#8221; global_colors_info=&#8221;{}&#8221;][\/et_pb_post_nav][\/et_pb_column][\/et_pb_row][\/et_pb_section]\n","protected":false},"excerpt":{"rendered":"<p>D&#8217;une voix unie, toute l&#8217;\u00e9quipe souhaite la plus chaleureuse des bienvenues \u00e0 Nathalie Perrier, qui se joint \u00e0 l&#8217;\u00e9quipe permanente du P\u00e8lerin \u00e0 titre de coordinatrice du service d&#8217;accompagnement spirituel.<br \/>\nPour faire les pr\u00e9sentations, rien de mieux que quelques mots de la part de Nathalie elle-m\u00eame&#8230;<\/p>\n","protected":false},"author":4,"featured_media":257448,"comment_status":"open","ping_status":"open","sticky":false,"template":"","format":"standard","meta":{"_et_pb_use_builder":"on","_et_pb_old_content":"","_et_gb_content_width":"","footnotes":""},"categories":[5],"tags":[],"class_list":["post-257428","post","type-post","status-publish","format-standard","has-post-thumbnail","hentry","category-actualites-du-pelerin"],"_links":{"self":[{"href":"https:\/\/lepelerin.org\/portail\/wp-json\/wp\/v2\/posts\/257428","targetHints":{"allow":["GET"]}}],"collection":[{"href":"https:\/\/lepelerin.org\/portail\/wp-json\/wp\/v2\/posts"}],"about":[{"href":"https:\/\/lepelerin.org\/portail\/wp-json\/wp\/v2\/types\/post"}],"author":[{"embeddable":true,"href":"https:\/\/lepelerin.org\/portail\/wp-json\/wp\/v2\/users\/4"}],"replies":[{"embeddable":true,"href":"https:\/\/lepelerin.org\/portail\/wp-json\/wp\/v2\/comments?post=257428"}],"version-history":[{"count":7,"href":"https:\/\/lepelerin.org\/portail\/wp-json\/wp\/v2\/posts\/257428\/revisions"}],"predecessor-version":[{"id":257451,"href":"https:\/\/lepelerin.org\/portail\/wp-json\/wp\/v2\/posts\/257428\/revisions\/257451"}],"wp:featuredmedia":[{"embeddable":true,"href":"https:\/\/lepelerin.org\/portail\/wp-json\/wp\/v2\/media\/257448"}],"wp:attachment":[{"href":"https:\/\/lepelerin.org\/portail\/wp-json\/wp\/v2\/media?parent=257428"}],"wp:term":[{"taxonomy":"category","embeddable":true,"href":"https:\/\/lepelerin.org\/portail\/wp-json\/wp\/v2\/categories?post=257428"},{"taxonomy":"post_tag","embeddable":true,"href":"https:\/\/lepelerin.org\/portail\/wp-json\/wp\/v2\/tags?post=257428"}],"curies":[{"name":"wp","href":"https:\/\/api.w.org\/{rel}","templated":true}]}}