{"id":257420,"date":"2026-09-01T15:21:51","date_gmt":"2026-09-01T19:21:51","guid":{"rendered":"https:\/\/lepelerin.org\/portail\/?p=257420"},"modified":"2026-09-01T15:22:55","modified_gmt":"2026-09-01T19:22:55","slug":"lancement-livre-le-chemin-de-lamour-la-priere","status":"publish","type":"post","link":"https:\/\/lepelerin.org\/portail\/actualites-du-pelerin\/lancement-livre-le-chemin-de-lamour-la-priere\/","title":{"rendered":"Lancement du livre \u00ab\u00a0Le chemin de l\u2019Amour, la pri\u00e8re\u00a0\u00bb par St\u00e9fan Th\u00e9riault"},"content":{"rendered":"\n[et_pb_section fb_built=&#8221;1&#8243; _builder_version=&#8221;4.27.4&#8243; _module_preset=&#8221;default&#8221; custom_padding=&#8221;0px|||||&#8221; global_colors_info=&#8221;{}&#8221;][et_pb_row _builder_version=&#8221;4.27.4&#8243; _module_preset=&#8221;default&#8221; global_colors_info=&#8221;{}&#8221;][et_pb_column type=&#8221;4_4&#8243; _builder_version=&#8221;4.27.4&#8243; _module_preset=&#8221;default&#8221; global_colors_info=&#8221;{}&#8221;][et_pb_text module_class=&#8221;custom-bullet&#8221; _builder_version=&#8221;4.27.4&#8243; _module_preset=&#8221;default&#8221; custom_padding=&#8221;||5px|||&#8221; global_colors_info=&#8221;{}&#8221;]<p>C\u2019est avec une grande joie que nous vous annon\u00e7ons la mise en vente officielle du tout nouveau livre de St\u00e9fan Th\u00e9riault : \u00ab <strong>Le chemin de l\u2019Amour, la pri\u00e8re<\/strong> \u00bb.<\/p>\n<p>Combien de personnes motiv\u00e9es ont d\u00e9j\u00e0 exp\u00e9riment\u00e9 une m\u00e9thode de pri\u00e8re pour finalement abandonner, d\u00e9courag\u00e9es, en croyant que ce n\u2019\u00e9tait pas pour elles ? \u00c0 travers cet ouvrage de 245 pages publi\u00e9 en 2026, l\u2019auteur nous rappelle que <em><strong>l\u2019essence de la pri\u00e8re ne r\u00e9side pas dans ce que nous faisons, mais dans ce que nous sommes<\/strong><\/em>.<\/p>\n<p>Ce livre est une v\u00e9ritable invitation \u00e0 plonger dans notre \u00eatre profond afin de vivre une relation d\u2019amour vivante et continue avec Dieu, o\u00f9 chaque instant du quotidien peut devenir pri\u00e8re.<\/p>\n<h2>Disponible d\u00e8s maintenant en formats imprim\u00e9 et num\u00e9rique<\/h2>\n<p>Le livre est accessible sous deux formats :<\/p>\n<p><span style=\"text-decoration: underline;\"><strong>1. Version imprim\u00e9e (Couverture souple)<\/strong><\/span><\/p>\n<p><span style=\"text-decoration: underline;\"><strong><img loading=\"lazy\" decoding=\"async\" src=\"https:\/\/lepelerin.org\/portail\/wp-content\/uploads\/2026\/08\/livre-imprime-le-chemin-de-lamour-la-priere-300x174.webp\" width=\"300\" height=\"174\" alt=\"Livre imprim\u00e9 \u2013 Le chemin de l'Amour, la pri\u00e8re\" class=\"wp-image-257399 alignnone size-medium\" srcset=\"https:\/\/lepelerin.org\/portail\/wp-content\/uploads\/2026\/08\/livre-imprime-le-chemin-de-lamour-la-priere-300x174.webp 300w, https:\/\/lepelerin.org\/portail\/wp-content\/uploads\/2026\/08\/livre-imprime-le-chemin-de-lamour-la-priere.webp 437w\" sizes=\"(max-width: 300px) 100vw, 300px\" \/><\/strong><\/span><\/p>\n<ul>\n<li><strong>Prix<\/strong> : 31,95 $ CAD + frais de livraison : 5,00 $ pour le Canada sous 5 \u00e0 12 jours ouvrables | 25,00$ \u00e0 l&#8217;international<\/li>\n<li><strong>Caract\u00e9ristiques<\/strong> : 245 pages, format pratique A5 (14,8 \u00d7 21 cm \u2014 346 g)<\/li>\n<li><strong>Achat en ligne s\u00e9curis\u00e9<\/strong> : Commandez votre exemplaire par carte de cr\u00e9dit via notre plateforme partenaire Zeffy .<\/li>\n<li><a href=\"https:\/\/www.zeffy.com\/fr-CA\/ticketing\/le-chemin-de-lamour-la-priere\" target=\"_blank\" rel=\"noopener\">Commander le livre imprim\u00e9<\/a><\/li>\n<\/ul>\n<p><span style=\"text-decoration: underline;\"><strong>2. Version num\u00e9rique (eBook)<\/strong><\/span><\/p>\n<p><span style=\"text-decoration: underline;\"><strong><img loading=\"lazy\" decoding=\"async\" src=\"https:\/\/lepelerin.org\/portail\/wp-content\/uploads\/2026\/08\/livre-numerique-300x174.jpg\" width=\"300\" height=\"174\" alt=\"Livre au format num\u00e9rique\" class=\"wp-image-257249 alignnone size-medium\" srcset=\"https:\/\/lepelerin.org\/portail\/wp-content\/uploads\/2026\/08\/livre-numerique-300x174.jpg 300w, https:\/\/lepelerin.org\/portail\/wp-content\/uploads\/2026\/08\/livre-numerique.jpg 437w\" sizes=\"(max-width: 300px) 100vw, 300px\" \/><\/strong><\/span><\/p>\n<ul>\n<li><strong>Prix<\/strong> : 17,99 $ CAD<\/li>\n<li><strong>Compatibilit\u00e9<\/strong> : Formats universels, compatibles avec l&#8217;ensemble des liseuses (Kobo, Kindle, Vivlio), tablettes (iPad, Android), t\u00e9l\u00e9phones intelligents et ordinateurs.<\/li>\n<li><strong>Disponibilit\u00e9<\/strong> : Accessible dans plus de 1 000 points de vente en ligne (<a href=\"https:\/\/www.leslibraires.ca\/livres\/le-chemin-de-l-amour-la-priere-9782982487413\" target=\"_blank\" rel=\"noopener\">Leslibraires.ca<\/a>, <a href=\"https:\/\/www.renaud-bray.com\/Livre_Numerique_Produit.aspx?id=4820834\" target=\"_blank\" rel=\"noopener\">Renaud-Bray<\/a>, <a href=\"https:\/\/www.kobo.com\/ca\/en\/ebook\/le-chemin-de-l-amour-la-priere\" target=\"_blank\" rel=\"noopener\">Kobo<\/a>, <a href=\"https:\/\/www.amazon.ca\/-\/fr\/dp\/B0HGBGLVRW\/\" target=\"_blank\" rel=\"noopener\">Amazon<\/a>, etc.).<\/li>\n<\/ul>\n<h2>\u00c0 propos de l&#8217;auteur<\/h2>\n<p>Mari\u00e9 et p\u00e8re de deux enfants, St\u00e9fan Th\u00e9riault est un sp\u00e9cialiste de la mise en place et de la gestion de programmes d\u2019\u00e9tudes et de formations. Il assure la direction du Centre d\u2019accompagnement spirituel Le P\u00e8lerin, \u00e0 Montr\u00e9al, depuis les d\u00e9buts en 2001.<\/p>\n<p>Visionnaire, cr\u00e9atif et en qu\u00eate d\u2019absolu, avec d\u2019autres, il \u00e9tablit de multiples projets qui favorisent la vie int\u00e9rieure. \u00c9crivain, il est l\u2019auteur du livre \u00ab Revivre comme Lazare \u00bb, publi\u00e9 chez Salvator en 2016.<\/p>\n<h2>Pour en savoir plus<\/h2>\n<p>Pour conna\u00eetre tous les d\u00e9tails techniques, \u00e9couter une conf\u00e9rence de l&#8217;auteur \u00e0 propos du livre, lire des t\u00e9moignages et les questions fr\u00e9quentes, nous vous invitons \u00e0 visiter la page du livre au <a href=\"https:\/\/lepelerin.org\/portail\/livre-le-chemin-de-lamour-la-priere\/\" target=\"_blank\" rel=\"noopener\">lien suivant<\/a>.<\/p>\n<p><strong>Bonne lecture !<\/strong><\/p>[\/et_pb_text][\/et_pb_column][\/et_pb_row][\/et_pb_section][et_pb_section fb_built=&#8221;1&#8243; _builder_version=&#8221;4.27.4&#8243; _module_preset=&#8221;default&#8221; global_colors_info=&#8221;{}&#8221;][et_pb_row _builder_version=&#8221;4.27.4&#8243; _module_preset=&#8221;default&#8221; global_colors_info=&#8221;{}&#8221;][et_pb_column type=&#8221;4_4&#8243; _builder_version=&#8221;4.27.4&#8243; _module_preset=&#8221;default&#8221; global_colors_info=&#8221;{}&#8221;][et_pb_heading title=&#8221;\u00c9v\u00e9nements \u00e0 venir au P\u00e8lerin&#8221; _builder_version=&#8221;4.27.4&#8243; _module_preset=&#8221;7d021552-ee50-41e6-9a48-eee88da621cd&#8221; title_text_align=&#8221;left&#8221; global_colors_info=&#8221;{}&#8221;][\/et_pb_heading][diec_event_carousel show_venue=&#8221;off&#8221; show_name=&#8221;off&#8221; show_price=&#8221;off&#8221; show_category=&#8221;off&#8221; show_weburl=&#8221;off&#8221; show_detail=&#8221;off&#8221; event_count=&#8221;15&#8243; included_categories=&#8221;14&#8243; _builder_version=&#8221;4.27.4&#8243; _module_preset=&#8221;default&#8221; global_colors_info=&#8221;{}&#8221;][\/diec_event_carousel][\/et_pb_column][\/et_pb_row][\/et_pb_section][et_pb_section fb_built=&#8221;1&#8243; _builder_version=&#8221;4.27.4&#8243; _module_preset=&#8221;default&#8221; global_module=&#8221;250732&#8243; saved_tabs=&#8221;all&#8221; global_colors_info=&#8221;{}&#8221;][et_pb_row _builder_version=&#8221;4.27.4&#8243; _module_preset=&#8221;default&#8221; global_colors_info=&#8221;{}&#8221;][et_pb_column type=&#8221;4_4&#8243; _builder_version=&#8221;4.27.4&#8243; _module_preset=&#8221;default&#8221; global_colors_info=&#8221;{}&#8221;][et_pb_post_nav in_same_term=&#8221;on&#8221; prev_text=&#8221;Article pr\u00e9c\u00e9dent&#8221; next_text=&#8221;Article suivant&#8221; _builder_version=&#8221;4.27.4&#8243; _module_preset=&#8221;default&#8221; global_colors_info=&#8221;{}&#8221;][\/et_pb_post_nav][\/et_pb_column][\/et_pb_row][\/et_pb_section]\n","protected":false},"excerpt":{"rendered":"<p>C\u2019est avec une grande joie que nous vous annon\u00e7ons la mise en vente officielle du tout nouveau livre de St\u00e9fan Th\u00e9riault : \u00ab Le chemin de l\u2019Amour, la pri\u00e8re \u00bb. [&hellip;]<\/p>\n","protected":false},"author":4,"featured_media":257426,"comment_status":"open","ping_status":"open","sticky":false,"template":"","format":"standard","meta":{"_et_pb_use_builder":"on","_et_pb_old_content":"","_et_gb_content_width":"","footnotes":""},"categories":[5,32],"tags":[],"class_list":["post-257420","post","type-post","status-publish","format-standard","has-post-thumbnail","hentry","category-actualites-du-pelerin","category-ecole-priere-et-communion"],"_links":{"self":[{"href":"https:\/\/lepelerin.org\/portail\/wp-json\/wp\/v2\/posts\/257420","targetHints":{"allow":["GET"]}}],"collection":[{"href":"https:\/\/lepelerin.org\/portail\/wp-json\/wp\/v2\/posts"}],"about":[{"href":"https:\/\/lepelerin.org\/portail\/wp-json\/wp\/v2\/types\/post"}],"author":[{"embeddable":true,"href":"https:\/\/lepelerin.org\/portail\/wp-json\/wp\/v2\/users\/4"}],"replies":[{"embeddable":true,"href":"https:\/\/lepelerin.org\/portail\/wp-json\/wp\/v2\/comments?post=257420"}],"version-history":[{"count":6,"href":"https:\/\/lepelerin.org\/portail\/wp-json\/wp\/v2\/posts\/257420\/revisions"}],"predecessor-version":[{"id":257459,"href":"https:\/\/lepelerin.org\/portail\/wp-json\/wp\/v2\/posts\/257420\/revisions\/257459"}],"wp:featuredmedia":[{"embeddable":true,"href":"https:\/\/lepelerin.org\/portail\/wp-json\/wp\/v2\/media\/257426"}],"wp:attachment":[{"href":"https:\/\/lepelerin.org\/portail\/wp-json\/wp\/v2\/media?parent=257420"}],"wp:term":[{"taxonomy":"category","embeddable":true,"href":"https:\/\/lepelerin.org\/portail\/wp-json\/wp\/v2\/categories?post=257420"},{"taxonomy":"post_tag","embeddable":true,"href":"https:\/\/lepelerin.org\/portail\/wp-json\/wp\/v2\/tags?post=257420"}],"curies":[{"name":"wp","href":"https:\/\/api.w.org\/{rel}","templated":true}]}}