{"id":257414,"date":"2026-08-31T14:33:57","date_gmt":"2026-08-31T18:33:57","guid":{"rendered":"https:\/\/lepelerin.org\/portail\/?p=257414"},"modified":"2026-08-31T14:33:59","modified_gmt":"2026-08-31T18:33:59","slug":"en-abondance-editorial-de-septembre-2026","status":"publish","type":"post","link":"https:\/\/lepelerin.org\/portail\/actualites-du-pelerin\/en-abondance-editorial-de-septembre-2026\/","title":{"rendered":"En abondance \u2013 \u00c9ditorial de septembre 2026"},"content":{"rendered":"\n[et_pb_section fb_built=&#8221;1&#8243; _builder_version=&#8221;4.27.4&#8243; _module_preset=&#8221;default&#8221; custom_padding=&#8221;0px|||||&#8221; global_colors_info=&#8221;{}&#8221; theme_builder_area=&#8221;post_content&#8221;][et_pb_row _builder_version=&#8221;4.27.4&#8243; _module_preset=&#8221;default&#8221; global_colors_info=&#8221;{}&#8221; theme_builder_area=&#8221;post_content&#8221;][et_pb_column type=&#8221;4_4&#8243; _builder_version=&#8221;4.27.4&#8243; _module_preset=&#8221;default&#8221; global_colors_info=&#8221;{}&#8221; theme_builder_area=&#8221;post_content&#8221;][et_pb_text module_class=&#8221;custom-bullet&#8221; _builder_version=&#8221;4.27.4&#8243; _module_preset=&#8221;default&#8221; custom_padding=&#8221;||5px|||&#8221; hover_enabled=&#8221;0&#8243; global_colors_info=&#8221;{}&#8221; theme_builder_area=&#8221;post_content&#8221; sticky_enabled=&#8221;0&#8243;]<p>L\u2019an dernier, le P\u00e8lerin a c\u00e9l\u00e9br\u00e9 ses vingt-cinq ans. Messes d\u2019action de gr\u00e2ce, concert, festivit\u00e9s : toute l\u2019ann\u00e9e a \u00e9t\u00e9 rythm\u00e9e par ces rendez-vous qui nous ont permis de mesurer, chaque fois un peu plus, la ferveur et la foi de toutes celles et tous ceux qui portent cette mission depuis un quart de si\u00e8cle. Un an plus tard, \u00e0 l\u2019aube de la nouvelle rentr\u00e9e, cette abondance continue de nous habiter, pleinement. Elle trouve un \u00e9cho dans la parole du Bon Pasteur : <em>Moi, je suis venu pour que les hommes aient la vie, et qu\u2019ils l\u2019aient en abondance<\/em> (Jn 10, 10). Cette parole en rejoint une autre, adress\u00e9e \u00e0 la Samaritaine au bord du puits : <em>Si tu connaissais le don de Dieu\u2026<\/em> (Jn 4, 10). Don et abondance ne sont, au fond, qu\u2019un seul myst\u00e8re : celui d\u2019un Dieu qui se donne le premier \u00e0 nous, en abondance, et qui nous associe, par notre don de soi, \u00e0 l\u2019engendrement de cette m\u00eame abondance au c\u0153ur des vies.<\/p>\n<p>Notre part \u00e0 nous, la bonne part! est de laisser ce don de Dieu devenir source d\u2019une vie engendr\u00e9e au c\u0153ur de celles et ceux que nous c\u00f4toyons. Don du personnel qui assure le fonctionnement au quotidien et permet \u00e0 la mission de tenir le cap. Don des \u00e9tudiants qui se forment \u00e0 l\u2019accueil et \u00e0 la pri\u00e8re pour, demain, engendrer \u00e0 leur tour la vie chez celles et ceux qu\u2019ils accompagneront. Don des accompagnateurs dont la pr\u00e9sence priante, semaine apr\u00e8s semaine, fait na\u00eetre un peu de cette abondance divine dans le c\u0153ur des personnes accompagn\u00e9es. Don des partenaires qui marchent avec nous, confiants en la Providence. Don des donateurs dont la g\u00e9n\u00e9rosit\u00e9 soutient le c\u0153ur et la mission. Par ces dons multipli\u00e9s, l\u2019Esprit engendre, ici et maintenant, ce que le P\u00e8lerin a lui-m\u00eame re\u00e7u de Dieu en abondance.<\/p>\n<p>Cette abondance ne s\u2019accumule pas, elle s\u2019engendre sans cesse. Maurice Zundel le rappelait avec justesse : la vie de Dieu n\u2019est jamais poss\u00e9d\u00e9e, elle est sans cesse donn\u00e9e (Zundel, <em>Quel homme, quel Dieu<\/em>). C\u2019est ce que nous avons v\u00e9cu tout au long de cette ann\u00e9e jubilaire, dans la pri\u00e8re comme dans l\u2019eucharistie partag\u00e9e : rien de ce qui compte vraiment ne s\u2019accumule au P\u00e8lerin. Tout y est re\u00e7u de Dieu, puis redonn\u00e9 de naissance en naissance, formation apr\u00e8s formation, accompagnement apr\u00e8s accompagnement, un peu plus de cette vie divine au c\u0153ur de celles et ceux qui nous sont confi\u00e9s.<\/p>\n<p>En ce d\u00e9but d\u2019ann\u00e9e, je nous souhaite, au nom de toute l\u2019\u00e9quipe du P\u00e8lerin, de demeurer fid\u00e8les \u00e0 ce mouvement : accueillir le don que Dieu fait de lui-m\u00eame, et engendrer, par notre don de soi, cette m\u00eame abondance au c\u0153ur des vies qui nous sont confi\u00e9es. Que l\u2019Esprit saint nous garde disponibles et vigilants \u00e0 cette vie surabondante que le Christ, Bon Pasteur, ne cesse de vouloir donner \u00e0 travers nous. Et Dieu sait qu\u2019il est insistant!<\/p>\n<p><strong>Barbara Martel<\/strong> \u2013 bmartel@lepelerin.org<\/p>[\/et_pb_text][\/et_pb_column][\/et_pb_row][\/et_pb_section][et_pb_section fb_built=&#8221;1&#8243; _builder_version=&#8221;4.27.4&#8243; _module_preset=&#8221;default&#8221; global_colors_info=&#8221;{}&#8221; theme_builder_area=&#8221;post_content&#8221;][et_pb_row _builder_version=&#8221;4.27.4&#8243; _module_preset=&#8221;default&#8221; global_colors_info=&#8221;{}&#8221; theme_builder_area=&#8221;post_content&#8221;][et_pb_column type=&#8221;4_4&#8243; _builder_version=&#8221;4.27.4&#8243; _module_preset=&#8221;default&#8221; global_colors_info=&#8221;{}&#8221; theme_builder_area=&#8221;post_content&#8221;][et_pb_heading title=&#8221;\u00c9v\u00e9nements \u00e0 venir au P\u00e8lerin&#8221; _builder_version=&#8221;4.27.4&#8243; _module_preset=&#8221;7d021552-ee50-41e6-9a48-eee88da621cd&#8221; title_text_align=&#8221;left&#8221; global_colors_info=&#8221;{}&#8221; theme_builder_area=&#8221;post_content&#8221;][\/et_pb_heading][diec_event_carousel show_venue=&#8221;off&#8221; show_name=&#8221;off&#8221; show_price=&#8221;off&#8221; show_category=&#8221;off&#8221; show_weburl=&#8221;off&#8221; show_detail=&#8221;off&#8221; event_count=&#8221;15&#8243; included_categories=&#8221;14&#8243; _builder_version=&#8221;4.27.4&#8243; _module_preset=&#8221;default&#8221; global_colors_info=&#8221;{}&#8221; theme_builder_area=&#8221;post_content&#8221;][\/diec_event_carousel][\/et_pb_column][\/et_pb_row][\/et_pb_section][et_pb_section fb_built=&#8221;1&#8243; _builder_version=&#8221;4.27.4&#8243; _module_preset=&#8221;default&#8221; global_module=&#8221;250732&#8243; saved_tabs=&#8221;all&#8221; global_colors_info=&#8221;{}&#8221; theme_builder_area=&#8221;post_content&#8221;][et_pb_row _builder_version=&#8221;4.27.4&#8243; _module_preset=&#8221;default&#8221; global_colors_info=&#8221;{}&#8221; theme_builder_area=&#8221;post_content&#8221;][et_pb_column type=&#8221;4_4&#8243; _builder_version=&#8221;4.27.4&#8243; _module_preset=&#8221;default&#8221; global_colors_info=&#8221;{}&#8221; theme_builder_area=&#8221;post_content&#8221;][et_pb_post_nav in_same_term=&#8221;on&#8221; prev_text=&#8221;Article pr\u00e9c\u00e9dent&#8221; next_text=&#8221;Article suivant&#8221; _builder_version=&#8221;4.27.4&#8243; _module_preset=&#8221;default&#8221; global_colors_info=&#8221;{}&#8221; theme_builder_area=&#8221;post_content&#8221;][\/et_pb_post_nav][\/et_pb_column][\/et_pb_row][\/et_pb_section]\n","protected":false},"excerpt":{"rendered":"<p>L\u2019an dernier, le P\u00e8lerin a c\u00e9l\u00e9br\u00e9 ses vingt-cinq ans. Messes d\u2019action de gr\u00e2ce, concert, festivit\u00e9s : toute l\u2019ann\u00e9e a \u00e9t\u00e9 rythm\u00e9e par ces rendez-vous qui nous ont permis de mesurer, [&hellip;]<\/p>\n","protected":false},"author":5,"featured_media":257417,"comment_status":"open","ping_status":"open","sticky":false,"template":"","format":"standard","meta":{"_et_pb_use_builder":"on","_et_pb_old_content":"","_et_gb_content_width":"","footnotes":""},"categories":[5,25],"tags":[],"class_list":["post-257414","post","type-post","status-publish","format-standard","has-post-thumbnail","hentry","category-actualites-du-pelerin","category-editoriaux"],"_links":{"self":[{"href":"https:\/\/lepelerin.org\/portail\/wp-json\/wp\/v2\/posts\/257414","targetHints":{"allow":["GET"]}}],"collection":[{"href":"https:\/\/lepelerin.org\/portail\/wp-json\/wp\/v2\/posts"}],"about":[{"href":"https:\/\/lepelerin.org\/portail\/wp-json\/wp\/v2\/types\/post"}],"author":[{"embeddable":true,"href":"https:\/\/lepelerin.org\/portail\/wp-json\/wp\/v2\/users\/5"}],"replies":[{"embeddable":true,"href":"https:\/\/lepelerin.org\/portail\/wp-json\/wp\/v2\/comments?post=257414"}],"version-history":[{"count":4,"href":"https:\/\/lepelerin.org\/portail\/wp-json\/wp\/v2\/posts\/257414\/revisions"}],"predecessor-version":[{"id":257419,"href":"https:\/\/lepelerin.org\/portail\/wp-json\/wp\/v2\/posts\/257414\/revisions\/257419"}],"wp:featuredmedia":[{"embeddable":true,"href":"https:\/\/lepelerin.org\/portail\/wp-json\/wp\/v2\/media\/257417"}],"wp:attachment":[{"href":"https:\/\/lepelerin.org\/portail\/wp-json\/wp\/v2\/media?parent=257414"}],"wp:term":[{"taxonomy":"category","embeddable":true,"href":"https:\/\/lepelerin.org\/portail\/wp-json\/wp\/v2\/categories?post=257414"},{"taxonomy":"post_tag","embeddable":true,"href":"https:\/\/lepelerin.org\/portail\/wp-json\/wp\/v2\/tags?post=257414"}],"curies":[{"name":"wp","href":"https:\/\/api.w.org\/{rel}","templated":true}]}}