{"id":257402,"date":"2026-08-31T12:17:07","date_gmt":"2026-08-31T16:17:07","guid":{"rendered":"https:\/\/lepelerin.org\/portail\/?p=257402"},"modified":"2026-08-31T12:17:08","modified_gmt":"2026-08-31T16:17:08","slug":"gouter-ce-qui-nous-nourrit-spirituellement","status":"publish","type":"post","link":"https:\/\/lepelerin.org\/portail\/communautes-du-pelerin\/gouter-ce-qui-nous-nourrit-spirituellement\/","title":{"rendered":"Go\u00fbter ce qui nous nourrit spirituellement"},"content":{"rendered":"\n[et_pb_section fb_built=&#8221;1&#8243; _builder_version=&#8221;4.27.4&#8243; _module_preset=&#8221;default&#8221; custom_padding=&#8221;0px||0px|||&#8221; global_colors_info=&#8221;{}&#8221; theme_builder_area=&#8221;post_content&#8221;][et_pb_row _builder_version=&#8221;4.27.4&#8243; _module_preset=&#8221;default&#8221; global_colors_info=&#8221;{}&#8221; theme_builder_area=&#8221;post_content&#8221;][et_pb_column type=&#8221;4_4&#8243; _builder_version=&#8221;4.27.4&#8243; _module_preset=&#8221;default&#8221; global_colors_info=&#8221;{}&#8221; theme_builder_area=&#8221;post_content&#8221;][et_pb_text module_class=&#8221;custom-bullet&#8221; _builder_version=&#8221;4.27.4&#8243; _module_preset=&#8221;default&#8221; hover_enabled=&#8221;0&#8243; global_colors_info=&#8221;{}&#8221; theme_builder_area=&#8221;post_content&#8221; sticky_enabled=&#8221;0&#8243;]<p>Le th\u00e8me de la saison derni\u00e8re des <a href=\"https:\/\/lepelerin.org\/portail\/communautes\/les-communautes-du-pelerin\">Communaut\u00e9s du P\u00e8lerin<\/a> (CdP) \u00e9tait \u00ab Viens, deviens chemin d\u2019\u00c9vangile \u00bb. Un objectif pratiquement sans fin, comme nous l\u2019a mentionn\u00e9 le fr\u00e8re Andr\u00e9 Gauthier de l\u2019Abbaye Val Notre-Dame, lors des retraites de juin et juillet derniers.<\/p>\n<p>Tout au long de l\u2019ann\u00e9e, nous avons abord\u00e9 des sujets comme les dons et les charismes, la mission et l\u2019identit\u00e9 spirituelle. C\u2019est en cherchant \u00e0 bien nous approprier ces sujets que nous avons d\u00e9couvert un essentiel qui est celui d\u2019un lien intime avec l\u2019Esprit. C\u2019est d\u2019ailleurs ce que les membres des CdP et quelques personnes en externes ont d\u00e9couvert lors de la retraite de fin de saison, dans le cadre du 25e du Centre Le P\u00e8lerin.<\/p>\n<p>En effet, bien que notre bonne volont\u00e9 et notre d\u00e9sir de parvenir \u00e0 une intimit\u00e9 avec l\u2019Esprit nous habitent, nous avons constat\u00e9 que la t\u00e2che \u00e9tait bien difficile. C\u2019est dans ce contexte que s\u2019inscrit la suite de notre d\u00e9marche pour cette ann\u00e9e, afin de devenir de plus en plus disciple du Christ.<\/p>\n<p>Un des premiers pas sera de d\u00e9velopper l\u2019\u00e9coute de l\u2019Esprit en nous. Cela peut prendre plusieurs formes, comme la pri\u00e8re, des temps de silence, la m\u00e9ditation quotidienne, et bien d\u2019autres. Toutefois, pour y parvenir, il est imp\u00e9ratif de nous nourrir aussi de la Parole. Oui, la Parole de l\u2019\u00c9vangile est la nourriture que notre esprit et notre \u00e2me ont besoin enfin de se tenir debout dans notre monde soutenu par l\u2019Esprit et porter les \u00e9v\u00e8nements du quotidien avec sa force et sa sagesse.<\/p>\n<p>Comme chr\u00e9tien(e), cela devrait assur\u00e9ment produire plus de libert\u00e9 dans la cr\u00e9ativit\u00e9 de notre r\u00e9ponse \u00e0 notre monde en transformation. Nous poursuivrons donc notre cheminement cette ann\u00e9e avec le th\u00e8me suivant\u00a0: \u00ab <strong>Viens te nourrir de la Parole et go\u00fbter la libert\u00e9<\/strong> \u00bb.<\/p>\n<p>Nous sommes bien conscients que d\u2019autres pas suivront notre d\u00e9marche de cette ann\u00e9e. \u00catre disciple du Christ est une adh\u00e9sion \u00e0 la nature de ce qu\u2019Il est et cela est un programme de longue dur\u00e9e. De plus, cela passe in\u00e9vitablement par la d\u00e9couverte de ce que nous sommes et de notre impuissance \u00e0 changer sans l\u2019aide de l\u2019Esprit.<\/p>\n<p>Une des fondatrices des Communaut\u00e9s du P\u00e8lerin, Mme Christiane Rochefort, nous disait en septembre 2007 de nous laisser fa\u00e7onner le c\u0153ur par Dieu et de go\u00fbter la joie de sa pr\u00e9sence. Elle avait d\u00e9couvert que nous devions nous arr\u00eater pour nous regarder vivre, afin de devenir par la suite, don pour l\u2019autre. Elle insistait sur le fait de nous laisser transformer et devenir nous aussi parole pour l\u2019autre, comme le Christ l\u2019a \u00e9t\u00e9.<\/p>\n<p>La bonne nouvelle, c\u2019est que J\u00e9sus a fait cette promesse \u00e0 ses Ap\u00f4tres et forc\u00e9ment \u00e0 toute personne d\u00e9sireuse de devenir son disciple. <em>\u00ab Je ne vous laisserai pas orphelins\u00a0; je vous donne mon Esprit, et il fera route avec vous. \u00bb.<\/em><\/p>\n<p>Nous sommes dans l\u2019esp\u00e9rance qu\u2019un jour on pourra dire de nous que nous sommes des t\u00e9moins de ce J\u00e9sus de l\u2019\u00c9vangile et, comme Lui nous laissons passer la Vie dans tout ce que nous faisons.<\/p>\n<p>Voil\u00e0 le programme que la CdP s\u2019est donn\u00e9 en ce d\u00e9but de saison 2026-2027. Nous vous offrons la possibilit\u00e9 de vous joindre \u00e0 l\u2019une des CdP \u00e0 Montr\u00e9al, Laval, Longueuil et Saint-J\u00e9r\u00f4me pour vous nourrir de la Parole et go\u00fbter la libert\u00e9.<\/p>\n<p>Au nom de tous les membres de la Communaut\u00e9 du P\u00e8lerin, nous esp\u00e9rons avoir le plaisir de vous y accueillir.<\/p>\n<p><strong>Martial Brassard<\/strong>, R\u00e9pondant des Communaut\u00e9s du P\u00e8lerin<\/p>[\/et_pb_text][\/et_pb_column][\/et_pb_row][et_pb_row _builder_version=&#8221;4.27.4&#8243; _module_preset=&#8221;default&#8221; global_colors_info=&#8221;{}&#8221; theme_builder_area=&#8221;post_content&#8221;][et_pb_column type=&#8221;4_4&#8243; _builder_version=&#8221;4.27.4&#8243; _module_preset=&#8221;default&#8221; global_colors_info=&#8221;{}&#8221; theme_builder_area=&#8221;post_content&#8221;][et_pb_heading title=&#8221;\u00c0 propos des Communaut\u00e9s du P\u00e8lerin&#8221; _builder_version=&#8221;4.27.4&#8243; _module_preset=&#8221;default&#8221; title_text_align=&#8221;left&#8221; title_font_size=&#8221;26px&#8221; global_colors_info=&#8221;{}&#8221; theme_builder_area=&#8221;post_content&#8221;][\/et_pb_heading][et_pb_text _builder_version=&#8221;4.27.4&#8243; _module_preset=&#8221;default&#8221; hover_enabled=&#8221;0&#8243; global_colors_info=&#8221;{}&#8221; theme_builder_area=&#8221;post_content&#8221; sticky_enabled=&#8221;0&#8243;]<p>Les Communaut\u00e9s du P\u00e8lerin rassemblent des personnes en qu\u00eate de croissance humaine et spirituelle. Fond\u00e9es sur l\u2019\u00e9coute bienveillante et la pr\u00e9sence de l\u2019\u00catre-Parole en chacun(e), elles offrent un espace pour avancer ensemble dans la foi et la vie int\u00e9rieure. Nos communaut\u00e9s proposent une v\u00e9ritable exp\u00e9rience d\u2019\u00c9glise de l\u2019accompagnement et de la Parole de Dieu. Chaque membre est invit\u00e9 \u00e0 entrer dans des relations profondes et signifiantes, nourries par la confiance et l\u2019\u00e9change authentique. Les rencontres mensuelles, les retraites, les p\u00e8lerinages et les groupes de partage sont autant d\u2019occasions de nourrir sa vie spirituelle. La Parole de Dieu y tient une place centrale, invitant chacun \u00e0 l\u2019accueillir et \u00e0 en t\u00e9moigner dans sa vie quotidienne.<\/p>\n<p><span style=\"text-decoration: underline;\"><a href=\"https:\/\/lepelerin.org\/portail\/wp-content\/uploads\/2026\/08\/CDP-date_des_rencontres_2026-2027.pdf\">T\u00e9l\u00e9charger le calendrier des rencontres de la saison 2026-2027 &gt;<\/a><\/span><\/p>\n<p><span style=\"text-decoration: underline;\"><a href=\"https:\/\/lepelerin.org\/portail\/communautes\/les-communautes-du-pelerin\/\">En savoir plus et joindre les Communaut\u00e9s du P\u00e8lerin &gt;\u00a0<\/a><\/span><\/p>[\/et_pb_text][\/et_pb_column][\/et_pb_row][\/et_pb_section][et_pb_section fb_built=&#8221;1&#8243; _builder_version=&#8221;4.27.4&#8243; _module_preset=&#8221;default&#8221; custom_margin=&#8221;40px|||||&#8221; custom_padding=&#8221;0px|||||&#8221; hover_enabled=&#8221;0&#8243; global_colors_info=&#8221;{}&#8221; theme_builder_area=&#8221;post_content&#8221; disabled_on=&#8221;on|on|on&#8221; disabled=&#8221;on&#8221; sticky_enabled=&#8221;0&#8243;][et_pb_row _builder_version=&#8221;4.27.4&#8243; _module_preset=&#8221;default&#8221; global_colors_info=&#8221;{}&#8221; theme_builder_area=&#8221;post_content&#8221;][et_pb_column type=&#8221;4_4&#8243; _builder_version=&#8221;4.27.4&#8243; _module_preset=&#8221;default&#8221; global_colors_info=&#8221;{}&#8221; theme_builder_area=&#8221;post_content&#8221;][et_pb_heading title=&#8221;\u00c9v\u00e9nements \u00e0 venir pour les Communaut\u00e9s du P\u00e8lerin&#8221; _builder_version=&#8221;4.27.4&#8243; _module_preset=&#8221;7d021552-ee50-41e6-9a48-eee88da621cd&#8221; title_text_align=&#8221;left&#8221; title_font_size=&#8221;26px&#8221; global_colors_info=&#8221;{}&#8221; theme_builder_area=&#8221;post_content&#8221;][\/et_pb_heading][diec_event_carousel show_venue=&#8221;off&#8221; show_name=&#8221;off&#8221; show_price=&#8221;off&#8221; show_category=&#8221;off&#8221; show_weburl=&#8221;off&#8221; show_detail=&#8221;off&#8221; included_categories=&#8221;20&#8243; _builder_version=&#8221;4.27.4&#8243; _module_preset=&#8221;default&#8221; global_colors_info=&#8221;{}&#8221; theme_builder_area=&#8221;post_content&#8221;][\/diec_event_carousel][\/et_pb_column][\/et_pb_row][\/et_pb_section][et_pb_section fb_built=&#8221;1&#8243; _builder_version=&#8221;4.27.4&#8243; _module_preset=&#8221;default&#8221; global_module=&#8221;250732&#8243; saved_tabs=&#8221;all&#8221; global_colors_info=&#8221;{}&#8221; theme_builder_area=&#8221;post_content&#8221;][et_pb_row _builder_version=&#8221;4.27.4&#8243; _module_preset=&#8221;default&#8221; global_colors_info=&#8221;{}&#8221; theme_builder_area=&#8221;post_content&#8221;][et_pb_column type=&#8221;4_4&#8243; _builder_version=&#8221;4.27.4&#8243; _module_preset=&#8221;default&#8221; global_colors_info=&#8221;{}&#8221; theme_builder_area=&#8221;post_content&#8221;][et_pb_post_nav in_same_term=&#8221;on&#8221; prev_text=&#8221;Article pr\u00e9c\u00e9dent&#8221; next_text=&#8221;Article suivant&#8221; _builder_version=&#8221;4.27.4&#8243; _module_preset=&#8221;default&#8221; global_colors_info=&#8221;{}&#8221; theme_builder_area=&#8221;post_content&#8221;][\/et_pb_post_nav][\/et_pb_column][\/et_pb_row][\/et_pb_section]\n","protected":false},"excerpt":{"rendered":"<p>Le th\u00e8me de la saison derni\u00e8re des Communaut\u00e9s du P\u00e8lerin (CdP) \u00e9tait \u00ab Viens, deviens chemin d\u2019\u00c9vangile \u00bb. Un objectif pratiquement sans fin, comme nous l\u2019a mentionn\u00e9 le fr\u00e8re Andr\u00e9 Gauthier de l\u2019Abbaye Val Notre-Dame, lors des retraites de juin et juillet derniers&#8230;<\/p>\n","protected":false},"author":9,"featured_media":257411,"comment_status":"open","ping_status":"open","sticky":false,"template":"","format":"standard","meta":{"_et_pb_use_builder":"on","_et_pb_old_content":"","_et_gb_content_width":"","footnotes":""},"categories":[26,5],"tags":[],"class_list":["post-257402","post","type-post","status-publish","format-standard","has-post-thumbnail","hentry","category-communautes-du-pelerin","category-actualites-du-pelerin"],"_links":{"self":[{"href":"https:\/\/lepelerin.org\/portail\/wp-json\/wp\/v2\/posts\/257402","targetHints":{"allow":["GET"]}}],"collection":[{"href":"https:\/\/lepelerin.org\/portail\/wp-json\/wp\/v2\/posts"}],"about":[{"href":"https:\/\/lepelerin.org\/portail\/wp-json\/wp\/v2\/types\/post"}],"author":[{"embeddable":true,"href":"https:\/\/lepelerin.org\/portail\/wp-json\/wp\/v2\/users\/9"}],"replies":[{"embeddable":true,"href":"https:\/\/lepelerin.org\/portail\/wp-json\/wp\/v2\/comments?post=257402"}],"version-history":[{"count":7,"href":"https:\/\/lepelerin.org\/portail\/wp-json\/wp\/v2\/posts\/257402\/revisions"}],"predecessor-version":[{"id":257413,"href":"https:\/\/lepelerin.org\/portail\/wp-json\/wp\/v2\/posts\/257402\/revisions\/257413"}],"wp:featuredmedia":[{"embeddable":true,"href":"https:\/\/lepelerin.org\/portail\/wp-json\/wp\/v2\/media\/257411"}],"wp:attachment":[{"href":"https:\/\/lepelerin.org\/portail\/wp-json\/wp\/v2\/media?parent=257402"}],"wp:term":[{"taxonomy":"category","embeddable":true,"href":"https:\/\/lepelerin.org\/portail\/wp-json\/wp\/v2\/categories?post=257402"},{"taxonomy":"post_tag","embeddable":true,"href":"https:\/\/lepelerin.org\/portail\/wp-json\/wp\/v2\/tags?post=257402"}],"curies":[{"name":"wp","href":"https:\/\/api.w.org\/{rel}","templated":true}]}}