{"id":256543,"date":"2026-05-01T10:51:05","date_gmt":"2026-05-01T14:51:05","guid":{"rendered":"https:\/\/lepelerin.org\/portail\/?p=256543"},"modified":"2026-05-01T10:51:43","modified_gmt":"2026-05-01T14:51:43","slug":"gratitude-et-resistance","status":"publish","type":"post","link":"https:\/\/lepelerin.org\/portail\/actualites-du-pelerin\/gratitude-et-resistance\/","title":{"rendered":"La gratitude et la r\u00e9sistance\u00a0\u2013 \u00c9ditorial de mai 2026"},"content":{"rendered":"\n[et_pb_section fb_built=&#8221;1&#8243; _builder_version=&#8221;4.27.4&#8243; _module_preset=&#8221;default&#8221; custom_padding=&#8221;0px|||||&#8221; global_colors_info=&#8221;{}&#8221;][et_pb_row _builder_version=&#8221;4.27.4&#8243; _module_preset=&#8221;default&#8221; global_colors_info=&#8221;{}&#8221;][et_pb_column type=&#8221;4_4&#8243; _builder_version=&#8221;4.27.4&#8243; _module_preset=&#8221;default&#8221; global_colors_info=&#8221;{}&#8221;][et_pb_text module_class=&#8221;custom-bullet&#8221; _builder_version=&#8221;4.27.4&#8243; _module_preset=&#8221;default&#8221; custom_padding=&#8221;||5px|||&#8221; global_colors_info=&#8221;{}&#8221;]<p>Au terme d\u2019une ann\u00e9e de r\u00e9flexion, d\u2019\u00e9merveillement et de c\u00e9l\u00e9bration des 25 ans pass\u00e9s et \u00e0 venir du centre le P\u00e8lerin, avec quoi repartons-nous ? De cette mission si f\u00e9conde et unique d\u2019accompagner le vivant de la Parole qui se donne pour changer le monde, une personne \u00e0 la fois, qu\u2019avons-nous puis\u00e9 ?<\/p>\n<p>En contemplant, cette ann\u00e9e si riche par ses r\u00e9alisations et ses promesses, si attentive et pertinente aux besoins de ce monde d\u00e9chir\u00e9, si festive et confiante pour la p\u00e9rennit\u00e9, qu\u2019entendons-nous comme louange et qu\u2019\u00e9coutons-nous comme cri ?<\/p>\n<p>Cette ann\u00e9e, nous avons c\u00e9l\u00e9br\u00e9 et incarn\u00e9 le positionnement audacieux du P\u00e8lerin qui avance confiant sur la ligne de cr\u00eate d\u2019un monde divis\u00e9 o\u00f9 la violence est loi et la mort d\u2019un enfant ne fait plus gu\u00e8re sourciller. Sur la ligne de cr\u00eate de soci\u00e9t\u00e9s o\u00f9 la la\u00efcit\u00e9 drap\u00e9e de progr\u00e8s et de respect rapetisse la vie religieuse et spirituelle pour la faire co\u00efncider avec l\u2019\u00e9sot\u00e9risme, la croissance personnelle et l\u2019illusion de se sauver soi-m\u00eame. Sur la ligne de cr\u00eate de l\u2019\u00e9puisement, du d\u00e9sarroi et de la d\u00e9tresse des contemporains \u00e9vid\u00e9s de toute source de foi et de joie jusqu\u2019au d\u00e9sir de mourir pour ne plus \u00eatre fardeau, pour ne plus se supporter soi-m\u00eame. Devant et dedans cette d\u00e9solation, le P\u00e8lerin demeure, grandit, foisonne avec ses propositions contre-intuitives. Ses propositions de formations longues, ses r\u00e9ponses d\u2019accompagner avec l\u2019attention du Souffle et la tendresse du P\u00e8re et d\u2019appels \u00e0 donner sa vie pour ce monde qui la d\u00e9valorise. \u00c0 cette d\u00e9solation, le P\u00e8lerin offre une r\u00e9sistance dont la puissance r\u00e9side dans la fragilit\u00e9 des oui donn\u00e9s, dont la libert\u00e9 s\u2019ancre dans un Crucifi\u00e9 de plus en plus oubli\u00e9, dont la v\u00e9rit\u00e9 fait na\u00eetre \u00e0 leur identit\u00e9 filiale tant de personnes souvent si \u00e9loign\u00e9es de la foi, depuis vingt-cinq ann\u00e9es.<\/p>\n<p>Positionnement audacieux et, parfois co\u00fbteux pour cette mission qui, contre vents et mar\u00e9es, garde le cap; pour cette mission qui apaise les temp\u00eates, pacifient les c\u0153urs ouverts et sacr\u00e9s. Et quel est le secret de cette fragilit\u00e9 si forte, ne vivant que par la bont\u00e9 et le don, se fiant \u00e0 la Providence qui lui chuchote les directions ? La gratitude.<\/p>\n<p>Jean-Claude Ravet La nuit et l\u2019aube, 2024, p. 169) rappelait \u00e0 ce propos :<\/p>\n<blockquote>\n<p><em>Au tragique du monde rendu incapable de remercier, la gratitude insuffle la r\u00e9sistance. En tant que oui inconditionnel \u00e0 la vie, elle induit un non cat\u00e9gorique \u00e0 ce qui l\u2019humilie, la d\u00e9grade, l\u2019avilit, aux antipodes d\u2019un oui conformiste \u00e0 l\u2019air du temps. Elle s\u2019exprime tout enti\u00e8re avec le refus de pactiser avec les forces de mort. La gratitude se m\u00eale sans dissonance aux cris et aux pleurs, et appelle \u00e0 la pers\u00e9v\u00e9rance. Elle maintient ouvert le chemin de la vie, entre autres en c\u00e9l\u00e9brant \u00e0 la puissance de la naissance et en attisant l\u2019\u00e9tincelle de l\u2019esp\u00e9rance, qui guide dans la nuit noire et le d\u00e9sert vers des oasis pr\u00e9cieuses : lenteur, attention, tendresse, entraide, dialogue avec les vivants et les morts.<\/em><\/p>\n<\/blockquote>\n<p>Devant ces mots charg\u00e9s de v\u00e9rit\u00e9 et du souci port\u00e9s pleinement par la mission du P\u00e8lerin, nous ne pouvons r\u00e9sister \u00e0 rendre gr\u00e2ce. Merci \u00e0 l\u2019Esprit, merci \u00e0 l\u2019\u00e9lan port\u00e9 \u00e0 bout de bras par les communaut\u00e9s religieuses certaines depuis 25 ans, merci aux personnes qui ont fait don de leur vie pour cette mission si folle et vitale dont St\u00e9fan et toute l\u2019\u00e9quipe, merci enfin \u00e0 vous qui nous lisez, nous accompagnez par vos pri\u00e8res, par vos gestes, merci pour votre esp\u00e9rance coriace et sublime en le P\u00e8lerin. Que Dieu vous b\u00e9nisse et continue de nous pr\u00e9c\u00e9der vers cet autre quart de si\u00e8cle qui nous attend et tr\u00e9pigne impatiemment!<\/p>\n<p><strong>Barbara Martel<\/strong> \u2013 bmartel@lepelerin.org<\/p>[\/et_pb_text][\/et_pb_column][\/et_pb_row][et_pb_row _builder_version=&#8221;4.27.4&#8243; _module_preset=&#8221;default&#8221; custom_padding=&#8221;||6px|||&#8221; global_colors_info=&#8221;{}&#8221;][et_pb_column type=&#8221;4_4&#8243; _builder_version=&#8221;4.27.4&#8243; _module_preset=&#8221;default&#8221; global_colors_info=&#8221;{}&#8221;][et_pb_heading title=&#8221;Joignez-vous \u00e0 nous le 23 mai pour la messe d&#8217;action de gr\u00e2ce&#8221; _builder_version=&#8221;4.27.4&#8243; _module_preset=&#8221;default&#8221; title_text_align=&#8221;left&#8221; title_font_size=&#8221;26px&#8221; hover_enabled=&#8221;0&#8243; global_colors_info=&#8221;{}&#8221; sticky_enabled=&#8221;0&#8243;][\/et_pb_heading][\/et_pb_column][\/et_pb_row][et_pb_row _builder_version=&#8221;4.27.4&#8243; _module_preset=&#8221;default&#8221; custom_padding=&#8221;0px||15px|||&#8221; locked=&#8221;off&#8221; global_colors_info=&#8221;{}&#8221;][et_pb_column type=&#8221;4_4&#8243; _builder_version=&#8221;4.27.4&#8243; _module_preset=&#8221;default&#8221; global_colors_info=&#8221;{}&#8221;][et_pb_text _builder_version=&#8221;4.27.4&#8243; _module_preset=&#8221;default&#8221; hover_enabled=&#8221;0&#8243; global_colors_info=&#8221;{}&#8221; sticky_enabled=&#8221;0&#8243;]Pour conclure les c\u00e9l\u00e9brations de son 25<sup>e<\/sup> anniversaire, le Centre le P\u00e8lerin vous invite \u00e0 une <strong>messe d\u2019action de gr\u00e2ce pr\u00e9sid\u00e9e par Mgr Christian L\u00e9pine<\/strong> \u00e0 la crypte de l\u2019Oratoire Saint Joseph. Apr\u00e8s la c\u00e9l\u00e9bration, un pique nique fraternel aura lieu dans une atmosph\u00e8re simple et conviviale.\n\nVous ne pouvez y \u00eatre ? La messe sera diffus\u00e9e en direct sur Youtube !\n\n<a href=\"https:\/\/lepelerin.org\/portail\/evenement\/messe-action-grace-mgr-lepine\/\"><strong>En savoir plus<\/strong><\/a>[\/et_pb_text][\/et_pb_column][\/et_pb_row][\/et_pb_section][et_pb_section fb_built=&#8221;1&#8243; _builder_version=&#8221;4.27.4&#8243; _module_preset=&#8221;default&#8221; global_colors_info=&#8221;{}&#8221;][et_pb_row _builder_version=&#8221;4.27.4&#8243; _module_preset=&#8221;default&#8221; global_colors_info=&#8221;{}&#8221;][et_pb_column type=&#8221;4_4&#8243; _builder_version=&#8221;4.27.4&#8243; _module_preset=&#8221;default&#8221; global_colors_info=&#8221;{}&#8221;][et_pb_heading title=&#8221;\u00c9v\u00e9nements \u00e0 venir au P\u00e8lerin&#8221; _builder_version=&#8221;4.27.4&#8243; _module_preset=&#8221;7d021552-ee50-41e6-9a48-eee88da621cd&#8221; title_text_align=&#8221;left&#8221; global_colors_info=&#8221;{}&#8221;][\/et_pb_heading][diec_event_carousel show_venue=&#8221;off&#8221; show_name=&#8221;off&#8221; show_price=&#8221;off&#8221; show_category=&#8221;off&#8221; show_weburl=&#8221;off&#8221; show_detail=&#8221;off&#8221; event_count=&#8221;15&#8243; included_categories=&#8221;14&#8243; _builder_version=&#8221;4.27.4&#8243; _module_preset=&#8221;default&#8221; global_colors_info=&#8221;{}&#8221;][\/diec_event_carousel][\/et_pb_column][\/et_pb_row][\/et_pb_section][et_pb_section fb_built=&#8221;1&#8243; _builder_version=&#8221;4.27.4&#8243; _module_preset=&#8221;default&#8221; global_module=&#8221;250732&#8243; saved_tabs=&#8221;all&#8221; global_colors_info=&#8221;{}&#8221;][et_pb_row _builder_version=&#8221;4.27.4&#8243; _module_preset=&#8221;default&#8221; global_colors_info=&#8221;{}&#8221;][et_pb_column type=&#8221;4_4&#8243; _builder_version=&#8221;4.27.4&#8243; _module_preset=&#8221;default&#8221; global_colors_info=&#8221;{}&#8221;][et_pb_post_nav in_same_term=&#8221;on&#8221; prev_text=&#8221;Article pr\u00e9c\u00e9dent&#8221; next_text=&#8221;Article suivant&#8221; _builder_version=&#8221;4.27.4&#8243; _module_preset=&#8221;default&#8221; global_colors_info=&#8221;{}&#8221;][\/et_pb_post_nav][\/et_pb_column][\/et_pb_row][\/et_pb_section]\n","protected":false},"excerpt":{"rendered":"<p>\u00ab Au tragique du monde rendu incapable de remercier, la gratitude insuffle la r\u00e9sistance. \u00bb Alors que nous c\u00e9l\u00e9brons 25 ans de mission, cet \u00e9ditorial pose un regard lucide et audacieux sur notre monde. D\u00e9couvrez comment Le P\u00e8lerin choisit de r\u00e9pondre \u00e0 la d\u00e9solation par la tendresse, le souffle et une esp\u00e9rance \u00ab coriace et sublime \u00bb.<\/p>\n","protected":false},"author":5,"featured_media":256557,"comment_status":"open","ping_status":"open","sticky":false,"template":"","format":"standard","meta":{"_et_pb_use_builder":"on","_et_pb_old_content":"","_et_gb_content_width":"","footnotes":""},"categories":[5,25],"tags":[],"class_list":["post-256543","post","type-post","status-publish","format-standard","has-post-thumbnail","hentry","category-actualites-du-pelerin","category-editoriaux"],"_links":{"self":[{"href":"https:\/\/lepelerin.org\/portail\/wp-json\/wp\/v2\/posts\/256543","targetHints":{"allow":["GET"]}}],"collection":[{"href":"https:\/\/lepelerin.org\/portail\/wp-json\/wp\/v2\/posts"}],"about":[{"href":"https:\/\/lepelerin.org\/portail\/wp-json\/wp\/v2\/types\/post"}],"author":[{"embeddable":true,"href":"https:\/\/lepelerin.org\/portail\/wp-json\/wp\/v2\/users\/5"}],"replies":[{"embeddable":true,"href":"https:\/\/lepelerin.org\/portail\/wp-json\/wp\/v2\/comments?post=256543"}],"version-history":[{"count":11,"href":"https:\/\/lepelerin.org\/portail\/wp-json\/wp\/v2\/posts\/256543\/revisions"}],"predecessor-version":[{"id":256559,"href":"https:\/\/lepelerin.org\/portail\/wp-json\/wp\/v2\/posts\/256543\/revisions\/256559"}],"wp:featuredmedia":[{"embeddable":true,"href":"https:\/\/lepelerin.org\/portail\/wp-json\/wp\/v2\/media\/256557"}],"wp:attachment":[{"href":"https:\/\/lepelerin.org\/portail\/wp-json\/wp\/v2\/media?parent=256543"}],"wp:term":[{"taxonomy":"category","embeddable":true,"href":"https:\/\/lepelerin.org\/portail\/wp-json\/wp\/v2\/categories?post=256543"},{"taxonomy":"post_tag","embeddable":true,"href":"https:\/\/lepelerin.org\/portail\/wp-json\/wp\/v2\/tags?post=256543"}],"curies":[{"name":"wp","href":"https:\/\/api.w.org\/{rel}","templated":true}]}}