{"id":256538,"date":"2026-05-01T09:37:01","date_gmt":"2026-05-01T13:37:01","guid":{"rendered":"https:\/\/lepelerin.org\/portail\/?p=256538"},"modified":"2026-05-01T09:37:02","modified_gmt":"2026-05-01T13:37:02","slug":"emmaus-eveil-ministere-interieur","status":"publish","type":"post","link":"https:\/\/lepelerin.org\/portail\/evangelisation-des-profondeurs\/emmaus-eveil-ministere-interieur\/","title":{"rendered":"Emma\u00fcs ou l&#8217;\u00e9veil du minist\u00e8re int\u00e9rieur\u00a0\u2013 \u00c9vang\u00e9lisation des profondeurs"},"content":{"rendered":"<p>[et_pb_section fb_built=&#8221;1&#8243; _builder_version=&#8221;4.27.4&#8243; _module_preset=&#8221;default&#8221; custom_padding=&#8221;0px||0px|||&#8221; global_colors_info=&#8221;{}&#8221; theme_builder_area=&#8221;post_content&#8221;][et_pb_row _builder_version=&#8221;4.27.4&#8243; _module_preset=&#8221;default&#8221; global_colors_info=&#8221;{}&#8221; theme_builder_area=&#8221;post_content&#8221;][et_pb_column type=&#8221;4_4&#8243; _builder_version=&#8221;4.27.4&#8243; _module_preset=&#8221;default&#8221; global_colors_info=&#8221;{}&#8221; theme_builder_area=&#8221;post_content&#8221;][et_pb_text module_class=&#8221;custom-bullet&#8221; _builder_version=&#8221;4.27.4&#8243; _module_preset=&#8221;default&#8221; hover_enabled=&#8221;0&#8243; global_colors_info=&#8221;{}&#8221; theme_builder_area=&#8221;post_content&#8221; sticky_enabled=&#8221;0&#8243;]<\/p>\n<h3><strong>Chemin inattendu, chemin de rencontre, chemin d\u2019accompagnement, chemin de foi, chemin de mission !<\/strong><\/h3>\n<p>Plusieurs \u00e9pisodes rapport\u00e9s par les \u00e9vang\u00e9listes nous font part de rencontres suivant la r\u00e9surrection du Christ qui viennent changer le regard des disciples et leur donner feu au c\u0153ur de leur mission\u2026 \u00ab Marie ! \u00bb, \u00ab jetez \u00e0 la droite de la barque \u00bb, \u00ab La Paix soit avec vous \u00bb, \u00ab Simon m\u2019aimes-tu ? \u00bb et cette belle rencontre sur un chemin de tristesse et de solitude ou le Christ se rend pr\u00e9sent et rompt le pain qui fait dire aux deux disciples\u00a0 : \u00ab nos c\u0153urs n\u2019\u00e9taient ils pas br\u00fblant sur la route pendant qu\u2019Il nous parlait ? \u00bb.<\/p>\n<p>Cette page d\u2019\u00c9vangile a fait couler beaucoup d\u2019encre et a anim\u00e9 la vie spirituelle de tant de personnes.\u00a0 Au c\u0153ur de la d\u00e9marche d\u2019\u00c9vang\u00e9lisation des Profondeurs, l\u2019accompagnement est ce lieu de rencontre et de croissance qui nous permet d\u2019\u00eatre de plus en plus sur notre chemin de f\u00e9condit\u00e9.\u00a0 Cette page d\u2019\u00c9vangile vient donner un sens profond \u00e0 ce moment d\u2019accompagnement.\u00a0 Ce dernier est v\u00e9cu dans la certitude que le Christ et son Esprit sont \u00e0 l\u2019\u0153uvre dans nos vies et que m\u00eame si nous ne le voyons pas toujours ils sont agissant et rassurant.<\/p>\n<p>Lors d\u2019une rencontre de groupe sur cette page \u00e9vang\u00e9lique, des interpellations ont \u00e9t\u00e9 entendues en ces termes : \u00ab \u00e9coute la route qui t\u2019appelle \u00bb, \u00ab l\u2019entends tu ? \u00bb, \u00ab Il accompagne l\u2019autre dans sa condition humaine et il respecte notre rythme \u00bb, \u00ab Cette pr\u00e9sence de l\u2019Esprit qui est \u00e0 l\u2019\u0153uvre dans chacune de nos vies, on ne le devine pas \u00e0 l\u2019avance \u00bb. Tant de perles r\u00e9v\u00e9l\u00e9es \u00e0 l\u2019\u00e9coute de cette page.<\/p>\n<p>En <a href=\"https:\/\/lepelerin.org\/portail\/services\/evangelisation-des-profondeurs\">EDP<\/a>, le minist\u00e8re d\u2019accompagnement est quelque chose d\u2019important qui nous envoie en mission dans la posture de r\u00e9v\u00e9ler la pr\u00e9sence du Christ ressuscit\u00e9 et \u00ab ressuscitant \u00bb et permettre \u00e0 l\u2019accompagn\u00e9 de vivre cette exp\u00e9rience d\u2019Emmaus ou nous sommes chacun appel\u00e9 \u00e0 d\u00e9couvrir le visage du Christ sur nos routes et aussi de reconna\u00eetre le feu qui nous habite et qui nous guide vers la f\u00e9condit\u00e9 de tout ce qui est d\u00e9pos\u00e9 en nous, notre \u00ab minist\u00e8re int\u00e9rieur \u00bb.<\/p>\n<p>Pour terminer j\u2019aimerais citer un passage du livre du Pape Fran\u00e7ois \u00ab le nom de Dieu est mis\u00e9ricorde \u00bb :<\/p>\n<p>\u00ab Plus nous serons conscients de notre mis\u00e8re et de notre p\u00e9ch\u00e9, plus nous sentirons sur nous l\u2019amour et l\u2019infinie mis\u00e9ricorde de Dieu, et serons capable de faire face aux nombreux bless\u00e9s que nous rencontrerons en chemin, avec un regard accueillant et mis\u00e9ricordieux. \u00bb\u00a0 p. 88<\/p>\n<p>Tel est la noble et grande mission qui nous est confi\u00e9e non pas parce que nous sommes meilleur mais parce que nous avons-nous m\u00eame parcouru ce chemin d\u2019Emmaus.\u00a0 C\u2019est une main tendue qui est extension de la main du Christ qui ne cesse de se faire proche de nous.<\/p>\n<p><strong>Richard Cadieux<\/strong> \u2013 Membre de l\u2019\u00e9quipe Unit\u00e9 de la mission<\/p>\n<p>[\/et_pb_text][\/et_pb_column][\/et_pb_row][et_pb_row _builder_version=&#8221;4.27.4&#8243; _module_preset=&#8221;default&#8221; global_colors_info=&#8221;{}&#8221; theme_builder_area=&#8221;post_content&#8221;][et_pb_column type=&#8221;4_4&#8243; _builder_version=&#8221;4.27.4&#8243; _module_preset=&#8221;default&#8221; global_colors_info=&#8221;{}&#8221; theme_builder_area=&#8221;post_content&#8221;][et_pb_heading title=&#8221;\u00c0 propos d&#8217;\u00c9vang\u00e9lisation des profondeurs&#8221; _builder_version=&#8221;4.27.4&#8243; _module_preset=&#8221;default&#8221; title_text_align=&#8221;left&#8221; title_font_size=&#8221;26px&#8221; global_colors_info=&#8221;{}&#8221; theme_builder_area=&#8221;post_content&#8221;][\/et_pb_heading][et_pb_text _builder_version=&#8221;4.27.4&#8243; _module_preset=&#8221;default&#8221; global_colors_info=&#8221;{}&#8221; theme_builder_area=&#8221;post_content&#8221;]<\/p>\n<p>\u00c9vang\u00e9lisation des profondeurs propose un chemin d\u2019incarnation et de vie. \u00c0 travers des <strong>sessions, des groupes de lecture et des temps de ressourcement<\/strong>, nous apprenons \u00e0 ouvrir \u00e0 l\u2019Esprit Saint toute notre histoire, nos relations bless\u00e9es et les \u00e9v\u00e9nements de nos vies. Appuy\u00e9s sur la Parole de Dieu et \u00e9clair\u00e9s par les sciences humaines, nous d\u00e9couvrons qu\u2019\u00ab quels que soient les \u00e9v\u00e9nements, il y a une issue de vie possible \u00bb.<\/p>\n<p>Cette d\u00e9marche <strong>int\u00e8gre toutes les dimensions de la personne<\/strong> \u2013 le corps, la psych\u00e9 et le c\u0153ur profond \u2013 et s\u2019enracine dans <strong>cinq rep\u00e8res de vie<\/strong> : choisir la Vie, accepter notre condition humaine, devenir nous-m\u00eames en Dieu, rechercher l\u2019unit\u00e9 int\u00e9rieure et entrer dans la f\u00e9condit\u00e9 du don.<\/p>\n<p>Convaincus que Dieu initie tout mouvement vers la Vie, nous nous posons dans la libert\u00e9 re\u00e7ue du P\u00e8re, nous accueillons la Vie que le Ressuscit\u00e9 veut faire surgir en nous, et nous ouvrons notre \u00eatre tout entier au souffle cr\u00e9ateur de l\u2019Esprit Saint, lui qui fait toutes choses nouvelles.<\/p>\n<p><a href=\"https:\/\/lepelerin.org\/portail\/services\/evangelisation-des-profondeurs\/\">En savoir plus sur l&#8217;\u00c9vang\u00e9lisation des profondeurs<\/a><\/p>\n<p>[\/et_pb_text][\/et_pb_column][\/et_pb_row][\/et_pb_section][et_pb_section fb_built=&#8221;1&#8243; _builder_version=&#8221;4.27.4&#8243; _module_preset=&#8221;default&#8221; custom_padding=&#8221;0px|||||&#8221; global_colors_info=&#8221;{}&#8221; theme_builder_area=&#8221;post_content&#8221;][et_pb_row _builder_version=&#8221;4.27.4&#8243; _module_preset=&#8221;default&#8221; global_colors_info=&#8221;{}&#8221; theme_builder_area=&#8221;post_content&#8221;][et_pb_column type=&#8221;4_4&#8243; _builder_version=&#8221;4.27.4&#8243; _module_preset=&#8221;default&#8221; global_colors_info=&#8221;{}&#8221; theme_builder_area=&#8221;post_content&#8221;][et_pb_heading title=&#8221;\u00c9v\u00e9nements \u00e0 venir pour \u00c9vang\u00e9lisation des profondeurs&#8221; _builder_version=&#8221;4.27.4&#8243; _module_preset=&#8221;7d021552-ee50-41e6-9a48-eee88da621cd&#8221; title_text_align=&#8221;left&#8221; title_font_size=&#8221;26px&#8221; global_colors_info=&#8221;{}&#8221; theme_builder_area=&#8221;post_content&#8221;][\/et_pb_heading][diec_event_carousel show_venue=&#8221;off&#8221; show_name=&#8221;off&#8221; show_price=&#8221;off&#8221; show_category=&#8221;off&#8221; show_weburl=&#8221;off&#8221; show_detail=&#8221;off&#8221; included_categories=&#8221;19&#8243; _builder_version=&#8221;4.27.4&#8243; _module_preset=&#8221;default&#8221; global_colors_info=&#8221;{}&#8221; theme_builder_area=&#8221;post_content&#8221;][\/diec_event_carousel][\/et_pb_column][\/et_pb_row][\/et_pb_section][et_pb_section fb_built=&#8221;1&#8243; _builder_version=&#8221;4.27.4&#8243; _module_preset=&#8221;default&#8221; global_module=&#8221;250732&#8243; saved_tabs=&#8221;all&#8221; global_colors_info=&#8221;{}&#8221; theme_builder_area=&#8221;post_content&#8221;][et_pb_row _builder_version=&#8221;4.27.4&#8243; _module_preset=&#8221;default&#8221; global_colors_info=&#8221;{}&#8221; theme_builder_area=&#8221;post_content&#8221;][et_pb_column type=&#8221;4_4&#8243; _builder_version=&#8221;4.27.4&#8243; _module_preset=&#8221;default&#8221; global_colors_info=&#8221;{}&#8221; theme_builder_area=&#8221;post_content&#8221;][et_pb_post_nav in_same_term=&#8221;on&#8221; prev_text=&#8221;Article pr\u00e9c\u00e9dent&#8221; next_text=&#8221;Article suivant&#8221; _builder_version=&#8221;4.27.4&#8243; _module_preset=&#8221;default&#8221; global_colors_info=&#8221;{}&#8221; theme_builder_area=&#8221;post_content&#8221;][\/et_pb_post_nav][\/et_pb_column][\/et_pb_row][\/et_pb_section]<\/p>\n","protected":false},"excerpt":{"rendered":"<p>\u00ab Nos c\u0153urs n\u2019\u00e9taient-ils pas br\u00fblants sur la route ? \u00bb \u00c0 l&#8217;image des disciples d&#8217;Emma\u00fcs, l\u2019accompagnement en \u00c9vang\u00e9lisation des Profondeurs est ce lieu de croissance o\u00f9 le Christ se fait proche. D\u00e9couvrez comment cette page d&#8217;\u00c9vangile donne un sens profond \u00e0 notre mission : r\u00e9v\u00e9ler la pr\u00e9sence du Ressuscit\u00e9 sur chacune de nos routes.<\/p>\n","protected":false},"author":17,"featured_media":256541,"comment_status":"open","ping_status":"open","sticky":false,"template":"","format":"standard","meta":{"_et_pb_use_builder":"on","_et_pb_old_content":"","_et_gb_content_width":"","footnotes":""},"categories":[27,5],"tags":[],"class_list":["post-256538","post","type-post","status-publish","format-standard","has-post-thumbnail","hentry","category-evangelisation-des-profondeurs","category-actualites-du-pelerin"],"_links":{"self":[{"href":"https:\/\/lepelerin.org\/portail\/wp-json\/wp\/v2\/posts\/256538","targetHints":{"allow":["GET"]}}],"collection":[{"href":"https:\/\/lepelerin.org\/portail\/wp-json\/wp\/v2\/posts"}],"about":[{"href":"https:\/\/lepelerin.org\/portail\/wp-json\/wp\/v2\/types\/post"}],"author":[{"embeddable":true,"href":"https:\/\/lepelerin.org\/portail\/wp-json\/wp\/v2\/users\/17"}],"replies":[{"embeddable":true,"href":"https:\/\/lepelerin.org\/portail\/wp-json\/wp\/v2\/comments?post=256538"}],"version-history":[{"count":2,"href":"https:\/\/lepelerin.org\/portail\/wp-json\/wp\/v2\/posts\/256538\/revisions"}],"predecessor-version":[{"id":256540,"href":"https:\/\/lepelerin.org\/portail\/wp-json\/wp\/v2\/posts\/256538\/revisions\/256540"}],"wp:featuredmedia":[{"embeddable":true,"href":"https:\/\/lepelerin.org\/portail\/wp-json\/wp\/v2\/media\/256541"}],"wp:attachment":[{"href":"https:\/\/lepelerin.org\/portail\/wp-json\/wp\/v2\/media?parent=256538"}],"wp:term":[{"taxonomy":"category","embeddable":true,"href":"https:\/\/lepelerin.org\/portail\/wp-json\/wp\/v2\/categories?post=256538"},{"taxonomy":"post_tag","embeddable":true,"href":"https:\/\/lepelerin.org\/portail\/wp-json\/wp\/v2\/tags?post=256538"}],"curies":[{"name":"wp","href":"https:\/\/api.w.org\/{rel}","templated":true}]}}