{"id":256529,"date":"2026-05-01T09:07:11","date_gmt":"2026-05-01T13:07:11","guid":{"rendered":"https:\/\/lepelerin.org\/portail\/?p=256529"},"modified":"2026-05-01T09:09:58","modified_gmt":"2026-05-01T13:09:58","slug":"presence-esprit-saint-vie-quotidienne","status":"publish","type":"post","link":"https:\/\/lepelerin.org\/portail\/actualites-du-pelerin\/presence-esprit-saint-vie-quotidienne\/","title":{"rendered":"Un Esprit de V\u00e9rit\u00e9 qui nous accompagne\u00a0\u2013 Les Communaut\u00e9s du P\u00e8lerin"},"content":{"rendered":"\n[et_pb_section fb_built=&#8221;1&#8243; _builder_version=&#8221;4.27.4&#8243; _module_preset=&#8221;default&#8221; custom_padding=&#8221;0px||0px|||&#8221; global_colors_info=&#8221;{}&#8221;][et_pb_row _builder_version=&#8221;4.27.4&#8243; _module_preset=&#8221;default&#8221; global_colors_info=&#8221;{}&#8221;][et_pb_column type=&#8221;4_4&#8243; _builder_version=&#8221;4.27.4&#8243; _module_preset=&#8221;default&#8221; global_colors_info=&#8221;{}&#8221;][et_pb_text module_class=&#8221;custom-bullet&#8221; _builder_version=&#8221;4.27.4&#8243; _module_preset=&#8221;default&#8221; global_colors_info=&#8221;{}&#8221;]<p>Nous approchons les trente jours de la r\u00e9surrection du Christ. Les membres des <a href=\"https:\/\/lepelerin.org\/portail\/communautes\/les-communautes-du-pelerin\">Communaut\u00e9s du P\u00e8lerin<\/a> (CdP) sont en attente de ce que le Seigneur a promis \u00e0 ses Disciples, c\u2019est-\u00e0-dire l\u2019Esprit de V\u00e9rit\u00e9 qui vient du P\u00e8re. (Jn 15, 26) Apparemment, nous le connaissons, puisqu\u2019Il est avec nous, et Il demeure en nous. (Jn 14, 17)<\/p>\n<p>La relecture des rencontres des membres des CdP, nomm\u00e9s Amiti\u00e9s spirituelles, nous permet de constater que lors de la prise de parole, chaque membre est invit\u00e9 \u00e0 partager un \u00e9v\u00e8nement du dernier mois o\u00f9 il aurait pris conscience de la pr\u00e9sence de l\u2019Esprit dans sa vie. Bien entendu, ce ne sont pas tous les membres qui ont cette gr\u00e2ce d\u2019avoir vu sa pr\u00e9sence. Toutefois, pour une bonne partie des participants et participantes, il y a toujours quelque chose d&#8217;inhabituelle indiquant que nous ne sommes pas seuls \u00e0 vivre notre quotidien.<\/p>\n<p>Pour certains, cela peut prendre la forme d\u2019un \u00e9clairage pour un discernement, pour d\u2019autres, un signe concret que l\u2019Esprit les accompagne pour traverser un \u00e9v\u00e8nement difficile, pour d\u2019autres encore, une note d\u2019esp\u00e9rance pour la reprise d\u2019une relation perdue, etc.. Pour les membres, tous ces t\u00e9moignages suscitent le d\u00e9sir d\u2019\u00eatre accompagn\u00e9 par cet Esprit venant du P\u00e8re.<\/p>\n<p>Cette premi\u00e8re partie de nos rencontres est essentielle, car elle permet de d\u00e9gager un espace en nous pour accueillir la pr\u00e9sence de l\u2019Esprit. D\u2019ailleurs, on constate que, lorsque nous partageons sur la compr\u00e9hension des textes des \u00c9vangiles, certains membres ont des \u00e9clairages au sujet de la Parole. Ces r\u00e9v\u00e9lations viennent confirmer ce que d\u2019autres ont d\u00e9couvert, ou bien, cela peut \u00eatre une avanc\u00e9e sur une nouvelle interpr\u00e9tation des \u00c9critures ou d\u2019un \u00e9crit d\u2019un auteur spirituel, ou encore, cela peut produire un \u00e9lan de joie, suite \u00e0 une mise en lumi\u00e8re d\u2019une situation personnelle o\u00f9 ils ne voyaient pas d\u2019issue, comme si l\u2019Esprit leur parlait \u00e0 travers une autre personne.<\/p>\n<p>C\u2019est dans cet \u00e9tat d\u2019\u00e9merveillement, que les membres poursuivent leur rencontre par la c\u00e9l\u00e9bration eucharistique, afin de rendre gr\u00e2ce pour tout ce qu\u2019ils ont re\u00e7u de l\u2019Esprit et prier pour les proches et les uns pour les autres.<\/p>\n<p>Bien souvent, pour la plupart d\u2019entre nous, la situation de nos vies n\u2019a subi aucun changement. Cependant, c\u2019est avec un all\u00e8gement que les membres retournent dans leur milieu, avec la certitude que rien ne sera comme avant.<\/p>\n<p>En d\u00e9finitive, si nous sommes attentifs et attentives, nous recevons tous et toutes, la visite de l\u2019Esprit de V\u00e9rit\u00e9, confirmant que nous ne sommes plus seuls ni orphelins. Nous sommes fils et filles d\u2019une m\u00eame famille, celle du Christ, et nous travaillons comme ouvriers et ouvri\u00e8res \u00e0 un projet commun, celui de la construction du Royaume avec le Christ comme Architecte.<\/p>\n<p><strong>Martial Brassard<\/strong>, R\u00e9pondant des Communaut\u00e9s du P\u00e8lerin<\/p>[\/et_pb_text][\/et_pb_column][\/et_pb_row][et_pb_row _builder_version=&#8221;4.27.4&#8243; _module_preset=&#8221;default&#8221; global_colors_info=&#8221;{}&#8221;][et_pb_column type=&#8221;4_4&#8243; _builder_version=&#8221;4.27.4&#8243; _module_preset=&#8221;default&#8221; global_colors_info=&#8221;{}&#8221;][et_pb_heading title=&#8221;\u00c0 propos des Communaut\u00e9s du P\u00e8lerin&#8221; _builder_version=&#8221;4.27.4&#8243; _module_preset=&#8221;default&#8221; title_text_align=&#8221;left&#8221; title_font_size=&#8221;26px&#8221; global_colors_info=&#8221;{}&#8221;][\/et_pb_heading][et_pb_text _builder_version=&#8221;4.27.4&#8243; _module_preset=&#8221;default&#8221; global_colors_info=&#8221;{}&#8221;]<p>Les Communaut\u00e9s du P\u00e8lerin rassemblent des personnes en qu\u00eate de croissance humaine et spirituelle. Fond\u00e9es sur l\u2019\u00e9coute bienveillante et la pr\u00e9sence de l\u2019\u00catre-Parole en chacun(e), elles offrent un espace pour avancer ensemble dans la foi et la vie int\u00e9rieure. Nos communaut\u00e9s proposent une v\u00e9ritable exp\u00e9rience d\u2019\u00c9glise de l\u2019accompagnement et de la Parole de Dieu. Chaque membre est invit\u00e9 \u00e0 entrer dans des relations profondes et signifiantes, nourries par la confiance et l\u2019\u00e9change authentique. Les rencontres mensuelles, les retraites, les p\u00e8lerinages et les groupes de partage sont autant d\u2019occasions de nourrir sa vie spirituelle. La Parole de Dieu y tient une place centrale, invitant chacun \u00e0 l\u2019accueillir et \u00e0 en t\u00e9moigner dans sa vie quotidienne.<\/p>\n<p><a href=\"https:\/\/lepelerin.org\/portail\/communautes\/les-communautes-du-pelerin\/\">En savoir plus et joindre les Communaut\u00e9s du P\u00e8lerin &gt;\u00a0<\/a><\/p>[\/et_pb_text][\/et_pb_column][\/et_pb_row][\/et_pb_section][et_pb_section fb_built=&#8221;1&#8243; _builder_version=&#8221;4.27.4&#8243; _module_preset=&#8221;default&#8221; custom_margin=&#8221;40px|||||&#8221; custom_padding=&#8221;0px|||||&#8221; global_colors_info=&#8221;{}&#8221;][et_pb_row _builder_version=&#8221;4.27.4&#8243; _module_preset=&#8221;default&#8221; global_colors_info=&#8221;{}&#8221;][et_pb_column type=&#8221;4_4&#8243; _builder_version=&#8221;4.27.4&#8243; _module_preset=&#8221;default&#8221; global_colors_info=&#8221;{}&#8221;][et_pb_heading title=&#8221;\u00c9v\u00e9nements \u00e0 venir pour les Communaut\u00e9s du P\u00e8lerin&#8221; _builder_version=&#8221;4.27.4&#8243; _module_preset=&#8221;7d021552-ee50-41e6-9a48-eee88da621cd&#8221; title_text_align=&#8221;left&#8221; title_font_size=&#8221;26px&#8221; global_colors_info=&#8221;{}&#8221;][\/et_pb_heading][diec_event_carousel show_venue=&#8221;off&#8221; show_name=&#8221;off&#8221; show_price=&#8221;off&#8221; show_category=&#8221;off&#8221; show_weburl=&#8221;off&#8221; show_detail=&#8221;off&#8221; included_categories=&#8221;20&#8243; _builder_version=&#8221;4.27.4&#8243; _module_preset=&#8221;default&#8221; global_colors_info=&#8221;{}&#8221;][\/diec_event_carousel][\/et_pb_column][\/et_pb_row][\/et_pb_section][et_pb_section fb_built=&#8221;1&#8243; _builder_version=&#8221;4.27.4&#8243; _module_preset=&#8221;default&#8221; global_module=&#8221;250732&#8243; saved_tabs=&#8221;all&#8221; global_colors_info=&#8221;{}&#8221;][et_pb_row _builder_version=&#8221;4.27.4&#8243; _module_preset=&#8221;default&#8221; global_colors_info=&#8221;{}&#8221;][et_pb_column type=&#8221;4_4&#8243; _builder_version=&#8221;4.27.4&#8243; _module_preset=&#8221;default&#8221; global_colors_info=&#8221;{}&#8221;][et_pb_post_nav in_same_term=&#8221;on&#8221; prev_text=&#8221;Article pr\u00e9c\u00e9dent&#8221; next_text=&#8221;Article suivant&#8221; _builder_version=&#8221;4.27.4&#8243; _module_preset=&#8221;default&#8221; global_colors_info=&#8221;{}&#8221;][\/et_pb_post_nav][\/et_pb_column][\/et_pb_row][\/et_pb_section]\n","protected":false},"excerpt":{"rendered":"<p>\u00ab Nous ne sommes pas seuls \u00e0 vivre notre quotidien. \u00bb Alors que nous approchons des trente jours de la r\u00e9surrection, les membres des Communaut\u00e9s du P\u00e8lerin t\u00e9moignent de la pr\u00e9sence de l\u2019Esprit de V\u00e9rit\u00e9 dans leur vie. D\u00e9couvrez comment cette relecture des \u00ab Amiti\u00e9s spirituelles \u00bb devient un espace essentiel pour accueillir l\u2019inattendu de Dieu.<\/p>\n","protected":false},"author":9,"featured_media":256534,"comment_status":"open","ping_status":"open","sticky":false,"template":"","format":"standard","meta":{"_et_pb_use_builder":"on","_et_pb_old_content":"","_et_gb_content_width":"","footnotes":""},"categories":[5,26],"tags":[],"class_list":["post-256529","post","type-post","status-publish","format-standard","has-post-thumbnail","hentry","category-actualites-du-pelerin","category-communautes-du-pelerin"],"_links":{"self":[{"href":"https:\/\/lepelerin.org\/portail\/wp-json\/wp\/v2\/posts\/256529","targetHints":{"allow":["GET"]}}],"collection":[{"href":"https:\/\/lepelerin.org\/portail\/wp-json\/wp\/v2\/posts"}],"about":[{"href":"https:\/\/lepelerin.org\/portail\/wp-json\/wp\/v2\/types\/post"}],"author":[{"embeddable":true,"href":"https:\/\/lepelerin.org\/portail\/wp-json\/wp\/v2\/users\/9"}],"replies":[{"embeddable":true,"href":"https:\/\/lepelerin.org\/portail\/wp-json\/wp\/v2\/comments?post=256529"}],"version-history":[{"count":6,"href":"https:\/\/lepelerin.org\/portail\/wp-json\/wp\/v2\/posts\/256529\/revisions"}],"predecessor-version":[{"id":256537,"href":"https:\/\/lepelerin.org\/portail\/wp-json\/wp\/v2\/posts\/256529\/revisions\/256537"}],"wp:featuredmedia":[{"embeddable":true,"href":"https:\/\/lepelerin.org\/portail\/wp-json\/wp\/v2\/media\/256534"}],"wp:attachment":[{"href":"https:\/\/lepelerin.org\/portail\/wp-json\/wp\/v2\/media?parent=256529"}],"wp:term":[{"taxonomy":"category","embeddable":true,"href":"https:\/\/lepelerin.org\/portail\/wp-json\/wp\/v2\/categories?post=256529"},{"taxonomy":"post_tag","embeddable":true,"href":"https:\/\/lepelerin.org\/portail\/wp-json\/wp\/v2\/tags?post=256529"}],"curies":[{"name":"wp","href":"https:\/\/api.w.org\/{rel}","templated":true}]}}