{"id":255978,"date":"2026-03-30T11:34:57","date_gmt":"2026-03-30T15:34:57","guid":{"rendered":"https:\/\/lepelerin.org\/portail\/?p=255978"},"modified":"2026-03-30T11:36:29","modified_gmt":"2026-03-30T15:36:29","slug":"don-de-dieu-communautes-pelerin","status":"publish","type":"post","link":"https:\/\/lepelerin.org\/portail\/actualites-du-pelerin\/don-de-dieu-communautes-pelerin\/","title":{"rendered":"Si tu savais le don de Dieu\u00a0\u2013 Les Communaut\u00e9s du P\u00e8lerin"},"content":{"rendered":"\n[et_pb_section fb_built=&#8221;1&#8243; _builder_version=&#8221;4.27.4&#8243; _module_preset=&#8221;default&#8221; custom_padding=&#8221;0px||0px|||&#8221; global_colors_info=&#8221;{}&#8221; theme_builder_area=&#8221;post_content&#8221;][et_pb_row _builder_version=&#8221;4.27.4&#8243; _module_preset=&#8221;default&#8221; global_colors_info=&#8221;{}&#8221; theme_builder_area=&#8221;post_content&#8221;][et_pb_column type=&#8221;4_4&#8243; _builder_version=&#8221;4.27.4&#8243; _module_preset=&#8221;default&#8221; global_colors_info=&#8221;{}&#8221; theme_builder_area=&#8221;post_content&#8221;][et_pb_text module_class=&#8221;custom-bullet&#8221; _builder_version=&#8221;4.27.4&#8243; _module_preset=&#8221;default&#8221; hover_enabled=&#8221;0&#8243; global_colors_info=&#8221;{}&#8221; theme_builder_area=&#8221;post_content&#8221; sticky_enabled=&#8221;0&#8243;]<p>Voici la parole de J\u00e9sus \u00e0 la Samaritaine (Jn 4, 10) et avec laquelle les membres des <a href=\"https:\/\/lepelerin.org\/portail\/communautes\/les-communautes-du-pelerin\">Communaut\u00e9s du P\u00e8lerin<\/a> ont chemin\u00e9 le mois pass\u00e9. Une Parole devenue une question pour chacun et chacune de nous. Quel est ce don si merveilleux que Dieu nous fait et qui r\u00e9pond au manque que nous portons. La premi\u00e8re chose qui nous vient \u00e0 l\u2019esprit est : la vie. Bien entendu, comme croyant.e nous portons la certitude que chaque personne porte en elle un souffle qui lui permet de vivre. Si Dieu d\u00e9cidait de nous l\u2019enlever, notre vie s\u2019arr\u00eatait instantan\u00e9ment.<\/p>\n<p>Toutefois, la plupart d\u2019entre nous ont la certitude que la vie d\u00e9coule plut\u00f4t d\u2019une transmission qui serait de l\u2019ordre biologique et pas n\u00e9cessairement de quelque chose de surnaturel. Dans ce contexte, regardons s\u2019il n\u2019y aurait pas en nous une deuxi\u00e8me vie que l\u2019on pourrait nommer la vie spirituelle et qui d\u00e9coulerait de cette premi\u00e8re vie humaine. \u00c0 cet \u00e9gard, la question du don de Dieu deviendrait plus facile \u00e0 comprendre.<\/p>\n<p>En se basant sur cet \u00e9nonc\u00e9, plusieurs auteurs spirituels ont d\u00e9couvert dans le temps qu\u2019il y aurait en nous la pr\u00e9sence de l\u2019Esprit saint et que Celui-ci agirait en nous et \u00e0 travers nous pour le monde. Si cette d\u00e9couverte venait \u00e0 se confirmer, comme cela semble \u00eatre le cas, on assisterait \u00e0 la pr\u00e9sence en chacun.e de nous des dons de l\u2019Esprit d\u00e9crit par saint Paul, qui sont : la sagesse, l\u2019intelligence, le conseil, la force, la science, la pi\u00e9t\u00e9, et la crainte(respect) de Dieu. (1Co12, 8)<\/p>\n<p>Pour nous aider \u00e0 pr\u00e9ciser un don que l\u2019on porterait de mani\u00e8re plus sp\u00e9cifique, on a qu\u2019\u00e0 relever un ou des fruits \u00e9mergeant des dons de l\u2019Esprit et que nous actualisons dans nos relations. Paul nous parle de : la charit\u00e9, la joie, la paix, la largeur d\u2019esprit, la g\u00e9n\u00e9rosit\u00e9, la bont\u00e9, la foi, la douceur et la ma\u00eetrise de soi. (Ga5, 22) Nous retrouverons \u00e9galement d\u2019autres \u00e9crits o\u00f9 des doctes en \u00c9glise ont ajout\u00e9 d\u2019autres fruits \u00e0 cette liste.<\/p>\n<p>Cependant, la grande d\u00e9couverte des membres des Communaut\u00e9s a \u00e9t\u00e9 de prendre conscience que tous ces dons, quoique peu exploit\u00e9, \u00e9taient <strong>tous pr\u00e9sents en nous<\/strong>, et que l\u2019utilisation d\u2019un seul ouvrirait la voie \u00e0 l\u2019incarnation des autres qui sont en attente d\u2019\u00eatre re\u00e7u et redonn\u00e9. De plus, on constate \u00e9galement que plusieurs personnes portent en elles ce dont notre monde a tant besoin. On n\u2019a qu\u2019\u00e0 penser \u00e0 l\u2019\u00e9coute, l\u2019accueil, la gu\u00e9rison int\u00e9rieure, l\u2019accompagnement, le respect, l\u2019intuition, la pr\u00e9sence \u00e0 l\u2019autre, la parole juste, etc., sans oublier la capacit\u00e9 de pardonner.<\/p>\n<p>Dans le texte \u00e0 propos de la Samaritaine, J\u00e9sus ne s\u2019est pas limit\u00e9e \u00e0 un savoir sur le don de Dieu. Il lui en fait vivre l\u2019exp\u00e9rience en lui r\u00e9v\u00e9lant ce qu\u2019elle est et ce qu\u2019elle est appel\u00e9e \u00e0 \u00eatre. Il lui dit tout ce qu\u2019elle a fait pour apaiser sa soif et lui promet une eau qui fait vivre et qui comblera sa soif \u00e0 jamais.<\/p>\n<p>Bien que cette source intarissable apaise notre manque, on remarque qu\u2019elle ne ferme pas la porte \u00e0 nos d\u00e9sirs. C\u2019est plut\u00f4t le contraire qui se passe. D\u00e8s que nous l\u2019accueillons, elle fait \u00e9merger en nous un amour si grand qu\u2019il ne peut \u00eatre contenu. Cet amour est quelque chose de tellement merveilleux, qu\u2019il ne demande qu\u2019\u00e0 \u00eatre donn\u00e9. \u00c0 cet effet, J\u00e9sus dira \u00e0 ses Ap\u00f4tres : \u00ab Ma nourriture, c\u2019est de faire la volont\u00e9 de Celui (mon p\u00e8re) qui m\u2019a envoy\u00e9, et de mener \u00e0 bien son \u0153uvre. \u00bb (Jn 4, 34) Le don de Dieu ne serait-il pas le don de Lui-m\u00eame pour chacun et chacune de nous ?<\/p>\n<p>En ce d\u00e9but de temps de r\u00e9surrection du Christ, demandons au Seigneur d\u2019\u00e9veiller en nous ce don de l\u2019Esprit qu\u2019Il nous a fait, afin que nous puissions nous aussi produire beaucoup de fruits.<\/p>\n<p><strong>Martial Brassard<\/strong>, R\u00e9pondant des Communaut\u00e9s du P\u00e8lerin<\/p>[\/et_pb_text][\/et_pb_column][\/et_pb_row][et_pb_row _builder_version=&#8221;4.27.4&#8243; _module_preset=&#8221;default&#8221; global_colors_info=&#8221;{}&#8221; theme_builder_area=&#8221;post_content&#8221;][et_pb_column type=&#8221;4_4&#8243; _builder_version=&#8221;4.27.4&#8243; _module_preset=&#8221;default&#8221; global_colors_info=&#8221;{}&#8221; theme_builder_area=&#8221;post_content&#8221;][et_pb_heading title=&#8221;\u00c0 propos des Communaut\u00e9s du P\u00e8lerin&#8221; _builder_version=&#8221;4.27.4&#8243; _module_preset=&#8221;default&#8221; title_text_align=&#8221;left&#8221; title_font_size=&#8221;26px&#8221; global_colors_info=&#8221;{}&#8221; theme_builder_area=&#8221;post_content&#8221;][\/et_pb_heading][et_pb_text _builder_version=&#8221;4.27.4&#8243; _module_preset=&#8221;default&#8221; global_colors_info=&#8221;{}&#8221; theme_builder_area=&#8221;post_content&#8221;]<p>Les Communaut\u00e9s du P\u00e8lerin rassemblent des personnes en qu\u00eate de croissance humaine et spirituelle. Fond\u00e9es sur l\u2019\u00e9coute bienveillante et la pr\u00e9sence de l\u2019\u00catre-Parole en chacun(e), elles offrent un espace pour avancer ensemble dans la foi et la vie int\u00e9rieure. Nos communaut\u00e9s proposent une v\u00e9ritable exp\u00e9rience d\u2019\u00c9glise de l\u2019accompagnement et de la Parole de Dieu. Chaque membre est invit\u00e9 \u00e0 entrer dans des relations profondes et signifiantes, nourries par la confiance et l\u2019\u00e9change authentique. Les rencontres mensuelles, les retraites, les p\u00e8lerinages et les groupes de partage sont autant d\u2019occasions de nourrir sa vie spirituelle. La Parole de Dieu y tient une place centrale, invitant chacun \u00e0 l\u2019accueillir et \u00e0 en t\u00e9moigner dans sa vie quotidienne.<\/p>\n<p><a href=\"https:\/\/lepelerin.org\/portail\/communautes\/les-communautes-du-pelerin\/\">En savoir plus et joindre les Communaut\u00e9s du P\u00e8lerin &gt;\u00a0<\/a><\/p>[\/et_pb_text][\/et_pb_column][\/et_pb_row][\/et_pb_section][et_pb_section fb_built=&#8221;1&#8243; _builder_version=&#8221;4.27.4&#8243; _module_preset=&#8221;default&#8221; custom_margin=&#8221;40px|||||&#8221; custom_padding=&#8221;0px|||||&#8221; global_colors_info=&#8221;{}&#8221; theme_builder_area=&#8221;post_content&#8221;][et_pb_row _builder_version=&#8221;4.27.4&#8243; _module_preset=&#8221;default&#8221; global_colors_info=&#8221;{}&#8221; theme_builder_area=&#8221;post_content&#8221;][et_pb_column type=&#8221;4_4&#8243; _builder_version=&#8221;4.27.4&#8243; _module_preset=&#8221;default&#8221; global_colors_info=&#8221;{}&#8221; theme_builder_area=&#8221;post_content&#8221;][et_pb_heading title=&#8221;\u00c9v\u00e9nements \u00e0 venir pour les Communaut\u00e9s du P\u00e8lerin&#8221; _builder_version=&#8221;4.27.4&#8243; _module_preset=&#8221;7d021552-ee50-41e6-9a48-eee88da621cd&#8221; title_text_align=&#8221;left&#8221; title_font_size=&#8221;26px&#8221; global_colors_info=&#8221;{}&#8221; theme_builder_area=&#8221;post_content&#8221;][\/et_pb_heading][diec_event_carousel show_venue=&#8221;off&#8221; show_name=&#8221;off&#8221; show_price=&#8221;off&#8221; show_category=&#8221;off&#8221; show_weburl=&#8221;off&#8221; show_detail=&#8221;off&#8221; included_categories=&#8221;20&#8243; _builder_version=&#8221;4.27.4&#8243; _module_preset=&#8221;default&#8221; global_colors_info=&#8221;{}&#8221; theme_builder_area=&#8221;post_content&#8221;][\/diec_event_carousel][\/et_pb_column][\/et_pb_row][\/et_pb_section][et_pb_section fb_built=&#8221;1&#8243; _builder_version=&#8221;4.27.4&#8243; _module_preset=&#8221;default&#8221; global_module=&#8221;250732&#8243; saved_tabs=&#8221;all&#8221; global_colors_info=&#8221;{}&#8221; theme_builder_area=&#8221;post_content&#8221;][et_pb_row _builder_version=&#8221;4.27.4&#8243; _module_preset=&#8221;default&#8221; global_colors_info=&#8221;{}&#8221; theme_builder_area=&#8221;post_content&#8221;][et_pb_column type=&#8221;4_4&#8243; _builder_version=&#8221;4.27.4&#8243; _module_preset=&#8221;default&#8221; global_colors_info=&#8221;{}&#8221; theme_builder_area=&#8221;post_content&#8221;][et_pb_post_nav in_same_term=&#8221;on&#8221; prev_text=&#8221;Article pr\u00e9c\u00e9dent&#8221; next_text=&#8221;Article suivant&#8221; _builder_version=&#8221;4.27.4&#8243; _module_preset=&#8221;default&#8221; global_colors_info=&#8221;{}&#8221; theme_builder_area=&#8221;post_content&#8221;][\/et_pb_post_nav][\/et_pb_column][\/et_pb_row][\/et_pb_section]\n","protected":false},"excerpt":{"rendered":"<p>Le mois pass\u00e9, les membres des Communaut\u00e9s du P\u00e8lerin ont chemin\u00e9 avec la parole &#8220;Si tu savais le don de Dieu&#8221; (Jn 4, 10). D\u00e9couvrez comment cette rencontre entre J\u00e9sus et la Samaritaine nous invite \u00e0 passer de la vie biologique \u00e0 une vie spirituelle f\u00e9conde, habit\u00e9e par les dons de l&#8217;Esprit.<\/p>\n","protected":false},"author":9,"featured_media":255984,"comment_status":"open","ping_status":"open","sticky":false,"template":"","format":"standard","meta":{"_et_pb_use_builder":"on","_et_pb_old_content":"","_et_gb_content_width":"","footnotes":""},"categories":[5,26],"tags":[],"class_list":["post-255978","post","type-post","status-publish","format-standard","has-post-thumbnail","hentry","category-actualites-du-pelerin","category-communautes-du-pelerin"],"_links":{"self":[{"href":"https:\/\/lepelerin.org\/portail\/wp-json\/wp\/v2\/posts\/255978","targetHints":{"allow":["GET"]}}],"collection":[{"href":"https:\/\/lepelerin.org\/portail\/wp-json\/wp\/v2\/posts"}],"about":[{"href":"https:\/\/lepelerin.org\/portail\/wp-json\/wp\/v2\/types\/post"}],"author":[{"embeddable":true,"href":"https:\/\/lepelerin.org\/portail\/wp-json\/wp\/v2\/users\/9"}],"replies":[{"embeddable":true,"href":"https:\/\/lepelerin.org\/portail\/wp-json\/wp\/v2\/comments?post=255978"}],"version-history":[{"count":6,"href":"https:\/\/lepelerin.org\/portail\/wp-json\/wp\/v2\/posts\/255978\/revisions"}],"predecessor-version":[{"id":255988,"href":"https:\/\/lepelerin.org\/portail\/wp-json\/wp\/v2\/posts\/255978\/revisions\/255988"}],"wp:featuredmedia":[{"embeddable":true,"href":"https:\/\/lepelerin.org\/portail\/wp-json\/wp\/v2\/media\/255984"}],"wp:attachment":[{"href":"https:\/\/lepelerin.org\/portail\/wp-json\/wp\/v2\/media?parent=255978"}],"wp:term":[{"taxonomy":"category","embeddable":true,"href":"https:\/\/lepelerin.org\/portail\/wp-json\/wp\/v2\/categories?post=255978"},{"taxonomy":"post_tag","embeddable":true,"href":"https:\/\/lepelerin.org\/portail\/wp-json\/wp\/v2\/tags?post=255978"}],"curies":[{"name":"wp","href":"https:\/\/api.w.org\/{rel}","templated":true}]}}