{"id":255184,"date":"2026-02-09T16:28:07","date_gmt":"2026-02-09T21:28:07","guid":{"rendered":"https:\/\/lepelerin.org\/portail\/?p=255184"},"modified":"2026-04-20T13:11:55","modified_gmt":"2026-04-20T17:11:55","slug":"au-coeur-annee-jubilaire-pelerin","status":"publish","type":"post","link":"https:\/\/lepelerin.org\/portail\/actualites-du-pelerin\/au-coeur-annee-jubilaire-pelerin\/","title":{"rendered":"Au c\u0153ur de l&#8217;ann\u00e9e jubilaire du Centre le P\u00e8lerin"},"content":{"rendered":"<p>[et_pb_section fb_built=&#8221;1&#8243; _builder_version=&#8221;4.27.4&#8243; _module_preset=&#8221;default&#8221; custom_padding=&#8221;0px|||||&#8221; global_colors_info=&#8221;{}&#8221;][et_pb_row _builder_version=&#8221;4.27.4&#8243; _module_preset=&#8221;default&#8221; custom_padding=&#8221;||3px|||&#8221; global_colors_info=&#8221;{}&#8221;][et_pb_column type=&#8221;4_4&#8243; _builder_version=&#8221;4.27.4&#8243; _module_preset=&#8221;default&#8221; global_colors_info=&#8221;{}&#8221;][et_pb_text module_class=&#8221;custom-bullet&#8221; _builder_version=&#8221;4.27.4&#8243; _module_preset=&#8221;default&#8221; custom_padding=&#8221;||5px|||&#8221; global_colors_info=&#8221;{}&#8221;]<\/p>\n<p>Nous sommes actuellement au milieu de notre ann\u00e9e jubilaire commenc\u00e9e en septembre 2025. Cela semble \u00eatre le moment opportun pour vous faire part de la fa\u00e7on dont nous nous sommes pr\u00e9par\u00e9s pour cette ann\u00e9e, de ce que nous avons d\u00e9j\u00e0 v\u00e9cu ensemble et de ce qui nous attend encore.<\/p>\n<p>L\u2019objectif g\u00e9n\u00e9ral que nous avons vis\u00e9 en inaugurant cette ann\u00e9e \u00e9tait de profiter de ce temps pour f\u00eater ensemble, valoriser le parcours travers\u00e9, faire un bilan et regarder en avant pour mieux servir et r\u00e9pondre aux besoins spirituels des personnes. Nous avons voulu aussi vivre ce temps en gratitude envers Dieu et envers nos partenaires et ami(e)s qui nous ont soutenus depuis le d\u00e9but du Centre.<\/p>\n<p>&nbsp;<\/p>\n<h2><strong>Un slogan pour donner le ton<\/strong><\/h2>\n<p>[\/et_pb_text][\/et_pb_column][\/et_pb_row][et_pb_row _builder_version=&#8221;4.27.4&#8243; _module_preset=&#8221;default&#8221; custom_padding=&#8221;0px||0px|||&#8221; global_colors_info=&#8221;{}&#8221;][et_pb_column type=&#8221;4_4&#8243; _builder_version=&#8221;4.27.4&#8243; _module_preset=&#8221;default&#8221; global_colors_info=&#8221;{}&#8221;][et_pb_text module_class=&#8221;custom-bullet&#8221; _builder_version=&#8221;4.27.4&#8243; _module_preset=&#8221;default&#8221; custom_padding=&#8221;||5px|||&#8221; global_colors_info=&#8221;{}&#8221;]<\/p>\n<p>La planification a commenc\u00e9 bien en avance avec la convocation d\u2019un comit\u00e9 compos\u00e9 des employ\u00e9s du centre et des repr\u00e9sentants de chaque service li\u00e9 au Centre. Une premi\u00e8re \u00e9tape a \u00e9t\u00e9 de r\u00e9fl\u00e9chir sur le th\u00e8me de l\u2019ann\u00e9e jubilaire. Il s\u2019agissait de trouver une expression qui refl\u00e8terait la mission et la vision de notre centre.<\/p>\n<p>Les id\u00e9es ne manquaient pas ! Voici quelques exemples des inspirations initiales: \u00ab\u00a0Viens, sois lumi\u00e8re\u00a0\u00bb, \u00ab\u00a0Allume !\u00a0\u00bb, \u00ab\u00a0Porter la gu\u00e9rison \u00e0 un monde qui souffre\u00a0\u00bb, \u00ab\u00a0Vers la gu\u00e9rison\u00a0\u00bb, \u00ab\u00a0Ensemble porter du feu\u00a0\u00bb, \u00ab\u00a0Eau vive, l\u2019Esprit, la vie\u00a0\u00bb, \u00ab\u00a0Puiseurs d\u2019eau vive\u00a0\u00bb, \u00a0\u00ab\u00a0Au c\u0153ur du feu\u00a0\u00bb, \u00ab\u00a0D\u00e9bout, l\u00e8ve-toi\u00a0\u00bb, \u00ab\u00a0Deviens ce que tu es\u00a0\u00bb, \u00ab\u00a0P\u00e8lerin, viens, deviens p\u00e8lerin\u00a0\u00bb, \u00a0\u00ab\u00a0Viens. P\u00e8lerin en marche\u00a0\u00bb, \u00ab\u00a0Marche vers ton c\u0153ur\u00a0\u00bb, \u00ab\u00a0En marche vers le bonheur\u00a0\u00bb, \u00ab\u00a0Deviens le c\u0153ur du monde\u00a0\u00bb, \u00ab\u00a0Sois feu au c\u0153ur du monde\u00a0\u00bb, \u00ab\u00a0En marche ensemble pour transformer le monde\u00a0\u00bb\u2026<\/p>\n<p>Finalement, apr\u00e8s m\u00fbre r\u00e9flexion, nous avons choisi \u00ab Viens, deviens chemin \u00bb comme un th\u00e8me qui englobe tout.\u00a0<\/p>\n<p>[\/et_pb_text][et_pb_image src=&#8221;https:\/\/lepelerin.org\/portail\/wp-content\/uploads\/2025\/05\/Logo-Pelerin-slogan.jpg&#8221; alt=&#8221;Logo Centre le P\u00e8lerin avec slogan&#8221; title_text=&#8221;Logo Centre le P\u00e8lerin avec slogan&#8221; _builder_version=&#8221;4.27.4&#8243; _module_preset=&#8221;default&#8221; width=&#8221;59%&#8221; module_alignment=&#8221;center&#8221; global_colors_info=&#8221;{}&#8221;][\/et_pb_image][et_pb_text module_class=&#8221;custom-bullet&#8221; _builder_version=&#8221;4.27.4&#8243; _module_preset=&#8221;default&#8221; custom_padding=&#8221;||5px|||&#8221; global_colors_info=&#8221;{}&#8221;]<\/p>\n<p>Comment comprendre ce slogan, demanderez-vous ? Voici une br\u00e8ve explication : &#8220;Viens&#8221; c\u2019est une invitation personnelle et universelle \u00e0 s&#8217;engager dans un cheminement humain et spirituel. C&#8217;est un appel \u00e0 l&#8217;ouverture et au courage de r\u00e9pondre \u00e0 un d\u00e9sir profond. C\u2019est aussi une invitation personnelle \u00e0 se joindre \u00e0 l\u2019aventure du P\u00e8lerin.<\/p>\n<p>&#8220;Deviens chemin&#8221; c\u2019est l&#8217;expression d&#8217;une transformation active. Le cheminement ne se limite pas \u00e0 recevoir ou \u00e0 apprendre, mais \u00e0 incarner son identit\u00e9 filiale et \u00e0 partager cette transformation et ce don dans toute sa vie et ses relations.<\/p>\n<p>Avec ce slogan choisi, chaque \u00c9cole et service du P\u00e8lerin avait \u00e0 l\u2019utiliser en y ajoutant un qualificatif unique. Il devait, en m\u00eame temps, pr\u00e9parer le contenu de son secteur pour le nouveau site internet, qui a \u00e9t\u00e9 officiellement rendu accessible le 1\u1d49\u02b3 mai 2025 avec le nouveau logo du Centre. Comme vous pouvez le remarquer en vous promenant sur notre site, l\u2019\u00c9cole de formation en accompagnement spirituel se pr\u00e9sente sous le th\u00e8me &#8220;Viens, deviens chemin de lumi\u00e8re&#8221;, l\u2019\u00c9cole foi et spiritualit\u00e9\u00a0sous celui de \u00ab\u00a0Viens, deviens chemin de foi\u00a0\u00bb, l\u2019\u00c9cole pri\u00e8re et communion, comme \u00ab\u00a0Viens, deviens chemin de relation\u00a0\u00bb. \u00a0Quant aux diff\u00e9rents services, le Service d\u2019accompagnement spirituel\u00a0s\u2019annonce comme \u00ab\u00a0Viens, deviens chemin de sens\u00a0\u00bb, le Service d\u2019\u00c9vang\u00e9lisation des profondeurs\u00a0et les P\u00e8lerins du c\u0153ur comme \u00ab\u00a0Viens, deviens chemin de vie\u00a0\u00bb et les Communaut\u00e9s du P\u00e8lerin\u00a0comme \u00ab\u00a0Viens, deviens chemin d\u2019\u00c9vangile\u00a0\u00bb.<\/p>\n<p>&nbsp;<\/p>\n<h2><strong>Une m\u00e9daille, une pri\u00e8re et un signet<\/strong><\/h2>\n<p>\u00c0 c\u00f4t\u00e9 des \u00e9v\u00e9nements planifi\u00e9s pour souligner l\u2019ann\u00e9e jubilaire, les membres du comit\u00e9 ont lanc\u00e9 l\u2019id\u00e9e d\u2019articles promotionnels. Encore une fois, les id\u00e9es \u00e9taient abondantes : les v\u00eatements, les signets pour les livres, le chapelet en bois, les coussins de pri\u00e8re, des \u00e9pinglettes avec le logo\u2026 Nous avons r\u00e9fl\u00e9chi \u00e0 chaque proposition en cherchant l\u2019objet qui servirait un souvenir de l\u2019ann\u00e9e sans \u00eatre trop lourd pour notre budget. Finalement, nous avons mis en \u0153uvre l&#8217;id\u00e9e des m\u00e9dailles avec le logo du Centre d\u2019un c\u00f4t\u00e9 et avec les trois c\u0153urs de J\u00e9sus, Marie et Joseph de l\u2019autre. Ces m\u00e9dailles sont accompagn\u00e9es par la pri\u00e8re compos\u00e9e par St\u00e9fan Th\u00e9riault, \u00e9crite sur un signet sp\u00e9cialement con\u00e7u pour le 25<sup>e<\/sup>.<\/p>\n<p>Nous avons la joie de vous les pr\u00e9senter :<\/p>\n<p>[\/et_pb_text][\/et_pb_column][\/et_pb_row][et_pb_row column_structure=&#8221;3_5,2_5&#8243; _builder_version=&#8221;4.27.4&#8243; _module_preset=&#8221;default&#8221; custom_padding=&#8221;0px||0px|||&#8221; global_colors_info=&#8221;{}&#8221;][et_pb_column type=&#8221;3_5&#8243; _builder_version=&#8221;4.27.4&#8243; _module_preset=&#8221;default&#8221; global_colors_info=&#8221;{}&#8221;][et_pb_text module_class=&#8221;custom-bullet&#8221; _builder_version=&#8221;4.27.4&#8243; _module_preset=&#8221;default&#8221; custom_padding=&#8221;||5px|||&#8221; global_colors_info=&#8221;{}&#8221;]<\/p>\n<p><strong>O C\u0153ur de J\u00e9sus,<\/strong><\/p>\n<p>Moi, le p\u00e8lerin, me livre et m\u2019abandonne \u00e0 toi<br \/>Pour que tu naisses, vives et r\u00e8gnes en moi<br \/>Et que mes pas prennent le chemin du P\u00e8re.<\/p>\n<p><strong>O C\u0153ur de Marie,<\/strong><\/p>\n<p>\u00c0 moi p\u00e8lerin, donne part \u00e0 ton Immacul\u00e9e Conception<br \/>Afin qu\u2019en moi la Parole trouve une digne demeure<br \/>Et que le P\u00e8re en ma marche trouve repos.<\/p>\n<p><strong>O C\u0153ur de Joseph,<\/strong><\/p>\n<p>Accompagne-moi, pauvre p\u00e8lerin, sur les routes du ciel et de la terre<br \/>Enseigne-moi les songes et les voies de Dieu<br \/>Afin que je sois, sur la route, pr\u00e9sence du P\u00e8re pour tous.<\/p>\n<p><strong>O mes trois C\u0153urs<\/strong>, je me consacre \u00e0 vous<\/p>\n<p>Pour vivre uni \u00e0 la Trinit\u00e9<br \/>Et, devenu pr\u00e9sence en leurs Pr\u00e9sences, les gens m\u2019empruntent<br \/>Pour marcher vers la Lumi\u00e8re et l\u2019Amour.<\/p>\n<p>[\/et_pb_text][\/et_pb_column][et_pb_column type=&#8221;2_5&#8243; _builder_version=&#8221;4.27.4&#8243; _module_preset=&#8221;default&#8221; global_colors_info=&#8221;{}&#8221;][et_pb_image src=&#8221;https:\/\/lepelerin.org\/portail\/wp-content\/uploads\/2026\/02\/medaille-signet-du-pelerin1.jpg&#8221; alt=&#8221;La m\u00e9daille et le signet du 25e du P\u00e8lerin&#8221; title_text=&#8221;La m\u00e9daille et le signet du 25e du P\u00e8lerin&#8221; _builder_version=&#8221;4.27.4&#8243; _module_preset=&#8221;default&#8221; custom_padding=&#8221;51px||||false|false&#8221; custom_padding_tablet=&#8221;51px||||false|false&#8221; custom_padding_phone=&#8221;0px||||false|false&#8221; custom_padding_last_edited=&#8221;on|desktop&#8221; global_colors_info=&#8221;{}&#8221;][\/et_pb_image][\/et_pb_column][\/et_pb_row][et_pb_row _builder_version=&#8221;4.27.4&#8243; _module_preset=&#8221;default&#8221; global_colors_info=&#8221;{}&#8221;][et_pb_column type=&#8221;4_4&#8243; _builder_version=&#8221;4.27.4&#8243; _module_preset=&#8221;default&#8221; global_colors_info=&#8221;{}&#8221;][et_pb_text module_class=&#8221;custom-bullet&#8221; _builder_version=&#8221;4.27.4&#8243; _module_preset=&#8221;default&#8221; custom_padding=&#8221;||5px|||&#8221; global_colors_info=&#8221;{}&#8221;]<\/p>\n<p>Les m\u00e9dailles ont \u00e9t\u00e9 consacr\u00e9es par le p\u00e8re Raymond Gourde, pr\u00eatre de la Congr\u00e9gation de Sainte-Croix, cofondateur du Centre le P\u00e8lerin.<\/p>\n<p>[\/et_pb_text][et_pb_video src=&#8221;https:\/\/youtu.be\/FgqNZg87WtA&#8221; _builder_version=&#8221;4.27.4&#8243; _module_preset=&#8221;default&#8221; custom_margin=&#8221;||40px|||&#8221; global_colors_info=&#8221;{}&#8221;][\/et_pb_video][et_pb_text module_class=&#8221;custom-bullet&#8221; _builder_version=&#8221;4.27.4&#8243; _module_preset=&#8221;default&#8221; custom_padding=&#8221;||5px|||&#8221; global_colors_info=&#8221;{}&#8221;]<\/p>\n<h2><strong>Un chant de c\u00e9l\u00e9bration<\/strong><\/h2>\n<p>Une autre id\u00e9e de notre comit\u00e9 \u00e9tait de cr\u00e9er un chant de c\u00e9l\u00e9bration. M\u00eame si cette id\u00e9e a \u00e9t\u00e9 accueillie avec enthousiasme, il a fallu plusieurs mois pour qu&#8217;elle m\u00fbrisse et se concr\u00e9tise. \u00c0 notre retour des vacances en ao\u00fbt 2025, St\u00e9fan nous a surpris en nous annon\u00e7ant qu\u2019il avait \u00e9crit des paroles pour ce chant. \u00a0De mani\u00e8re tout \u00e0 fait spontan\u00e9e, la musique pour accompagner ces paroles est venue \u00e0 Halyna. Des amis ont aid\u00e9s pour l\u2019harmonisation et l\u2019arrangement musical. Ainsi un chant fait maison \u00e9tait cr\u00e9\u00e9 !<\/p>\n<p>Voici le r\u00e9sultat :<\/p>\n<p>[\/et_pb_text][et_pb_audio audio=&#8221;https:\/\/lepelerin.org\/portail\/wp-content\/uploads\/2026\/musique\/Chant-du-25e-du-Pelerin-Halyna-20260420.mp3&#8243; title=&#8221;Chant du 25e du P\u00e8lerin&#8221; album_name=&#8221;Viens, deviens chemin&#8221; _builder_version=&#8221;4.27.4&#8243; _module_preset=&#8221;default&#8221; hover_enabled=&#8221;0&#8243; global_colors_info=&#8221;{}&#8221; sticky_enabled=&#8221;0&#8243;][\/et_pb_audio][et_pb_toggle title=&#8221;Lire les paroles&#8221; _builder_version=&#8221;4.27.4&#8243; _module_preset=&#8221;default&#8221; title_font_size=&#8221;16px&#8221; width=&#8221;32%&#8221; custom_margin=&#8221;||1px|||&#8221; custom_padding=&#8221;|||0px|false|false&#8221; border_width_all=&#8221;0px&#8221; global_colors_info=&#8221;{}&#8221;]<\/p>\n<p><strong>Refrain<\/strong><\/p>\n<p>Toi engendr\u00e9 de Dieu viens,<br \/>Parole de Dieu deviens.<br \/>Car l\u2019Amour est ton chemin<br \/>Et te change en levain.<\/p>\n<p><strong>Strophe 1<\/strong><\/p>\n<p>Le monde te dit deviens<br \/>Et te laisse sans rien.<br \/>Mais en toi, l\u2019amour se tient,<br \/>Signe d\u2019un Dieu qui te veut sien.<\/p>\n<p><strong>Strophe 2<\/strong><\/p>\n<p>Tu crois de terre \u00eatre venu<br \/>Et que le destin t\u2019encha\u00eene<br \/>Mais de Ciel es survenu,<br \/>Une Providence t\u2019entra\u00eene.<\/p>\n<p><strong>Strophe 3<\/strong><\/p>\n<p>La plupart vive leur existence<br \/>Enseveli dans la mort.<br \/>Mais d\u2019un Autre es le Corps,<br \/>Et donne \u00e0 ta vie naissance.<\/p>\n<p><strong>Strophe 4<\/strong><\/p>\n<p>Les puissants du monde \u00ab mensongent \u00bb<br \/>\u00c9teignent en ton c\u0153ur l\u2019essence.<br \/>Mais appel\u00e9 au Divin Songe<br \/>La V\u00e9rit\u00e9 t\u2019ouvre le sens.<\/p>\n<p><strong>Strophe 5<\/strong><\/p>\n<p>Le mal te fait victime<br \/>Ab\u00eem\u00e9e et apeur\u00e9e.<br \/>Mais le Fils au plus intime<br \/>Te remet debout aim\u00e9.<\/p>\n<p>[\/et_pb_toggle][et_pb_text _builder_version=&#8221;4.27.4&#8243; _module_preset=&#8221;default&#8221; global_colors_info=&#8221;{}&#8221;]<\/p>\n<p><a href=\"https:\/\/lepelerin.org\/portail\/wp-content\/uploads\/2026\/02\/Chant_du_25e_Musique-notes.pdf\" target=\"_blank\" rel=\"noopener\" title=\"Partition du chant du 25e du P\u00e8lerin\">T\u00e9l\u00e9charger la partition<\/a> &gt;<\/p>\n<p>[\/et_pb_text][et_pb_text module_class=&#8221;custom-bullet&#8221; _builder_version=&#8221;4.27.4&#8243; _module_preset=&#8221;default&#8221; custom_padding=&#8221;||5px|||&#8221; global_colors_info=&#8221;{}&#8221;]<\/p>\n<h2><strong>Des \u00e9v\u00e9nements dans l&#8217;esprit du 25<sup>e<\/sup><\/strong><\/h2>\n<p>Jusqu\u2019\u00e0 pr\u00e9sent nous avons d\u00e9j\u00e0 v\u00e9cu plusieurs \u00e9v\u00e9nements de notre ann\u00e9e jubilaire\u00a0:<\/p>\n<p>le 3 octobre\u00a0: la messe d\u2019action de gr\u00e2ce \u00e0 l&#8217;Oratoire de Saint-Joseph\u00a0avec le d\u00eener de remerciement pour les communaut\u00e9s religieuses qui ont soutenu le P\u00e8lerin; le 21 novembre\u00a0: <a href=\"https:\/\/lepelerin.org\/portail\/actualites-du-pelerin\/naissance-ecole-foi-spiritualite\/\">l\u2019ouverture de l\u2019\u00c9cole Foi et Spiritualit\u00e9<\/a> avec la conf\u00e9rence de Gabriel Ringlet; la retraite de l\u2019Avent avec S\u0153ur B\u00e9n\u00e9dicte You \u00ab\u00a0Marcher avec Abraham\u00a0: le chemin de la foi\u00a0\u00bb.<\/p>\n<p>Devant nous encore\u00a0: la <a href=\"https:\/\/lepelerin.org\/portail\/evenement\/retraite-careme-2026-beatitudes\/\">retraite du Car\u00eame<\/a> propos\u00e9e par St\u00e9fan Th\u00e9riault\u00a0\u00ab\u00a0Les B\u00e9atitudes, \u00e9cole de la relation\u00a0\u00bb, qui d\u00e9bute le 15 f\u00e9vrier; le <a href=\"https:\/\/lepelerin.org\/portail\/evenement\/lancement-ecole-priere-communion\/\">lancement de l\u2019\u00c9cole Pri\u00e8re et communion<\/a> le 23 mars; les <a href=\"https:\/\/lepelerin.org\/portail\/evenement\/journees-de-ressourcement-edp-2026\/\">journ\u00e9es de ressourcement organis\u00e9es par l\u2019\u00c9vang\u00e9lisation des profondeurs<\/a> en avril; le <a href=\"https:\/\/lepelerin.org\/portail\/evenement\/concert-de-gregory-charles-a-loratoire-saint-joseph\/\">concert de Gr\u00e9gory Charles<\/a> le 2 mai \u00e0 la Crypte de l\u2019Oratoire; la messe d\u2019action de gr\u00e2ce avec la participation de Mgr Christian L\u00e9pine le 23 mai \u00e0 10 h \u00e0 l\u2019Oratoire et <a href=\"https:\/\/lepelerin.org\/portail\/evenement\/pelerinage-abbaye-val-notre-dame-2026\/\">les retraites spirituelles<\/a> organis\u00e9es par les Communaut\u00e9s du P\u00e8lerin en juin et juillet.<\/p>\n<p>Merci de vivre avec nous cette ann\u00e9e sp\u00e9ciale !<\/p>\n<p>\u2013 <strong>L&#8217;\u00e9quipe permanente du P\u00e8lerin<\/strong> : Antoine, Barbara, Elizabeth, \u00c9ric, Halyna, Jeffrey, Jhoana, Maria-Eugenia et St\u00e9fan.\u00a0 \u00a0\u00a0<\/p>\n<p>[\/et_pb_text][\/et_pb_column][\/et_pb_row][\/et_pb_section][et_pb_section fb_built=&#8221;1&#8243; _builder_version=&#8221;4.27.4&#8243; _module_preset=&#8221;default&#8221; global_colors_info=&#8221;{}&#8221;][et_pb_row _builder_version=&#8221;4.27.4&#8243; _module_preset=&#8221;default&#8221; global_colors_info=&#8221;{}&#8221;][et_pb_column type=&#8221;4_4&#8243; _builder_version=&#8221;4.27.4&#8243; _module_preset=&#8221;default&#8221; global_colors_info=&#8221;{}&#8221;][et_pb_heading title=&#8221;\u00c9v\u00e9nements \u00e0 venir au P\u00e8lerin&#8221; _builder_version=&#8221;4.27.4&#8243; _module_preset=&#8221;7d021552-ee50-41e6-9a48-eee88da621cd&#8221; title_text_align=&#8221;left&#8221; global_colors_info=&#8221;{}&#8221;][\/et_pb_heading][diec_event_carousel show_venue=&#8221;off&#8221; show_name=&#8221;off&#8221; show_price=&#8221;off&#8221; show_category=&#8221;off&#8221; show_weburl=&#8221;off&#8221; show_detail=&#8221;off&#8221; event_count=&#8221;15&#8243; included_categories=&#8221;14&#8243; _builder_version=&#8221;4.27.4&#8243; _module_preset=&#8221;default&#8221; global_colors_info=&#8221;{}&#8221;][\/diec_event_carousel][\/et_pb_column][\/et_pb_row][\/et_pb_section][et_pb_section fb_built=&#8221;1&#8243; _builder_version=&#8221;4.27.4&#8243; _module_preset=&#8221;default&#8221; global_module=&#8221;250732&#8243; saved_tabs=&#8221;all&#8221; global_colors_info=&#8221;{}&#8221;][et_pb_row _builder_version=&#8221;4.27.4&#8243; _module_preset=&#8221;default&#8221; global_colors_info=&#8221;{}&#8221;][et_pb_column type=&#8221;4_4&#8243; _builder_version=&#8221;4.27.4&#8243; _module_preset=&#8221;default&#8221; global_colors_info=&#8221;{}&#8221;][et_pb_post_nav in_same_term=&#8221;on&#8221; prev_text=&#8221;Article pr\u00e9c\u00e9dent&#8221; next_text=&#8221;Article suivant&#8221; _builder_version=&#8221;4.27.4&#8243; _module_preset=&#8221;default&#8221; global_colors_info=&#8221;{}&#8221;][\/et_pb_post_nav][\/et_pb_column][\/et_pb_row][\/et_pb_section]<\/p>\n","protected":false},"excerpt":{"rendered":"<p>Au milieu de notre ann\u00e9e jubilaire, nous prenons un temps pour revenir sur le chemin parcouru : le th\u00e8me Viens deviens chemin, les \u00e9v\u00e9nements v\u00e9cus, les symboles forts comme les m\u00e9dailles, le chant du 25e anniversaire et les rendez vous \u00e0 venir !<\/p>\n","protected":false},"author":7,"featured_media":255261,"comment_status":"open","ping_status":"open","sticky":false,"template":"","format":"standard","meta":{"_et_pb_use_builder":"on","_et_pb_old_content":"","_et_gb_content_width":"","footnotes":""},"categories":[5],"tags":[],"class_list":["post-255184","post","type-post","status-publish","format-standard","has-post-thumbnail","hentry","category-actualites-du-pelerin"],"_links":{"self":[{"href":"https:\/\/lepelerin.org\/portail\/wp-json\/wp\/v2\/posts\/255184","targetHints":{"allow":["GET"]}}],"collection":[{"href":"https:\/\/lepelerin.org\/portail\/wp-json\/wp\/v2\/posts"}],"about":[{"href":"https:\/\/lepelerin.org\/portail\/wp-json\/wp\/v2\/types\/post"}],"author":[{"embeddable":true,"href":"https:\/\/lepelerin.org\/portail\/wp-json\/wp\/v2\/users\/7"}],"replies":[{"embeddable":true,"href":"https:\/\/lepelerin.org\/portail\/wp-json\/wp\/v2\/comments?post=255184"}],"version-history":[{"count":23,"href":"https:\/\/lepelerin.org\/portail\/wp-json\/wp\/v2\/posts\/255184\/revisions"}],"predecessor-version":[{"id":256303,"href":"https:\/\/lepelerin.org\/portail\/wp-json\/wp\/v2\/posts\/255184\/revisions\/256303"}],"wp:featuredmedia":[{"embeddable":true,"href":"https:\/\/lepelerin.org\/portail\/wp-json\/wp\/v2\/media\/255261"}],"wp:attachment":[{"href":"https:\/\/lepelerin.org\/portail\/wp-json\/wp\/v2\/media?parent=255184"}],"wp:term":[{"taxonomy":"category","embeddable":true,"href":"https:\/\/lepelerin.org\/portail\/wp-json\/wp\/v2\/categories?post=255184"},{"taxonomy":"post_tag","embeddable":true,"href":"https:\/\/lepelerin.org\/portail\/wp-json\/wp\/v2\/tags?post=255184"}],"curies":[{"name":"wp","href":"https:\/\/api.w.org\/{rel}","templated":true}]}}