{"id":254939,"date":"2026-01-30T08:00:00","date_gmt":"2026-01-30T13:00:00","guid":{"rendered":"https:\/\/lepelerin.org\/portail\/?p=254939"},"modified":"2026-01-29T16:04:06","modified_gmt":"2026-01-29T21:04:06","slug":"donne-moi-a-boire-editorial-de-fevrier-2026","status":"publish","type":"post","link":"https:\/\/lepelerin.org\/portail\/actualites-du-pelerin\/donne-moi-a-boire-editorial-de-fevrier-2026\/","title":{"rendered":"Donne-moi \u00e0 boire ! \u2013 \u00c9ditorial de f\u00e9vrier 2026"},"content":{"rendered":"\n[et_pb_section fb_built=&#8221;1&#8243; _builder_version=&#8221;4.27.4&#8243; _module_preset=&#8221;default&#8221; custom_padding=&#8221;0px|||||&#8221; global_colors_info=&#8221;{}&#8221; theme_builder_area=&#8221;post_content&#8221;][et_pb_row _builder_version=&#8221;4.27.4&#8243; _module_preset=&#8221;default&#8221; global_colors_info=&#8221;{}&#8221; theme_builder_area=&#8221;post_content&#8221;][et_pb_column type=&#8221;4_4&#8243; _builder_version=&#8221;4.27.4&#8243; _module_preset=&#8221;default&#8221; global_colors_info=&#8221;{}&#8221; theme_builder_area=&#8221;post_content&#8221;][et_pb_text module_class=&#8221;custom-bullet&#8221; _builder_version=&#8221;4.27.4&#8243; _module_preset=&#8221;default&#8221; custom_padding=&#8221;||5px|||&#8221; hover_enabled=&#8221;0&#8243; global_colors_info=&#8221;{}&#8221; theme_builder_area=&#8221;post_content&#8221; sticky_enabled=&#8221;0&#8243;]<p>\u00ab Donne-moi \u00e0 boire \u00bb (Jn 4, 7), cette demande de J\u00e9sus \u00e0 la samaritaine me poursuit, sp\u00e9cialement dans le contexte de ce monde o\u00f9 la folie imp\u00e9rialiste a repris de la vigueur. Devant cette qu\u00eate de domination, de pouvoir, de possession du territoire et de la richesse d\u2019autres pays\u2026, j\u2019entends ces humbles mots. Et je me dis, et si, tous, nous pouvions les entendre. Oui, qu\u2019arriverait-il si nous nous mettions \u00e0 entendre ces paroles humaines et divines d\u2019un fils d\u2019homme et d\u2019un Fils de Dieu ?<\/p>\n<p>Ce \u00ab j\u2019ai soif \u00bb (Jn 19, 28) n\u2019ouvrirait-il pas en nous cet espace, oubli\u00e9, o\u00f9 pourrait jaillir la vie \u00e9ternelle ? Un espace o\u00f9 l\u2019autre pourrait exister et avoir une place en nous ? Mais, si nous ne red\u00e9couvrons pas en nous cet espace pour que l\u2019A(a)utre nous habite, combien d\u2019enfant, de femmes et d\u2019hommes mourront, morts de haine, morts \u00e0 leur humanit\u00e9, morts \u00e0 la vie, morts avant d\u2019\u00eatre\u2026 ? Ne faut-il pas prendre conscience, dans la foul\u00e9e du \u00ab\u00a0donne-moi \u00e0 boire \u00bb, que, sans nous, sans notre soif du don de l\u2019A(a)utre \u00e0 chacun.e PARTAG\u00c9.E, le c\u0153ur de la plan\u00e8te va continuer \u00e0 s\u2019ass\u00e9cher ?<\/p>\n<p>\u00a0Le monde se meurt parce que nous n\u2019avons plus soif des autres, plus conscience que nous ne pouvons grandir en humanit\u00e9, cro\u00eetre, d\u00e9ployer notre identit\u00e9\u2026 sans les autres. Nous tuons, nous d\u00e9truisons, nous r\u00eavons d\u2019un nouvel ordre mondial id\u00e9ologique, nous cherchons \u00e0 nous enrichir, nous ne pensons qu\u2019\u00e0 nous\u2026 et ne voyons plus l\u2019A(a)utre qui est \u00e0 nos c\u00f4t\u00e9s. Notre s\u0153ur ou notre fr\u00e8re humain ne vaut plus rien, sinon un int\u00e9r\u00eat passager en vue du rendement boursier. Dans de nombreux pays, nous tuons et emprisonnons au nom de l\u2019augmentation ou du maintien de notre budget.<\/p>\n<p>\u00a0Mais, si au lieu de ces horreurs diaboliques, nous disions\u00a0:<\/p>\n<p>Donne-moi \u00e0 boire, car je voudrais te conna\u00eetre.<br \/>Donne-moi \u00e0 boire, car tu portes une dignit\u00e9 et une valeur extraordinaire.<br \/>Donne-moi \u00e0 boire, car je suis pauvre sans toi.<br \/>Donne-moi \u00e0 boire, car je suis perdu sans toi.<br \/>Donne-moi \u00e0 boire, car je ne peux devenir moi-m\u00eame sans toi.<br \/>Donne-moi \u00e0 boire, car je ne peux na\u00eetre \u00e0 ma diff\u00e9rence sans t\u2019accueillir dans la tienne.<br \/>Donne-moi \u00e0 boire, car si je te tue, c\u2019est moi qui meurs.<br \/>Donne-moi \u00e0 boire, car si je n\u2019ouvre cet espace d\u2019amour en moi, c\u2019est l\u2019amour que je ne conna\u00eetrai jamais.<br \/>Donne-moi \u00e0 boire, car si je te blesse, c\u2019est moi et Dieu que je crucifie.<br \/>Donne-moi \u00e0 boire, car ta vie porte un don de Dieu unique qui me r\u00e9v\u00e8le Dieu et le don m\u00eame de Dieu que je suis.<br \/>Donne-moi \u00e0 boire, car il faut arr\u00eater la guerre et retrouver la vie qui jaillit en vie \u00e9ternelle.<\/p>\n<p>Donne-toi \u00e0 boire mon Dieu, car, sans Toi, nous ignorons le chemin de la Vie !<\/p>\n<p>&nbsp;<\/p>\n<p><strong>St\u00e9fan Th\u00e9riault<\/strong> \u2013 stheriault@lepelerin.org<\/p>[\/et_pb_text][\/et_pb_column][\/et_pb_row][\/et_pb_section][et_pb_section fb_built=&#8221;1&#8243; _builder_version=&#8221;4.27.4&#8243; _module_preset=&#8221;default&#8221; global_colors_info=&#8221;{}&#8221; theme_builder_area=&#8221;post_content&#8221;][et_pb_row _builder_version=&#8221;4.27.4&#8243; _module_preset=&#8221;default&#8221; global_colors_info=&#8221;{}&#8221; theme_builder_area=&#8221;post_content&#8221;][et_pb_column type=&#8221;4_4&#8243; _builder_version=&#8221;4.27.4&#8243; _module_preset=&#8221;default&#8221; global_colors_info=&#8221;{}&#8221; theme_builder_area=&#8221;post_content&#8221;][et_pb_heading title=&#8221;\u00c9v\u00e9nements \u00e0 venir au P\u00e8lerin&#8221; _builder_version=&#8221;4.27.4&#8243; _module_preset=&#8221;7d021552-ee50-41e6-9a48-eee88da621cd&#8221; title_text_align=&#8221;left&#8221; global_colors_info=&#8221;{}&#8221; theme_builder_area=&#8221;post_content&#8221;][\/et_pb_heading][diec_event_carousel show_venue=&#8221;off&#8221; show_name=&#8221;off&#8221; show_price=&#8221;off&#8221; show_category=&#8221;off&#8221; show_weburl=&#8221;off&#8221; show_detail=&#8221;off&#8221; event_count=&#8221;15&#8243; included_categories=&#8221;14&#8243; _builder_version=&#8221;4.27.4&#8243; _module_preset=&#8221;default&#8221; global_colors_info=&#8221;{}&#8221; theme_builder_area=&#8221;post_content&#8221;][\/diec_event_carousel][\/et_pb_column][\/et_pb_row][\/et_pb_section][et_pb_section fb_built=&#8221;1&#8243; _builder_version=&#8221;4.27.4&#8243; _module_preset=&#8221;default&#8221; global_module=&#8221;250732&#8243; saved_tabs=&#8221;all&#8221; global_colors_info=&#8221;{}&#8221; theme_builder_area=&#8221;post_content&#8221;][et_pb_row _builder_version=&#8221;4.27.4&#8243; _module_preset=&#8221;default&#8221; global_colors_info=&#8221;{}&#8221; theme_builder_area=&#8221;post_content&#8221;][et_pb_column type=&#8221;4_4&#8243; _builder_version=&#8221;4.27.4&#8243; _module_preset=&#8221;default&#8221; global_colors_info=&#8221;{}&#8221; theme_builder_area=&#8221;post_content&#8221;][et_pb_post_nav in_same_term=&#8221;on&#8221; prev_text=&#8221;Article pr\u00e9c\u00e9dent&#8221; next_text=&#8221;Article suivant&#8221; _builder_version=&#8221;4.27.4&#8243; _module_preset=&#8221;default&#8221; global_colors_info=&#8221;{}&#8221; theme_builder_area=&#8221;post_content&#8221;][\/et_pb_post_nav][\/et_pb_column][\/et_pb_row][\/et_pb_section]\n","protected":false},"excerpt":{"rendered":"<p>\u00ab Donne-moi \u00e0 boire \u00bb (Jn 4, 7), cette demande de J\u00e9sus \u00e0 la samaritaine me poursuit, sp\u00e9cialement dans le contexte de ce monde o\u00f9 la folie imp\u00e9rialiste a repris [&hellip;]<\/p>\n","protected":false},"author":13,"featured_media":254946,"comment_status":"open","ping_status":"open","sticky":false,"template":"","format":"standard","meta":{"_et_pb_use_builder":"on","_et_pb_old_content":"","_et_gb_content_width":"","footnotes":""},"categories":[5,25],"tags":[],"class_list":["post-254939","post","type-post","status-publish","format-standard","has-post-thumbnail","hentry","category-actualites-du-pelerin","category-editoriaux"],"_links":{"self":[{"href":"https:\/\/lepelerin.org\/portail\/wp-json\/wp\/v2\/posts\/254939","targetHints":{"allow":["GET"]}}],"collection":[{"href":"https:\/\/lepelerin.org\/portail\/wp-json\/wp\/v2\/posts"}],"about":[{"href":"https:\/\/lepelerin.org\/portail\/wp-json\/wp\/v2\/types\/post"}],"author":[{"embeddable":true,"href":"https:\/\/lepelerin.org\/portail\/wp-json\/wp\/v2\/users\/13"}],"replies":[{"embeddable":true,"href":"https:\/\/lepelerin.org\/portail\/wp-json\/wp\/v2\/comments?post=254939"}],"version-history":[{"count":4,"href":"https:\/\/lepelerin.org\/portail\/wp-json\/wp\/v2\/posts\/254939\/revisions"}],"predecessor-version":[{"id":254948,"href":"https:\/\/lepelerin.org\/portail\/wp-json\/wp\/v2\/posts\/254939\/revisions\/254948"}],"wp:featuredmedia":[{"embeddable":true,"href":"https:\/\/lepelerin.org\/portail\/wp-json\/wp\/v2\/media\/254946"}],"wp:attachment":[{"href":"https:\/\/lepelerin.org\/portail\/wp-json\/wp\/v2\/media?parent=254939"}],"wp:term":[{"taxonomy":"category","embeddable":true,"href":"https:\/\/lepelerin.org\/portail\/wp-json\/wp\/v2\/categories?post=254939"},{"taxonomy":"post_tag","embeddable":true,"href":"https:\/\/lepelerin.org\/portail\/wp-json\/wp\/v2\/tags?post=254939"}],"curies":[{"name":"wp","href":"https:\/\/api.w.org\/{rel}","templated":true}]}}