{"id":254930,"date":"2026-01-29T15:37:17","date_gmt":"2026-01-29T20:37:17","guid":{"rendered":"https:\/\/lepelerin.org\/portail\/?p=254930"},"modified":"2026-01-29T15:39:07","modified_gmt":"2026-01-29T20:39:07","slug":"me-voici-evangelisation-des-profondeurs","status":"publish","type":"post","link":"https:\/\/lepelerin.org\/portail\/evangelisation-des-profondeurs\/me-voici-evangelisation-des-profondeurs\/","title":{"rendered":"Me voici \u2013 \u00c9vang\u00e9lisation des profondeurs"},"content":{"rendered":"\n[et_pb_section fb_built=&#8221;1&#8243; _builder_version=&#8221;4.27.4&#8243; _module_preset=&#8221;default&#8221; custom_padding=&#8221;0px||0px|||&#8221; global_colors_info=&#8221;{}&#8221; theme_builder_area=&#8221;post_content&#8221;][et_pb_row _builder_version=&#8221;4.27.4&#8243; _module_preset=&#8221;default&#8221; global_colors_info=&#8221;{}&#8221; theme_builder_area=&#8221;post_content&#8221;][et_pb_column type=&#8221;4_4&#8243; _builder_version=&#8221;4.27.4&#8243; _module_preset=&#8221;default&#8221; global_colors_info=&#8221;{}&#8221; theme_builder_area=&#8221;post_content&#8221;][et_pb_text module_class=&#8221;custom-bullet&#8221; _builder_version=&#8221;4.27.4&#8243; _module_preset=&#8221;default&#8221; hover_enabled=&#8221;0&#8243; global_colors_info=&#8221;{}&#8221; theme_builder_area=&#8221;post_content&#8221; sticky_enabled=&#8221;0&#8243;]<p>Dans quelques jours nous entrerons dans ce temps privil\u00e9gi\u00e9 que nous appelons Car\u00eame.\u00a0 Temps de pr\u00e9paration \u00e0 la grande f\u00eate de la r\u00e9surrection, de la victoire de la Vie sur la mort.\u00a0 Ce n\u2019est pas seulement un moment de la vie liturgique de nos communaut\u00e9s chr\u00e9tiennes mais surtout et avant tout l\u2019exp\u00e9rience de nos vies de foi enracin\u00e9es dans notre cheminement humain.\u00a0 Cet appel de la Vie en abondance retentit dans chaque fibre de notre \u00eatre.\u00a0 Mais comment r\u00e9pondre \u00e0 cet appel ? La deuxi\u00e8me lecture de la liturgie des Cendres m\u2019a toujours interpell\u00e9 et guid\u00e9 sur mon chemin de croissance et de f\u00e9condit\u00e9. <strong><em>\u00ab \u2026 par nous c\u2019est Dieu lui-m\u00eame qui lance un appel\u00a0: nous le demandons au nom du Christ, laissez vous r\u00e9concilier avec Dieu. \u00bb 2 Cor 5,20 <\/em><\/strong><\/p>\n<p>St Paul ne nous dit pas r\u00e9conciliez vous avec Dieu mais plut\u00f4t \u00ab laissez-vous r\u00e9concilier \u2026 \u00bb\u00a0 Il ne s\u2019agit pas d\u2019une d\u00e9marche qui part de nous et de nos efforts comme s\u2019il s\u2019agissait de notre pouvoir de nous r\u00e9concilier mais plut\u00f4t une posture de disponibilit\u00e9, d\u2019ouverture, d\u2019accueil.\u00a0 Cette posture se retrouve tout au long de l\u2019exp\u00e9rience de Dieu \u00e0 travers les \u00e9critures dans cette r\u00e9ponse\u00a0: <strong><em>Me voici !\u00a0 <\/em><\/strong>L\u2019exp\u00e9rience de Dieu et de notre salut n\u2019est pas le fruit de notre initiative mais plut\u00f4t de notre r\u00e9ponse \u00e0 la main tendue de Dieu qui d\u00e9sire profond\u00e9ment nous r\u00e9concilier.<\/p>\n<p>C\u2019est cette exp\u00e9rience qu\u2019a v\u00e9cu Simone Pacot et qu\u2019elle nous propose dans le cheminement d\u2019\u00c9vang\u00e9lisation des profondeurs.\u00a0 Dans son 4<sup>e<\/sup> volume \u00ab Ouvrir la porte \u00e0 l\u2019Esprit \u00bb, elle nous invite \u00e0 reconna\u00eetre cette action de l\u2019Esprit au c\u0153ur de notre humanit\u00e9 qui appelle notre collaboration.\u00a0 Dieu te tend la main et se propose de te guider sur ce chemin vers ta \u00ab terre promise \u00bb.\u00a0 Mais il a besoin de ton OUI de chaque instant.\u00a0 L\u2019\u0153uvre du salut, de notre r\u00e9conciliation, est la rencontre d\u2019un amour gratuit et personnel et de notre oui libre et disponible.\u00a0 Le car\u00eame n\u2019est pas tant des efforts de conversion qu\u2019une ouverture et un grand \u00ab Me voici \u00bb comme le Christ l\u2019a v\u00e9cu tout au long de sa vie et sa mission.\u00a0 Le car\u00eame et P\u00e2ques sont le chemin propos\u00e9 par Dieu que nous c\u00e9l\u00e9brons dans la liturgie de nos communaut\u00e9s.<\/p>\n<p><strong>BONNE MARCHE VERS TA TERRE PROMISE !!!<\/strong><\/p>\n<p><strong>Richard Cadieux<\/strong> \u2013 Membre de l\u2019\u00e9quipe Unit\u00e9 de la mission<\/p>[\/et_pb_text][\/et_pb_column][\/et_pb_row][et_pb_row _builder_version=&#8221;4.27.4&#8243; _module_preset=&#8221;default&#8221; global_colors_info=&#8221;{}&#8221; theme_builder_area=&#8221;post_content&#8221;][et_pb_column type=&#8221;4_4&#8243; _builder_version=&#8221;4.27.4&#8243; _module_preset=&#8221;default&#8221; global_colors_info=&#8221;{}&#8221; theme_builder_area=&#8221;post_content&#8221;][et_pb_heading title=&#8221;\u00c0 propos d&#8217;\u00c9vang\u00e9lisation des profondeurs&#8221; _builder_version=&#8221;4.27.4&#8243; _module_preset=&#8221;default&#8221; title_text_align=&#8221;left&#8221; title_font_size=&#8221;26px&#8221; global_colors_info=&#8221;{}&#8221; theme_builder_area=&#8221;post_content&#8221;][\/et_pb_heading][et_pb_text _builder_version=&#8221;4.27.4&#8243; _module_preset=&#8221;default&#8221; global_colors_info=&#8221;{}&#8221; theme_builder_area=&#8221;post_content&#8221;]<p>\u00c9vang\u00e9lisation des profondeurs propose un chemin d\u2019incarnation et de vie. \u00c0 travers des <strong>sessions, des groupes de lecture et des temps de ressourcement<\/strong>, nous apprenons \u00e0 ouvrir \u00e0 l\u2019Esprit Saint toute notre histoire, nos relations bless\u00e9es et les \u00e9v\u00e9nements de nos vies. Appuy\u00e9s sur la Parole de Dieu et \u00e9clair\u00e9s par les sciences humaines, nous d\u00e9couvrons qu\u2019\u00ab quels que soient les \u00e9v\u00e9nements, il y a une issue de vie possible \u00bb.<\/p>\n<p>Cette d\u00e9marche <strong>int\u00e8gre toutes les dimensions de la personne<\/strong> \u2013 le corps, la psych\u00e9 et le c\u0153ur profond \u2013 et s\u2019enracine dans <strong>cinq rep\u00e8res de vie<\/strong> : choisir la Vie, accepter notre condition humaine, devenir nous-m\u00eames en Dieu, rechercher l\u2019unit\u00e9 int\u00e9rieure et entrer dans la f\u00e9condit\u00e9 du don.<\/p>\n<p>Convaincus que Dieu initie tout mouvement vers la Vie, nous nous posons dans la libert\u00e9 re\u00e7ue du P\u00e8re, nous accueillons la Vie que le Ressuscit\u00e9 veut faire surgir en nous, et nous ouvrons notre \u00eatre tout entier au souffle cr\u00e9ateur de l\u2019Esprit Saint, lui qui fait toutes choses nouvelles.<\/p>\n<p><a href=\"https:\/\/lepelerin.org\/portail\/services\/evangelisation-des-profondeurs\/\">En savoir plus sur l&#8217;\u00c9vang\u00e9lisation des profondeurs<\/a><\/p>[\/et_pb_text][\/et_pb_column][\/et_pb_row][\/et_pb_section][et_pb_section fb_built=&#8221;1&#8243; _builder_version=&#8221;4.27.4&#8243; _module_preset=&#8221;default&#8221; custom_padding=&#8221;0px|||||&#8221; global_colors_info=&#8221;{}&#8221; theme_builder_area=&#8221;post_content&#8221;][et_pb_row _builder_version=&#8221;4.27.4&#8243; _module_preset=&#8221;default&#8221; global_colors_info=&#8221;{}&#8221; theme_builder_area=&#8221;post_content&#8221;][et_pb_column type=&#8221;4_4&#8243; _builder_version=&#8221;4.27.4&#8243; _module_preset=&#8221;default&#8221; global_colors_info=&#8221;{}&#8221; theme_builder_area=&#8221;post_content&#8221;][et_pb_heading title=&#8221;\u00c9v\u00e9nements \u00e0 venir pour \u00c9vang\u00e9lisation des profondeurs&#8221; _builder_version=&#8221;4.27.4&#8243; _module_preset=&#8221;7d021552-ee50-41e6-9a48-eee88da621cd&#8221; title_text_align=&#8221;left&#8221; title_font_size=&#8221;26px&#8221; global_colors_info=&#8221;{}&#8221; theme_builder_area=&#8221;post_content&#8221;][\/et_pb_heading][diec_event_carousel show_venue=&#8221;off&#8221; show_name=&#8221;off&#8221; show_price=&#8221;off&#8221; show_category=&#8221;off&#8221; show_weburl=&#8221;off&#8221; show_detail=&#8221;off&#8221; included_categories=&#8221;19&#8243; _builder_version=&#8221;4.27.4&#8243; _module_preset=&#8221;default&#8221; global_colors_info=&#8221;{}&#8221; theme_builder_area=&#8221;post_content&#8221;][\/diec_event_carousel][\/et_pb_column][\/et_pb_row][\/et_pb_section][et_pb_section fb_built=&#8221;1&#8243; _builder_version=&#8221;4.27.4&#8243; _module_preset=&#8221;default&#8221; global_module=&#8221;250732&#8243; saved_tabs=&#8221;all&#8221; global_colors_info=&#8221;{}&#8221; theme_builder_area=&#8221;post_content&#8221;][et_pb_row _builder_version=&#8221;4.27.4&#8243; _module_preset=&#8221;default&#8221; global_colors_info=&#8221;{}&#8221; theme_builder_area=&#8221;post_content&#8221;][et_pb_column type=&#8221;4_4&#8243; _builder_version=&#8221;4.27.4&#8243; _module_preset=&#8221;default&#8221; global_colors_info=&#8221;{}&#8221; theme_builder_area=&#8221;post_content&#8221;][et_pb_post_nav in_same_term=&#8221;on&#8221; prev_text=&#8221;Article pr\u00e9c\u00e9dent&#8221; next_text=&#8221;Article suivant&#8221; _builder_version=&#8221;4.27.4&#8243; _module_preset=&#8221;default&#8221; global_colors_info=&#8221;{}&#8221; theme_builder_area=&#8221;post_content&#8221;][\/et_pb_post_nav][\/et_pb_column][\/et_pb_row][\/et_pb_section]\n","protected":false},"excerpt":{"rendered":"<p>Dans quelques jours nous entrerons dans ce temps privil\u00e9gi\u00e9 que nous appelons Car\u00eame. Temps de pr\u00e9paration \u00e0 la grande f\u00eate de la r\u00e9surrection, de la victoire de la Vie sur la mort.  Ce n\u2019est pas seulement un moment de la vie liturgique de nos communaut\u00e9s chr\u00e9tiennes mais surtout et avant tout l\u2019exp\u00e9rience de nos vies de foi enracin\u00e9es dans notre cheminement humain. <\/p>\n","protected":false},"author":17,"featured_media":254935,"comment_status":"open","ping_status":"open","sticky":false,"template":"","format":"standard","meta":{"_et_pb_use_builder":"on","_et_pb_old_content":"","_et_gb_content_width":"","footnotes":""},"categories":[27,5],"tags":[],"class_list":["post-254930","post","type-post","status-publish","format-standard","has-post-thumbnail","hentry","category-evangelisation-des-profondeurs","category-actualites-du-pelerin"],"_links":{"self":[{"href":"https:\/\/lepelerin.org\/portail\/wp-json\/wp\/v2\/posts\/254930","targetHints":{"allow":["GET"]}}],"collection":[{"href":"https:\/\/lepelerin.org\/portail\/wp-json\/wp\/v2\/posts"}],"about":[{"href":"https:\/\/lepelerin.org\/portail\/wp-json\/wp\/v2\/types\/post"}],"author":[{"embeddable":true,"href":"https:\/\/lepelerin.org\/portail\/wp-json\/wp\/v2\/users\/17"}],"replies":[{"embeddable":true,"href":"https:\/\/lepelerin.org\/portail\/wp-json\/wp\/v2\/comments?post=254930"}],"version-history":[{"count":3,"href":"https:\/\/lepelerin.org\/portail\/wp-json\/wp\/v2\/posts\/254930\/revisions"}],"predecessor-version":[{"id":254936,"href":"https:\/\/lepelerin.org\/portail\/wp-json\/wp\/v2\/posts\/254930\/revisions\/254936"}],"wp:featuredmedia":[{"embeddable":true,"href":"https:\/\/lepelerin.org\/portail\/wp-json\/wp\/v2\/media\/254935"}],"wp:attachment":[{"href":"https:\/\/lepelerin.org\/portail\/wp-json\/wp\/v2\/media?parent=254930"}],"wp:term":[{"taxonomy":"category","embeddable":true,"href":"https:\/\/lepelerin.org\/portail\/wp-json\/wp\/v2\/categories?post=254930"},{"taxonomy":"post_tag","embeddable":true,"href":"https:\/\/lepelerin.org\/portail\/wp-json\/wp\/v2\/tags?post=254930"}],"curies":[{"name":"wp","href":"https:\/\/api.w.org\/{rel}","templated":true}]}}