{"id":254917,"date":"2026-01-29T14:54:22","date_gmt":"2026-01-29T19:54:22","guid":{"rendered":"https:\/\/lepelerin.org\/portail\/?p=254917"},"modified":"2026-01-29T14:54:25","modified_gmt":"2026-01-29T19:54:25","slug":"la-communaute-possible-reponse-sens-vie","status":"publish","type":"post","link":"https:\/\/lepelerin.org\/portail\/communautes-du-pelerin\/la-communaute-possible-reponse-sens-vie\/","title":{"rendered":"La communaut\u00e9\u00a0: une possible r\u00e9ponse au sens de la vie \u2013 Les Communaut\u00e9s du P\u00e8lerin"},"content":{"rendered":"\n[et_pb_section fb_built=&#8221;1&#8243; _builder_version=&#8221;4.27.4&#8243; _module_preset=&#8221;default&#8221; custom_padding=&#8221;0px||0px|||&#8221; global_colors_info=&#8221;{}&#8221; theme_builder_area=&#8221;post_content&#8221;][et_pb_row _builder_version=&#8221;4.27.4&#8243; _module_preset=&#8221;default&#8221; global_colors_info=&#8221;{}&#8221; theme_builder_area=&#8221;post_content&#8221;][et_pb_column type=&#8221;4_4&#8243; _builder_version=&#8221;4.27.4&#8243; _module_preset=&#8221;default&#8221; global_colors_info=&#8221;{}&#8221; theme_builder_area=&#8221;post_content&#8221;][et_pb_text module_class=&#8221;custom-bullet&#8221; _builder_version=&#8221;4.27.4&#8243; _module_preset=&#8221;default&#8221; hover_enabled=&#8221;0&#8243; global_colors_info=&#8221;{}&#8221; theme_builder_area=&#8221;post_content&#8221; sticky_enabled=&#8221;0&#8243;]<p>Nous voil\u00e0 dix ans apr\u00e8s la sortie du livre d\u2019\u00c9lizabeth Gilbert intitul\u00e9\u00a0: \u00ab Mange, prie et aime \u00bb. Son livre s\u2019est vendu \u00e0 des millions d\u2019exemplaires et a \u00e9t\u00e9 traduit en plus de trente langues. Malgr\u00e9 le fait que cet \u00e9crit ait r\u00e9pondu \u00e0 une qu\u00eate de sens pour plusieurs et surtout aupr\u00e8s des femmes, nous faisons le constat que beaucoup de gens sont toujours \u00e0 la qu\u00eate du sens de leur vie. Ils sont un peu comme des marcheurs dans le d\u00e9sert \u00e0 la recherche d\u2019une eau qui pourrait apaiser leur soif de sens.<\/p>\n<h2>Les mirages modernes du bonheur<\/h2>\n<p>Plusieurs mirages s\u2019offrent \u00e0 eux. On n\u2019a qu\u2019\u00e0 penser aux biens de consommation que nous proposent les publicit\u00e9s et que plusieurs acqui\u00e8rent, aux activit\u00e9s de loisir permettant de jouir de courts moments de bien-\u00eatre, aux efforts consid\u00e9rables d\u00e9ploy\u00e9s dans des emplois o\u00f9 l\u2019on cherche \u00e0 combler des attentes d\u2019employeurs insatiables. Et que penser de la d\u00e9pendance \u00e0 nos t\u00e9l\u00e9phones intelligents et\/ou nos tablettes \u00e9lectroniques ?<\/p>\n<p>Dans la recherche de sens, certaines personnes vont jusqu\u2019\u00e0 donner un semblant de d\u00e9votion envers leurs enfants et\/ou petits-enfants, afin qu\u2019ils ne manquent de rien. Il ne faut pas oublier ceux et celles qui ont ouvert la porte \u00e0 des passe-temps trop souvent prioris\u00e9s, comme le jardinage, la cuisine, la musique, la collection d\u2019objets d\u2019art, et bien autres\u2026<\/p>\n<p>En jetant un regard dans le pass\u00e9, nous observons que les rencontres dominicales furent pour plusieurs croyants une fa\u00e7on de trouver du sens \u00e0 leur vie. Avec la disparition pour plusieurs de cette pratique religieuse, on assiste \u00e0 la ruade vers les centres d\u2019achats, afin de combler le manque et revivre l\u2019exp\u00e9rience communautaire du \u00ab \u00eatre-avec \u00bb d\u2019autres. Certains vont jusqu\u2019\u00e0 fonder des communaut\u00e9s virtuelles de toutes sortes afin de recr\u00e9er un sentiment d\u2019appartenance en fonction des go\u00fbts de chacun. Finalement faire partie d\u2019une communaut\u00e9 semble r\u00e9pondre pour plusieurs au sens de la vie.<\/p>\n<h2>L\u2019attrait et les risques des communaut\u00e9s<\/h2>\n<p>M\u00eame si faire partie d\u2019une communaut\u00e9 aide \u00e0 rompre l\u2019isolement et l\u2019individualisation, ainsi que l\u2019apaisement de la qu\u00eate de sens, tous les dirigeants de ces regroupements n\u2019ont pas n\u00e9cessairement le souci du mieux-\u00eatre de leurs membres et souvent on assiste \u00e0 des d\u00e9rives laissant un arri\u00e8re-go\u00fbt de l\u2019exp\u00e9rience relationnelle.<\/p>\n<p>Avant de choisir de faire partie d\u2019une communaut\u00e9, un discernement s\u2019impose. Est-ce que nous y retrouvons un lieu o\u00f9 nous pouvons partager ce que nous vivons ? Est-ce qu\u2019il y a de l\u2019\u00e9coute de la part de ses membres ? Est-ce un groupe fraternel o\u00f9 nous pouvons \u00eatre libres d\u2019y adh\u00e9rer ou en sortir sans contrainte ? Est-ce que les valeurs du groupe correspondent \u00e0 celles que l\u2019on porte ? Est-ce que la doctrine qui se transmet de la part de ses dirigeants aide \u00e0 grandir et r\u00e9aliser les objectifs que l\u2019on s\u2019est donn\u00e9s ? Il est bien \u00e9vident que toutes les r\u00e9ponses \u00e0 ces questions ne sont pas faciles \u00e0 trouver. Nous sommes parfois oblig\u00e9s de les v\u00e9rifier aupr\u00e8s des participant(e)s du groupe auquel nous voulons adh\u00e9rer.<\/p>\n<h2>Les signes d\u2019une communaut\u00e9 vivante<\/h2>\n<p>Un signe qui ne trompe pas est celui de percevoir s\u2019il y a Quelqu\u2019un dans l\u2019invisible du groupe qui se fait pr\u00e9sent et qui agit aupr\u00e8s de ses membres. Cela peut prendre la forme d\u2019une personne qui accorde le pardon \u00e0 un proche ou un(e) ami(e), la lib\u00e9ration d\u2019une autre d\u2019un enfermement suite \u00e0 une relation malsaine, cela peut \u00eatre l\u2019actualisation du don d\u2019un membre longtemps gard\u00e9 en sommeil, la voie d\u2019une gu\u00e9rison possible pour un corps malade, le d\u00e9cision d\u2019une personne de quitter un \u00e9tat de survie et retrouver le d\u00e9sir de vivre pleinement, la diminution de l\u2019anxi\u00e9t\u00e9 aupr\u00e8s de ses membres, et pour finir un indice qui ne ment pas\u00a0: c\u2019est de constater la joie que vive ses membres du seul fait d\u2019\u00eatre ensemble et d\u2019accueillir l\u2019autre dans ses diff\u00e9rences.<\/p>\n<p>Dans notre monde actuel, il est parfois difficile de trouver de telles communaut\u00e9s. Pour ce faire, nous avons besoin de la pr\u00e9sence de l\u2019Esprit pour retracer un groupe, ou plut\u00f4t une famille spirituelle qui pourrait nous permettre de c\u00f4toyer Celui qui, par sa pr\u00e9sence, peut att\u00e9nuer notre soif de sens.<\/p>\n<p>Rendons gr\u00e2ce pour ceux et celles qui ont eu la chance de mettre la main sur une telle communaut\u00e9. Soyez des t\u00e9moins de votre d\u00e9couverte et venez en aide aux personnes qui sont \u00e0 la recherche d\u2019une communaut\u00e9 qui pourrait possiblement apporter du sens \u00e0 leur vie.<\/p>\n<p><strong>Martial Brassard<\/strong>, R\u00e9pondant des Communaut\u00e9s du P\u00e8lerin<\/p>[\/et_pb_text][\/et_pb_column][\/et_pb_row][et_pb_row _builder_version=&#8221;4.27.4&#8243; _module_preset=&#8221;default&#8221; global_colors_info=&#8221;{}&#8221; theme_builder_area=&#8221;post_content&#8221;][et_pb_column type=&#8221;4_4&#8243; _builder_version=&#8221;4.27.4&#8243; _module_preset=&#8221;default&#8221; global_colors_info=&#8221;{}&#8221; theme_builder_area=&#8221;post_content&#8221;][et_pb_heading title=&#8221;\u00c0 propos des Communaut\u00e9s du P\u00e8lerin&#8221; _builder_version=&#8221;4.27.4&#8243; _module_preset=&#8221;default&#8221; title_text_align=&#8221;left&#8221; title_font_size=&#8221;26px&#8221; global_colors_info=&#8221;{}&#8221; theme_builder_area=&#8221;post_content&#8221;][\/et_pb_heading][et_pb_text _builder_version=&#8221;4.27.4&#8243; _module_preset=&#8221;default&#8221; global_colors_info=&#8221;{}&#8221; theme_builder_area=&#8221;post_content&#8221;]<p>Les Communaut\u00e9s du P\u00e8lerin rassemblent des personnes en qu\u00eate de croissance humaine et spirituelle. Fond\u00e9es sur l\u2019\u00e9coute bienveillante et la pr\u00e9sence de l\u2019\u00catre-Parole en chacun(e), elles offrent un espace pour avancer ensemble dans la foi et la vie int\u00e9rieure. Nos communaut\u00e9s proposent une v\u00e9ritable exp\u00e9rience d\u2019\u00c9glise de l\u2019accompagnement et de la Parole de Dieu. Chaque membre est invit\u00e9 \u00e0 entrer dans des relations profondes et signifiantes, nourries par la confiance et l\u2019\u00e9change authentique. Les rencontres mensuelles, les retraites, les p\u00e8lerinages et les groupes de partage sont autant d\u2019occasions de nourrir sa vie spirituelle. La Parole de Dieu y tient une place centrale, invitant chacun \u00e0 l\u2019accueillir et \u00e0 en t\u00e9moigner dans sa vie quotidienne.<\/p>\n<p><a href=\"https:\/\/lepelerin.org\/portail\/communautes\/les-communautes-du-pelerin\/\">En savoir plus et joindre les Communaut\u00e9s du P\u00e8lerin &gt;\u00a0<\/a><\/p>[\/et_pb_text][\/et_pb_column][\/et_pb_row][\/et_pb_section][et_pb_section fb_built=&#8221;1&#8243; _builder_version=&#8221;4.27.4&#8243; _module_preset=&#8221;default&#8221; custom_margin=&#8221;40px|||||&#8221; custom_padding=&#8221;0px|||||&#8221; global_colors_info=&#8221;{}&#8221; theme_builder_area=&#8221;post_content&#8221;][et_pb_row _builder_version=&#8221;4.27.4&#8243; _module_preset=&#8221;default&#8221; global_colors_info=&#8221;{}&#8221; theme_builder_area=&#8221;post_content&#8221;][et_pb_column type=&#8221;4_4&#8243; _builder_version=&#8221;4.27.4&#8243; _module_preset=&#8221;default&#8221; global_colors_info=&#8221;{}&#8221; theme_builder_area=&#8221;post_content&#8221;][et_pb_heading title=&#8221;\u00c9v\u00e9nements \u00e0 venir pour les Communaut\u00e9s du P\u00e8lerin&#8221; _builder_version=&#8221;4.27.4&#8243; _module_preset=&#8221;7d021552-ee50-41e6-9a48-eee88da621cd&#8221; title_text_align=&#8221;left&#8221; title_font_size=&#8221;26px&#8221; global_colors_info=&#8221;{}&#8221; theme_builder_area=&#8221;post_content&#8221;][\/et_pb_heading][diec_event_carousel show_venue=&#8221;off&#8221; show_name=&#8221;off&#8221; show_price=&#8221;off&#8221; show_category=&#8221;off&#8221; show_weburl=&#8221;off&#8221; show_detail=&#8221;off&#8221; included_categories=&#8221;20&#8243; _builder_version=&#8221;4.27.4&#8243; _module_preset=&#8221;default&#8221; global_colors_info=&#8221;{}&#8221; theme_builder_area=&#8221;post_content&#8221;][\/diec_event_carousel][\/et_pb_column][\/et_pb_row][\/et_pb_section][et_pb_section fb_built=&#8221;1&#8243; _builder_version=&#8221;4.27.4&#8243; _module_preset=&#8221;default&#8221; global_module=&#8221;250732&#8243; saved_tabs=&#8221;all&#8221; global_colors_info=&#8221;{}&#8221; theme_builder_area=&#8221;post_content&#8221;][et_pb_row _builder_version=&#8221;4.27.4&#8243; _module_preset=&#8221;default&#8221; global_colors_info=&#8221;{}&#8221; theme_builder_area=&#8221;post_content&#8221;][et_pb_column type=&#8221;4_4&#8243; _builder_version=&#8221;4.27.4&#8243; _module_preset=&#8221;default&#8221; global_colors_info=&#8221;{}&#8221; theme_builder_area=&#8221;post_content&#8221;][et_pb_post_nav in_same_term=&#8221;on&#8221; prev_text=&#8221;Article pr\u00e9c\u00e9dent&#8221; next_text=&#8221;Article suivant&#8221; _builder_version=&#8221;4.27.4&#8243; _module_preset=&#8221;default&#8221; global_colors_info=&#8221;{}&#8221; theme_builder_area=&#8221;post_content&#8221;][\/et_pb_post_nav][\/et_pb_column][\/et_pb_row][\/et_pb_section]\n","protected":false},"excerpt":{"rendered":"<p>Nous voil\u00e0 dix ans apr\u00e8s la sortie du livre d\u2019\u00c9lizabeth Gilbert intitul\u00e9 : \u00ab Mange, prie et aime \u00bb. Malgr\u00e9 le fait que cet \u00e9crit ait r\u00e9pondu \u00e0 une qu\u00eate de sens pour plusieurs et surtout aupr\u00e8s des femmes, nous faisons le constat que beaucoup de gens sont toujours \u00e0 la qu\u00eate du sens de leur vie.<\/p>\n","protected":false},"author":9,"featured_media":254927,"comment_status":"open","ping_status":"open","sticky":false,"template":"","format":"standard","meta":{"_et_pb_use_builder":"on","_et_pb_old_content":"","_et_gb_content_width":"","footnotes":""},"categories":[26,5],"tags":[],"class_list":["post-254917","post","type-post","status-publish","format-standard","has-post-thumbnail","hentry","category-communautes-du-pelerin","category-actualites-du-pelerin"],"_links":{"self":[{"href":"https:\/\/lepelerin.org\/portail\/wp-json\/wp\/v2\/posts\/254917","targetHints":{"allow":["GET"]}}],"collection":[{"href":"https:\/\/lepelerin.org\/portail\/wp-json\/wp\/v2\/posts"}],"about":[{"href":"https:\/\/lepelerin.org\/portail\/wp-json\/wp\/v2\/types\/post"}],"author":[{"embeddable":true,"href":"https:\/\/lepelerin.org\/portail\/wp-json\/wp\/v2\/users\/9"}],"replies":[{"embeddable":true,"href":"https:\/\/lepelerin.org\/portail\/wp-json\/wp\/v2\/comments?post=254917"}],"version-history":[{"count":6,"href":"https:\/\/lepelerin.org\/portail\/wp-json\/wp\/v2\/posts\/254917\/revisions"}],"predecessor-version":[{"id":254926,"href":"https:\/\/lepelerin.org\/portail\/wp-json\/wp\/v2\/posts\/254917\/revisions\/254926"}],"wp:featuredmedia":[{"embeddable":true,"href":"https:\/\/lepelerin.org\/portail\/wp-json\/wp\/v2\/media\/254927"}],"wp:attachment":[{"href":"https:\/\/lepelerin.org\/portail\/wp-json\/wp\/v2\/media?parent=254917"}],"wp:term":[{"taxonomy":"category","embeddable":true,"href":"https:\/\/lepelerin.org\/portail\/wp-json\/wp\/v2\/categories?post=254917"},{"taxonomy":"post_tag","embeddable":true,"href":"https:\/\/lepelerin.org\/portail\/wp-json\/wp\/v2\/tags?post=254917"}],"curies":[{"name":"wp","href":"https:\/\/api.w.org\/{rel}","templated":true}]}}