{"id":254695,"date":"2026-01-08T10:18:50","date_gmt":"2026-01-08T15:18:50","guid":{"rendered":"https:\/\/lepelerin.org\/portail\/?p=254695"},"modified":"2026-01-29T15:40:26","modified_gmt":"2026-01-29T20:40:26","slug":"des-pelerins-et-des-mages","status":"publish","type":"post","link":"https:\/\/lepelerin.org\/portail\/editoriaux\/des-pelerins-et-des-mages\/","title":{"rendered":"Des p\u00e8lerins et des mages \u2013 \u00c9ditorial de janvier 2026"},"content":{"rendered":"\n[et_pb_section fb_built=&#8221;1&#8243; _builder_version=&#8221;4.27.4&#8243; _module_preset=&#8221;default&#8221; custom_padding=&#8221;0px|||||&#8221; global_colors_info=&#8221;{}&#8221; theme_builder_area=&#8221;post_content&#8221;][et_pb_row _builder_version=&#8221;4.27.4&#8243; _module_preset=&#8221;default&#8221; global_colors_info=&#8221;{}&#8221; theme_builder_area=&#8221;post_content&#8221;][et_pb_column type=&#8221;4_4&#8243; _builder_version=&#8221;4.27.4&#8243; _module_preset=&#8221;default&#8221; global_colors_info=&#8221;{}&#8221; theme_builder_area=&#8221;post_content&#8221;][et_pb_text module_class=&#8221;custom-bullet&#8221; _builder_version=&#8221;4.27.4&#8243; _module_preset=&#8221;default&#8221; custom_padding=&#8221;||5px|||&#8221; hover_enabled=&#8221;0&#8243; global_colors_info=&#8221;{}&#8221; theme_builder_area=&#8221;post_content&#8221; sticky_enabled=&#8221;0&#8243;]<p>En cette ann\u00e9e qui tente de d\u00e9ployer sa nouveaut\u00e9, sa promesse et sa fra\u00eecheur \u00e0 travers les violences et les noirceurs, le p\u00e8lerinage des mages vient nous inspirer. Venus d\u2019Orient, suivant la bonne \u00e9toile, refusant de tuer l\u2019enfant, leur royaut\u00e9 s\u2019agenouillera en toute humilit\u00e9. La f\u00eate de l\u2019\u00c9piphanie que nous venons de c\u00e9l\u00e9brer est celle de la r\u00e9v\u00e9lation du visage de Dieu. Un Dieu-enfant n\u00e9 dans la pauvret\u00e9 et le d\u00e9go\u00fbt d\u2019une \u00e9table, emmaillot\u00e9 d\u2019impuissance et de la fragilit\u00e9 des langes, expos\u00e9 au tout venant, \u00e0 la vuln\u00e9rabilit\u00e9 et m\u00eames aux inconnus bergers.<\/p>\n<p>Les mages proviennent de l\u2019enfance dira Christian Bobin, ils sont le miroir humain du visage divin. Par\u00e9s de pouvoirs et de toute-puissance politiquement fabriqu\u00e9e, transportant sur des kilom\u00e8tres richesse et raffinement d\u00e9concertants, ils arrivent de si loin pour d\u00e9poser leurs attributs si humains au pied du divin. N\u2019est-ce pas aussi ce que Dieu d\u00e9pose en nos cr\u00e8ches : sa toute-puissance au c\u0153ur de nos faiblesses maquill\u00e9es, sa richesse au c\u0153ur de nos manques bien habill\u00e9s, son intimit\u00e9 au c\u0153ur de nos pauvret\u00e9s embaum\u00e9es? N\u2019est-ce pas ces tr\u00e9sors enfouis que son Esprit saint ravive, d\u00e9terre et porte \u00e0 la lumi\u00e8re au sein de nos accompagnements, au creux de nos formations et ce, depuis 25 ans ?<\/p>\n<p>Ces travers\u00e9es et ces r\u00e9surrections, nous les vivons dans un quotidien assailli par les invectives, l\u2019injustice, l\u2019indignit\u00e9, le d\u00e9ni. Tous ne sont qu\u2019ensevelissement des pr\u00e9sents de Dieu au plus profond de notre humanit\u00e9. Les mages, ces \u00eatres-accompagnateurs, nous guident pour retourner vers l\u2019immacul\u00e9e de l\u2019enfance malgr\u00e9 les souillures. Ils transforment la qu\u00eate et la d\u00e9route en \u00e9coute et en int\u00e9riorit\u00e9. Ils rel\u00e8vent le regard et t\u00e9moignent de la splendeur du divin en tout visage humain; laissant l\u00e0 toute-puissance et richesse, c\u00e9l\u00e9brant la vuln\u00e9rabilit\u00e9 qui pr\u00e9serve l\u2019enfant. Dans cet ordre-l\u00e0, au pied d\u2019une mangeoire, au pied des regrets, des trahisons et des d\u00e9ceptions d\u2019un amour sans divin.<\/p>\n<p>Christian Bobin dira dans <em>Une petite robe en f\u00eate<\/em>\u00a0:<\/p>\n<p><em>Avec la fin de l\u2019amour, apparaissent les rois mages\u00a0: la m\u00e9lancolie, le silence et la joie. Ils avancent lentement dans l\u2019air bleu. Ils emm\u00e8nent avec eux une couronne d\u2019ombre, une larme d\u2019or. Ils viennent de l\u2019enfance, ils p\u00e9n\u00e8trent dans l\u2019\u00e2me. Lentement. Jour apr\u00e8s jour. La m\u00e9lancolie, le silence et la joie. Dans cet ordre-l\u00e0, toujours\u00a0: le silence au milieu, au centre. La petite robe claire du silence.<\/em><\/p>\n<p>C\u2019est donc avec humilit\u00e9, l\u00e9g\u00e8ret\u00e9, compassion et pr\u00e9sence que toute l\u2019\u00e9quipe du P\u00e8lerin vous souhaite une ann\u00e9e de paix, d\u2019\u00e9lan et de confiance. Que le Dieu enfant vous comble et vous vivifie devant cet horizon qui s\u2019ouvre devant nous. Et puissions-nous, comme les mages, demeurer \u00e9merveill\u00e9s devant la splendeur si divine des visages tant humains que nous rencontrerons cette ann\u00e9e.<\/p>\n<p><strong>Barbara Martel<\/strong> \u2013 <a href=\"mailto:bmartel@lepelerin.org\">bmartel@lepelerin.org<\/a>\u00a0<\/p>[\/et_pb_text][\/et_pb_column][\/et_pb_row][\/et_pb_section][et_pb_section fb_built=&#8221;1&#8243; _builder_version=&#8221;4.27.4&#8243; _module_preset=&#8221;default&#8221; global_colors_info=&#8221;{}&#8221; theme_builder_area=&#8221;post_content&#8221;][et_pb_row _builder_version=&#8221;4.27.4&#8243; _module_preset=&#8221;default&#8221; global_colors_info=&#8221;{}&#8221; theme_builder_area=&#8221;post_content&#8221;][et_pb_column type=&#8221;4_4&#8243; _builder_version=&#8221;4.27.4&#8243; _module_preset=&#8221;default&#8221; global_colors_info=&#8221;{}&#8221; theme_builder_area=&#8221;post_content&#8221;][et_pb_heading title=&#8221;\u00c9v\u00e9nements \u00e0 venir au P\u00e8lerin&#8221; _builder_version=&#8221;4.27.4&#8243; _module_preset=&#8221;7d021552-ee50-41e6-9a48-eee88da621cd&#8221; title_text_align=&#8221;left&#8221; global_colors_info=&#8221;{}&#8221; theme_builder_area=&#8221;post_content&#8221;][\/et_pb_heading][diec_event_carousel show_venue=&#8221;off&#8221; show_name=&#8221;off&#8221; show_price=&#8221;off&#8221; show_category=&#8221;off&#8221; show_weburl=&#8221;off&#8221; show_detail=&#8221;off&#8221; event_count=&#8221;15&#8243; included_categories=&#8221;14&#8243; _builder_version=&#8221;4.27.4&#8243; _module_preset=&#8221;default&#8221; global_colors_info=&#8221;{}&#8221; theme_builder_area=&#8221;post_content&#8221;][\/diec_event_carousel][\/et_pb_column][\/et_pb_row][\/et_pb_section][et_pb_section fb_built=&#8221;1&#8243; _builder_version=&#8221;4.27.4&#8243; _module_preset=&#8221;default&#8221; global_module=&#8221;250732&#8243; saved_tabs=&#8221;all&#8221; global_colors_info=&#8221;{}&#8221; theme_builder_area=&#8221;post_content&#8221;][et_pb_row _builder_version=&#8221;4.27.4&#8243; _module_preset=&#8221;default&#8221; global_colors_info=&#8221;{}&#8221; theme_builder_area=&#8221;post_content&#8221;][et_pb_column type=&#8221;4_4&#8243; _builder_version=&#8221;4.27.4&#8243; _module_preset=&#8221;default&#8221; global_colors_info=&#8221;{}&#8221; theme_builder_area=&#8221;post_content&#8221;][et_pb_post_nav in_same_term=&#8221;on&#8221; prev_text=&#8221;Article pr\u00e9c\u00e9dent&#8221; next_text=&#8221;Article suivant&#8221; _builder_version=&#8221;4.27.4&#8243; _module_preset=&#8221;default&#8221; global_colors_info=&#8221;{}&#8221; theme_builder_area=&#8221;post_content&#8221;][\/et_pb_post_nav][\/et_pb_column][\/et_pb_row][\/et_pb_section]\n","protected":false},"excerpt":{"rendered":"<p>En cette ann\u00e9e qui tente de d\u00e9ployer sa nouveaut\u00e9, sa promesse et sa fra\u00eecheur \u00e0 travers les violences et les noirceurs, le p\u00e8lerinage des mages vient nous inspirer. Venus d\u2019Orient, [&hellip;]<\/p>\n","protected":false},"author":5,"featured_media":254698,"comment_status":"open","ping_status":"open","sticky":false,"template":"","format":"standard","meta":{"_et_pb_use_builder":"on","_et_pb_old_content":"","_et_gb_content_width":"","footnotes":""},"categories":[25,5],"tags":[],"class_list":["post-254695","post","type-post","status-publish","format-standard","has-post-thumbnail","hentry","category-editoriaux","category-actualites-du-pelerin"],"_links":{"self":[{"href":"https:\/\/lepelerin.org\/portail\/wp-json\/wp\/v2\/posts\/254695","targetHints":{"allow":["GET"]}}],"collection":[{"href":"https:\/\/lepelerin.org\/portail\/wp-json\/wp\/v2\/posts"}],"about":[{"href":"https:\/\/lepelerin.org\/portail\/wp-json\/wp\/v2\/types\/post"}],"author":[{"embeddable":true,"href":"https:\/\/lepelerin.org\/portail\/wp-json\/wp\/v2\/users\/5"}],"replies":[{"embeddable":true,"href":"https:\/\/lepelerin.org\/portail\/wp-json\/wp\/v2\/comments?post=254695"}],"version-history":[{"count":5,"href":"https:\/\/lepelerin.org\/portail\/wp-json\/wp\/v2\/posts\/254695\/revisions"}],"predecessor-version":[{"id":254940,"href":"https:\/\/lepelerin.org\/portail\/wp-json\/wp\/v2\/posts\/254695\/revisions\/254940"}],"wp:featuredmedia":[{"embeddable":true,"href":"https:\/\/lepelerin.org\/portail\/wp-json\/wp\/v2\/media\/254698"}],"wp:attachment":[{"href":"https:\/\/lepelerin.org\/portail\/wp-json\/wp\/v2\/media?parent=254695"}],"wp:term":[{"taxonomy":"category","embeddable":true,"href":"https:\/\/lepelerin.org\/portail\/wp-json\/wp\/v2\/categories?post=254695"},{"taxonomy":"post_tag","embeddable":true,"href":"https:\/\/lepelerin.org\/portail\/wp-json\/wp\/v2\/tags?post=254695"}],"curies":[{"name":"wp","href":"https:\/\/api.w.org\/{rel}","templated":true}]}}