{"id":254689,"date":"2026-01-08T09:43:47","date_gmt":"2026-01-08T14:43:47","guid":{"rendered":"https:\/\/lepelerin.org\/portail\/?p=254689"},"modified":"2026-01-08T09:43:48","modified_gmt":"2026-01-08T14:43:48","slug":"accueil-incarnation-don-chemin-evangile","status":"publish","type":"post","link":"https:\/\/lepelerin.org\/portail\/communautes-du-pelerin\/accueil-incarnation-don-chemin-evangile\/","title":{"rendered":"L\u2019accueil et l\u2019incarnation de notre don; chemin d\u2019\u00c9vangile\u00a0\u2013 Les Communaut\u00e9s du P\u00e8lerin"},"content":{"rendered":"\n[et_pb_section fb_built=&#8221;1&#8243; _builder_version=&#8221;4.27.4&#8243; _module_preset=&#8221;default&#8221; custom_padding=&#8221;0px||0px|||&#8221; global_colors_info=&#8221;{}&#8221; theme_builder_area=&#8221;post_content&#8221;][et_pb_row _builder_version=&#8221;4.27.4&#8243; _module_preset=&#8221;default&#8221; global_colors_info=&#8221;{}&#8221; theme_builder_area=&#8221;post_content&#8221;][et_pb_column type=&#8221;4_4&#8243; _builder_version=&#8221;4.27.4&#8243; _module_preset=&#8221;default&#8221; global_colors_info=&#8221;{}&#8221; theme_builder_area=&#8221;post_content&#8221;][et_pb_text module_class=&#8221;custom-bullet&#8221; _builder_version=&#8221;4.27.4&#8243; _module_preset=&#8221;default&#8221; hover_enabled=&#8221;0&#8243; global_colors_info=&#8221;{}&#8221; theme_builder_area=&#8221;post_content&#8221; sticky_enabled=&#8221;0&#8243;]<p>En d\u00e9cembre dernier, une vingtaine de membres des <a href=\"https:\/\/lepelerin.org\/portail\/communautes\/les-communautes-du-pelerin\">Communaut\u00e9s du P\u00e8lerin<\/a> (CdP) ont particip\u00e9 \u00e0 une journ\u00e9e de ressourcement sur le <strong>th\u00e8me des dons, de la mission et de l\u2019identit\u00e9 spirituelle<\/strong>. Il est impressionnant de voir qu\u2019\u00e0 partir d\u2019un simple exercice, les membres ont \u00e9t\u00e9 en mesure de trouver les dons que le Seigneur leurs avaient l\u00e9gu\u00e9s pour le monde d\u2019aujourd\u2019hui.<\/p>\n<p>Il y a eu le don de la pr\u00e9sence \u00e0 l\u2019autre, le don d\u2019apporter la paix, le don de l\u2019\u00e9coute, le don d\u2019apporter de l\u2019espoir, le don de la compassion, le don de l\u2019accompagnement, le don de faire la v\u00e9rit\u00e9, le don d\u2019intercession aupr\u00e8s de Dieu, le don de prendre parole, le don d\u2019accueil de la diff\u00e9rence, le don d\u2019\u00e9criture, le don d\u2019apporter de la joie, le don de la consolation, etc.<\/p>\n<p>Quelle ne fut pas notre surprise d\u2019entendre les membres partager quelques semaines plus tard qu\u2019ils ou elles avaient des proches et\/ou des ami(e)s qui leur avaient d\u00e9j\u00e0 demand\u00e9 d\u2019exercer leur don dans de petites missions. Comme si le Seigneur les invitait \u00e0 \u0153uvrer \u00e0 la construction de son Royaume. Cela rappelait J\u00e9sus lorsqu\u2019Il avait envoy\u00e9 ses disciples lors de leurs premi\u00e8res missions.<\/p>\n<p>Combien de fois avons-nous entendu un(e) proche ou un ami(e) nous partager qu\u2019il ou elle n\u2019avait aucun don ? Pour r\u00e9aliser, apr\u00e8s coup, que cela \u00e9tait plus l\u2019expression du d\u00e9sir de combler un vide int\u00e9rieur ou de satisfaire un besoin non r\u00e9pondu, tel que la reconnaissance. Il n\u2019est pas surprenant que, dans cet \u00e9tat, nous nous attendons \u00e0 recevoir quelque chose de Dieu tourn\u00e9 uniquement vers soi, alors que le vrai don de Dieu est pour les autres. D\u00e8s que cette prise de conscience prend place, il se cr\u00e9e en nous un espace o\u00f9 notre don peut \u00e9merger, puisqu\u2019il se donne uniquement dans une totale gratuit\u00e9 pour celui ou celle qui le re\u00e7oit et dans l\u2019humilit\u00e9 et l\u2019amour.<\/p>\n<p>Nous avons \u00e9galement pris le temps de nommer les obstacles qui pouvaient faire obstruction \u00e0 accueillir notre don. Tout en r\u00e9alisant qu\u2019il n\u2019\u00e9tait pas n\u00e9cessaire d\u2019\u00eatre compl\u00e8tement gu\u00e9ri et lib\u00e9r\u00e9 de toute responsabilit\u00e9 pour commencer \u00e0 utiliser notre don. Le v\u00e9ritable bonheur est de porter du fruit et le plus grand don est notre attitude de le redonner \u00e0 notre tour.<\/p>\n<p>Bien entendu, pour certains membres, la question du \u00ab comment \u00bb exercer leur don a fait surface. Cela d\u00e9montre bien que notre fa\u00e7on de faire est ancr\u00e9e profond\u00e9ment dans notre \u00e9ducation humaine et parentale. Cela nous emp\u00eache souvent de faire alliance avec l\u2019Esprit qui nous ouvre la voie \u00e0 l\u2019incarnation de notre don. Nous portons la croyance que toute acceptation de son aide repr\u00e9senterait une faiblesse de notre part, alors que c\u2019est tout \u00e0 fait le contraire, puisque le d\u00e9sir du Seigneur est de tout faire avec nous.<\/p>\n<p>Offrir son don \u00e0 un autre, \u00e0 un groupe, \u00e0 la soci\u00e9t\u00e9, ou \u00e0 l\u2019\u00c9glise, c\u2019est se donner \u00e0 la mani\u00e8re de J\u00e9sus. C\u2019est le : \u00ab Vous ferez cela en m\u00e9moire de Moi. \u00bb<\/p>\n<p>En cette nouvelle ann\u00e9e qui commence, les membres de la CdP vous souhaitent de d\u00e9couvrir votre don et de faire alliance avec l\u2019Esprit pour la construction du Royaume. C\u2019est un moyen assur\u00e9 et fiable de \u00ab Devenir chemin d\u2019\u00c9vangile \u00bb.<\/p>\n<p><strong>Martial Brassard<\/strong>, R\u00e9pondant des CdP<\/p>[\/et_pb_text][\/et_pb_column][\/et_pb_row][et_pb_row _builder_version=&#8221;4.27.4&#8243; _module_preset=&#8221;default&#8221; global_colors_info=&#8221;{}&#8221; theme_builder_area=&#8221;post_content&#8221;][et_pb_column type=&#8221;4_4&#8243; _builder_version=&#8221;4.27.4&#8243; _module_preset=&#8221;default&#8221; global_colors_info=&#8221;{}&#8221; theme_builder_area=&#8221;post_content&#8221;][et_pb_heading title=&#8221;\u00c0 propos des Communaut\u00e9s du P\u00e8lerin&#8221; _builder_version=&#8221;4.27.4&#8243; _module_preset=&#8221;default&#8221; title_text_align=&#8221;left&#8221; title_font_size=&#8221;26px&#8221; global_colors_info=&#8221;{}&#8221; theme_builder_area=&#8221;post_content&#8221;][\/et_pb_heading][et_pb_text _builder_version=&#8221;4.27.4&#8243; _module_preset=&#8221;default&#8221; global_colors_info=&#8221;{}&#8221; theme_builder_area=&#8221;post_content&#8221;]<p>Les Communaut\u00e9s du P\u00e8lerin rassemblent des personnes en qu\u00eate de croissance humaine et spirituelle. Fond\u00e9es sur l\u2019\u00e9coute bienveillante et la pr\u00e9sence de l\u2019\u00catre-Parole en chacun(e), elles offrent un espace pour avancer ensemble dans la foi et la vie int\u00e9rieure. Nos communaut\u00e9s proposent une v\u00e9ritable exp\u00e9rience d\u2019\u00c9glise de l\u2019accompagnement et de la Parole de Dieu. Chaque membre est invit\u00e9 \u00e0 entrer dans des relations profondes et signifiantes, nourries par la confiance et l\u2019\u00e9change authentique. Les rencontres mensuelles, les retraites, les p\u00e8lerinages et les groupes de partage sont autant d\u2019occasions de nourrir sa vie spirituelle. La Parole de Dieu y tient une place centrale, invitant chacun \u00e0 l\u2019accueillir et \u00e0 en t\u00e9moigner dans sa vie quotidienne.<\/p>\n<p><a href=\"https:\/\/lepelerin.org\/portail\/communautes\/les-communautes-du-pelerin\/\">En savoir plus et joindre les Communaut\u00e9s du P\u00e8lerin &gt;\u00a0<\/a><\/p>[\/et_pb_text][\/et_pb_column][\/et_pb_row][\/et_pb_section][et_pb_section fb_built=&#8221;1&#8243; _builder_version=&#8221;4.27.4&#8243; _module_preset=&#8221;default&#8221; custom_margin=&#8221;40px|||||&#8221; custom_padding=&#8221;0px|||||&#8221; global_colors_info=&#8221;{}&#8221; theme_builder_area=&#8221;post_content&#8221;][et_pb_row _builder_version=&#8221;4.27.4&#8243; _module_preset=&#8221;default&#8221; global_colors_info=&#8221;{}&#8221; theme_builder_area=&#8221;post_content&#8221;][et_pb_column type=&#8221;4_4&#8243; _builder_version=&#8221;4.27.4&#8243; _module_preset=&#8221;default&#8221; global_colors_info=&#8221;{}&#8221; theme_builder_area=&#8221;post_content&#8221;][et_pb_heading title=&#8221;\u00c9v\u00e9nements \u00e0 venir pour les Communaut\u00e9s du P\u00e8lerin&#8221; _builder_version=&#8221;4.27.4&#8243; _module_preset=&#8221;7d021552-ee50-41e6-9a48-eee88da621cd&#8221; title_text_align=&#8221;left&#8221; title_font_size=&#8221;26px&#8221; global_colors_info=&#8221;{}&#8221; theme_builder_area=&#8221;post_content&#8221;][\/et_pb_heading][diec_event_carousel show_venue=&#8221;off&#8221; show_name=&#8221;off&#8221; show_price=&#8221;off&#8221; show_category=&#8221;off&#8221; show_weburl=&#8221;off&#8221; show_detail=&#8221;off&#8221; included_categories=&#8221;20&#8243; _builder_version=&#8221;4.27.4&#8243; _module_preset=&#8221;default&#8221; global_colors_info=&#8221;{}&#8221; theme_builder_area=&#8221;post_content&#8221;][\/diec_event_carousel][\/et_pb_column][\/et_pb_row][\/et_pb_section][et_pb_section fb_built=&#8221;1&#8243; _builder_version=&#8221;4.27.4&#8243; _module_preset=&#8221;default&#8221; global_module=&#8221;250732&#8243; saved_tabs=&#8221;all&#8221; global_colors_info=&#8221;{}&#8221; theme_builder_area=&#8221;post_content&#8221;][et_pb_row _builder_version=&#8221;4.27.4&#8243; _module_preset=&#8221;default&#8221; global_colors_info=&#8221;{}&#8221; theme_builder_area=&#8221;post_content&#8221;][et_pb_column type=&#8221;4_4&#8243; _builder_version=&#8221;4.27.4&#8243; _module_preset=&#8221;default&#8221; global_colors_info=&#8221;{}&#8221; theme_builder_area=&#8221;post_content&#8221;][et_pb_post_nav in_same_term=&#8221;on&#8221; prev_text=&#8221;Article pr\u00e9c\u00e9dent&#8221; next_text=&#8221;Article suivant&#8221; _builder_version=&#8221;4.27.4&#8243; _module_preset=&#8221;default&#8221; global_colors_info=&#8221;{}&#8221; theme_builder_area=&#8221;post_content&#8221;][\/et_pb_post_nav][\/et_pb_column][\/et_pb_row][\/et_pb_section]\n","protected":false},"excerpt":{"rendered":"<p>En d\u00e9cembre dernier, une vingtaine de membres des Communaut\u00e9s du P\u00e8lerin (CdP) ont particip\u00e9 \u00e0 une journ\u00e9e de ressourcement sur le th\u00e8me des dons, de la mission et de l\u2019identit\u00e9 [&hellip;]<\/p>\n","protected":false},"author":9,"featured_media":254693,"comment_status":"open","ping_status":"open","sticky":false,"template":"","format":"standard","meta":{"_et_pb_use_builder":"on","_et_pb_old_content":"","_et_gb_content_width":"","footnotes":""},"categories":[26,5],"tags":[],"class_list":["post-254689","post","type-post","status-publish","format-standard","has-post-thumbnail","hentry","category-communautes-du-pelerin","category-actualites-du-pelerin"],"_links":{"self":[{"href":"https:\/\/lepelerin.org\/portail\/wp-json\/wp\/v2\/posts\/254689","targetHints":{"allow":["GET"]}}],"collection":[{"href":"https:\/\/lepelerin.org\/portail\/wp-json\/wp\/v2\/posts"}],"about":[{"href":"https:\/\/lepelerin.org\/portail\/wp-json\/wp\/v2\/types\/post"}],"author":[{"embeddable":true,"href":"https:\/\/lepelerin.org\/portail\/wp-json\/wp\/v2\/users\/9"}],"replies":[{"embeddable":true,"href":"https:\/\/lepelerin.org\/portail\/wp-json\/wp\/v2\/comments?post=254689"}],"version-history":[{"count":3,"href":"https:\/\/lepelerin.org\/portail\/wp-json\/wp\/v2\/posts\/254689\/revisions"}],"predecessor-version":[{"id":254694,"href":"https:\/\/lepelerin.org\/portail\/wp-json\/wp\/v2\/posts\/254689\/revisions\/254694"}],"wp:featuredmedia":[{"embeddable":true,"href":"https:\/\/lepelerin.org\/portail\/wp-json\/wp\/v2\/media\/254693"}],"wp:attachment":[{"href":"https:\/\/lepelerin.org\/portail\/wp-json\/wp\/v2\/media?parent=254689"}],"wp:term":[{"taxonomy":"category","embeddable":true,"href":"https:\/\/lepelerin.org\/portail\/wp-json\/wp\/v2\/categories?post=254689"},{"taxonomy":"post_tag","embeddable":true,"href":"https:\/\/lepelerin.org\/portail\/wp-json\/wp\/v2\/tags?post=254689"}],"curies":[{"name":"wp","href":"https:\/\/api.w.org\/{rel}","templated":true}]}}