{"id":254634,"date":"2026-01-06T10:22:36","date_gmt":"2026-01-06T15:22:36","guid":{"rendered":"https:\/\/lepelerin.org\/portail\/?p=254634"},"modified":"2026-01-06T10:22:37","modified_gmt":"2026-01-06T15:22:37","slug":"charles-de-foucauld-evangelisation-des-profondeurs","status":"publish","type":"post","link":"https:\/\/lepelerin.org\/portail\/evangelisation-des-profondeurs\/charles-de-foucauld-evangelisation-des-profondeurs\/","title":{"rendered":"De Charles de Foucauld \u00e0 l\u2019\u00c9vang\u00e9lisation des profondeurs \u2013 EDP"},"content":{"rendered":"\n[et_pb_section fb_built=&#8221;1&#8243; _builder_version=&#8221;4.27.4&#8243; _module_preset=&#8221;default&#8221; custom_padding=&#8221;0px||0px|||&#8221; global_colors_info=&#8221;{}&#8221;][et_pb_row _builder_version=&#8221;4.27.4&#8243; _module_preset=&#8221;default&#8221; global_colors_info=&#8221;{}&#8221;][et_pb_column type=&#8221;4_4&#8243; _builder_version=&#8221;4.27.4&#8243; _module_preset=&#8221;default&#8221; global_colors_info=&#8221;{}&#8221;][et_pb_text module_class=&#8221;custom-bullet&#8221; _builder_version=&#8221;4.27.4&#8243; _module_preset=&#8221;default&#8221; hover_enabled=&#8221;0&#8243; global_colors_info=&#8221;{}&#8221; sticky_enabled=&#8221;0&#8243;]<p>Nous avons tous dans notre histoire, \u00e0 un moment ou l\u2019autre, \u00e9t\u00e9 rejoint par des personnes significatives qui nous ont marqu\u00e9s : une pr\u00e9sence, un t\u00e9moignage, un r\u00e9cit, une lecture, une rencontre. Charles de Foucauld f\u00fbt un de ces personnages pour moi. Il s\u2019est pr\u00e9sent\u00e9 \u00e0 moi et a touch\u00e9 mon c\u0153ur profond \u00e0 un moment bien sp\u00e9cial de ma vie.<\/p>\n<p>&nbsp;<\/p>\n<h2>Mais qui est Charles de Foucauld?<\/h2>[\/et_pb_text][\/et_pb_column][\/et_pb_row][et_pb_row column_structure=&#8221;2_5,3_5&#8243; _builder_version=&#8221;4.27.4&#8243; _module_preset=&#8221;default&#8221; global_colors_info=&#8221;{}&#8221;][et_pb_column type=&#8221;2_5&#8243; _builder_version=&#8221;4.27.4&#8243; _module_preset=&#8221;default&#8221; global_colors_info=&#8221;{}&#8221;][et_pb_image src=&#8221;https:\/\/lepelerin.org\/portail\/wp-content\/uploads\/2026\/01\/Charles_de_Foucauld.jpg&#8221; alt=&#8221;Charles de Foucauld&#8221; title_text=&#8221;Charles de Foucauld&#8221; align=&#8221;center&#8221; _builder_version=&#8221;4.27.4&#8243; _module_preset=&#8221;default&#8221; global_colors_info=&#8221;{}&#8221;][\/et_pb_image][et_pb_text _builder_version=&#8221;4.27.4&#8243; _module_preset=&#8221;default&#8221; text_orientation=&#8221;center&#8221; custom_margin=&#8221;-16px|||||&#8221; global_colors_info=&#8221;{}&#8221;]<p><em style=\"font-size: 11px;\">Par <a href=\"https:\/\/commons.wikimedia.org\/w\/index.php?curid=1757881\" target=\"_blank\" rel=\"noopener\">Edsdet<\/a> \u2014 Travail personnel, Domaine public<\/em><\/p>[\/et_pb_text][\/et_pb_column][et_pb_column type=&#8221;3_5&#8243; _builder_version=&#8221;4.27.4&#8243; _module_preset=&#8221;default&#8221; global_colors_info=&#8221;{}&#8221;][et_pb_text module_class=&#8221;custom-bullet&#8221; _builder_version=&#8221;4.27.4&#8243; _module_preset=&#8221;default&#8221; global_colors_info=&#8221;{}&#8221;]<p>Charles de Foucauld, 1858-1916, a \u00e9t\u00e9 canonis\u00e9 par l\u2019\u00c9glise catholique en mai 2022. Il a une histoire de vie captivante avec un parcours de vie bien atypique. Vicomte, originaire d\u2019un milieu aristocratique, tr\u00e8s jeune il a v\u00e9cu des blessures profondes suite au d\u00e9c\u00e8s de sa m\u00e8re, puis de son p\u00e8re. Il est entr\u00e9 dans la cavalerie fran\u00e7aise pour faire plaisir \u00e0 son grand-p\u00e8re et organisait de grandes f\u00eates qui pouvaient sembler douteuses, pour combler ses manques d\u2019amour. Il en avait les moyens. Puis suite au d\u00e9c\u00e8s de son grand-p\u00e8re, il quitte l\u2019arm\u00e9e pour devenir explorateur et cartographier le Maroc. Les r\u00e9sultats de son travail le rendent c\u00e9l\u00e8bre, mais il n\u2019est pas plus heureux pour autant. Sa vie manque de sens!<\/p>[\/et_pb_text][\/et_pb_column][\/et_pb_row][et_pb_row _builder_version=&#8221;4.27.4&#8243; _module_preset=&#8221;default&#8221; global_colors_info=&#8221;{}&#8221;][et_pb_column type=&#8221;4_4&#8243; _builder_version=&#8221;4.27.4&#8243; _module_preset=&#8221;default&#8221; global_colors_info=&#8221;{}&#8221;][et_pb_text module_class=&#8221;custom-bullet&#8221; _builder_version=&#8221;4.27.4&#8243; _module_preset=&#8221;default&#8221; hover_enabled=&#8221;0&#8243; global_colors_info=&#8221;{}&#8221; sticky_enabled=&#8221;0&#8243;]<p>Entour\u00e9 d\u2019hommes de foi de diff\u00e9rentes religions, juive, musulmane, chr\u00e9tienne, il est touch\u00e9 par leurs croyances et se met \u00e0 la recherche de Dieu dans sa vie. Une parole l\u2019accompagne : \u00ab Mon Dieu si vous existez, faites-le moi conna\u00eetre \u00bb<\/p>\n<p>Gr\u00e2ce \u00e0 un accompagnement spirituel et l\u2019accueil inconditionnel par sa famille de sa conversion, il d\u00e9couvre alors J\u00e9sus qui devient le centre de sa vie. Par la suite, toutes les \u00e9tapes qu\u2019il franchit sont dans le but de s\u2019en rapprocher davantage. C\u2019est ce qui l\u2019am\u00e8ne \u00e0 devenir moine, puis \u00eatre ordonn\u00e9 pr\u00eatre. Il d\u00e9couvre J\u00e9sus chez les plus pauvres, et pour lui les plus pauvres, ce sont ces personnes qui sont priv\u00e9es du t\u00e9moignage de la pr\u00e9sence de Dieu. Il d\u00e9cide alors de s\u2019engager comme missionnaire dans le d\u00e9sert du Sahara aupr\u00e8s des Touaregs.<\/p>\n<p>Il allait vraiment \u00e0 contre-courant de son \u00e9poque, l\u00e0 o\u00f9 le travail des p\u00e8res missionnaires \u00e9tait d\u2019enseigner et de convertir, leur importance se mesurant au nombre de conversions. Pour lui, aucune conversion en 15 ans, mais un service continu d\u2019amour, une pr\u00e9sence aimante, une oasis pour les passants. Il va m\u00eame jusqu\u2019\u00e0 faire un dictionnaire de traduction fran\u00e7ais-touareg pour s\u2019en rapprocher et faciliter la t\u00e2che de ceux qui viendront apr\u00e8s lui.<\/p>\n<p>Pour lui, la f\u00e9condit\u00e9 ne se d\u00e9nombre pas en chiffres, mais bien dans une naissance \u00e0 soi qui engendre Dieu dans le monde; la religion n\u2019est pas une question de r\u00e8gles \u00e0 suivre, mais d\u2019amour et d\u2019abandon.<\/p>\n<h2>Ma rencontre avec Charles de Foucauld<\/h2>\n<p>N\u00e9 du milieu catholique, j\u2019avais connu par mon \u00e9ducation un Dieu ext\u00e9rieur \u00e0 moi, avec des r\u00e8gles \u00e0 suivre, auxquelles il fallait se conformer.<\/p>\n<p>Au coeur d\u2019une p\u00e9riode difficile, \u00e0 la suite d\u2019un divorce, j\u2019\u00e9tais loin des r\u00e8gles \u00e0 suivre et je r\u00e9agissais \u00e0 ces fameuses directives. J\u2019ai alors pris mes distances face \u00e0 l\u2019\u00c9glise. J\u2019y sentais davantage une pastorale de la tol\u00e9rance d\u2019un pauvre p\u00e9cheur, plut\u00f4t qu\u2019une reconnaissance \u00e0 part enti\u00e8re d\u2019un fils de Dieu qui souffre. Mais le Dieu de mes entrailles, comme j\u2019aime si bien l\u2019appeler, lui ne m\u2019a pas quitt\u00e9. Par contre il y avait un mur de b\u00e9ton entre ce Dieu des r\u00e8gles \u00e0 suivre et le Dieu de mes entrailles qui m\u2019\u00e9tait \u00e9tranger tout en manifestant subtilement sa pr\u00e9sence. Impossible de l\u2019abandonner.<\/p>\n<p>Toujours loin de l\u2019\u00e9glise, je cherchais un lieu \u00e0 la rencontre de ce Dieu qui m\u2019habite. C\u2019est alors que je suis tomb\u00e9 par hasard (hasard que je nomme aujourd\u2019hui signe de l\u2019Esprit) sur un livre relatant la vie de Charles de Foucauld.<\/p>\n<p>Un choc! Il est alors chez les Touareg, dans le d\u00e9sert, missionnaire, au d\u00e9but des ann\u00e9es 1900. Et je me revoie lire et relire ce passage qui disait que Charles de Foucauld n\u2019essayait pas de les convertir, mais tout simplement de t\u00e9moigner et rayonner de la pr\u00e9sence et de l\u2019amour de Dieu parmi eux. Un Dieu d\u2019amour, c\u2019est \u00e7a que je porte dans mes entrailles, un Dieu qui veut se r\u00e9v\u00e9ler \u00e0 moi l\u00e0 o\u00f9 je suis. Charles de Foucauld venait de faire une br\u00e8che dans mon mur de b\u00e9ton, entre ce Dieu des r\u00e8gles \u00e0 suivre enseign\u00e9es par les autres et ce Dieu qui m\u2019habite int\u00e9rieurement.<\/p>\n<p>La vie de Charles de Foucauld me pr\u00e9sente alors un tout autre Dieu que je ne connaissais pas, mais qui m\u2019a rejoint \u00e9norm\u00e9ment. Un Dieu qui m\u2019accueille et qui m\u2019aime tout simplement comme je suis. Une sorte de terre promise.<\/p>\n<h2>De Charles de Foucauld \u00e0 l\u2019\u00c9vang\u00e9lisation des profondeurs (EDP)<\/h2>\n<p>Tout comme Charles de Foucauld a crois\u00e9 ma route, par la suite c\u2019est l\u2019<a href=\"https:\/\/lepelerin.org\/portail\/services\/evangelisation-des-profondeurs\">\u00c9vang\u00e9lisation des profondeurs<\/a> que l\u2019on m\u2019a propos\u00e9 sur mon chemin. Nous y retrouvons beaucoup de similitudes :<\/p>\n<p>N\u2019est-ce pas ce m\u00eame Dieu d\u2019amour que nous retrouvons en \u00c9vang\u00e9lisation des profondeurs un Dieu d\u2019amour qui nous aime d\u2019un amour inconditionnel, qui nous accueille sans jugement et sans condition, tel que nous sommes et qui nous assure de sa pr\u00e9sence.<\/p>\n<p>EDP s\u2019inscrit vraiment en continuit\u00e9 avec cet \u00e9veil que j\u2019ai connu avec Charles de Foucauld tout en proposant une nouvelle d\u00e9marche pour nous r\u00e9concilier avec nous-m\u00eames, apprivoiser notre coeur profond et approfondir notre relation avec Dieu qui s\u2019y trouve.<\/p>[\/et_pb_text][\/et_pb_column][\/et_pb_row][et_pb_row column_structure=&#8221;1_2,1_2&#8243; _builder_version=&#8221;4.27.4&#8243; _module_preset=&#8221;default&#8221; custom_padding=&#8221;0px|||||&#8221; global_colors_info=&#8221;{}&#8221;][et_pb_column type=&#8221;1_2&#8243; _builder_version=&#8221;4.27.4&#8243; _module_preset=&#8221;default&#8221; global_colors_info=&#8221;{}&#8221;][et_pb_text module_class=&#8221;custom-bullet&#8221; _builder_version=&#8221;4.27.4&#8243; _module_preset=&#8221;default&#8221; global_colors_info=&#8221;{}&#8221;]<p>Tout comme Charles de Foucauld veut rayonner de la pr\u00e9sence de Dieu l\u00e0 o\u00f9 il se trouve, Simone Pacot, auteure de l\u2019\u00c9vang\u00e9lisation des profondeurs, affirme que la f\u00e9condit\u00e9 se vit par l\u2019incarnation de la Parole de Dieu dans nos vies, qui fait de nos r\u00e9alit\u00e9s humaines un lieu sacr\u00e9 de rencontre avec Dieu.<\/p>\n<p>C\u2019est aussi au c\u0153ur de son cheminement que Simone Pacot d\u00e9couvre son minist\u00e8re int\u00e9rieur. D\u2019ailleurs, telle ne fut ma surprise de d\u00e9couvrir qu\u2019au d\u00e9but de son cheminement spirituel alors qu\u2019elle \u00e9tait encore au Maroc, Simone Pacot a \u00e9t\u00e9 inspir\u00e9e de la spiritualit\u00e9 de Charles de Foucauld, le fr\u00e8re universel, pour accueillir l\u2019\u0153cum\u00e9nisme qu\u2019elle portera toute sa vie.<\/p>[\/et_pb_text][\/et_pb_column][et_pb_column type=&#8221;1_2&#8243; _builder_version=&#8221;4.27.4&#8243; _module_preset=&#8221;default&#8221; global_colors_info=&#8221;{}&#8221;][et_pb_image src=&#8221;https:\/\/lepelerin.org\/portail\/wp-content\/uploads\/2025\/03\/EDP-Simone-Pacot.jpg&#8221; alt=&#8221;Simone Pacot&#8221; title_text=&#8221;Simone Pacot&#8221; align=&#8221;center&#8221; _builder_version=&#8221;4.27.4&#8243; _module_preset=&#8221;default&#8221; custom_margin=&#8221;54px||||false|false&#8221; global_colors_info=&#8221;{}&#8221;][\/et_pb_image][et_pb_text _builder_version=&#8221;4.27.4&#8243; _module_preset=&#8221;default&#8221; text_orientation=&#8221;center&#8221; custom_margin=&#8221;-16px|||||&#8221; global_colors_info=&#8221;{}&#8221;]<p><em style=\"font-size: 11px;\"><strong>Simone Pacot<\/strong>, auteure de l\u2019\u00c9vang\u00e9lisation des profondeurs<\/em><\/p>[\/et_pb_text][\/et_pb_column][\/et_pb_row][et_pb_row _builder_version=&#8221;4.27.4&#8243; _module_preset=&#8221;default&#8221; custom_padding=&#8221;0px|||||&#8221; global_colors_info=&#8221;{}&#8221;][et_pb_column type=&#8221;4_4&#8243; _builder_version=&#8221;4.27.4&#8243; _module_preset=&#8221;default&#8221; global_colors_info=&#8221;{}&#8221;][et_pb_text module_class=&#8221;custom-bullet&#8221; _builder_version=&#8221;4.27.4&#8243; _module_preset=&#8221;default&#8221; global_colors_info=&#8221;{}&#8221;]<p>Un jour, Charles de Foucauld est tomb\u00e9 malade du scorbut et son \u00e9tat de sant\u00e9 se d\u00e9t\u00e9riorait dangereusement. Il a \u00e9t\u00e9 sauv\u00e9 par les Touaregs qui lui ont apport\u00e9 le n\u00e9cessaire pour sa gu\u00e9rison. De l\u2019aidant il est devenu l\u2019aid\u00e9. Ne vivons-nous pas ces situations \u00e0 notre tour avec les personnes que l\u2019on accompagne?<\/p>\n<p>Je m\u2019\u00e9merveille et je rends gr\u00e2ce pour tous ces impr\u00e9vus que Dieu met sur notre route pour aller \u00e0 sa rencontre et lui permettre d\u2019habiter nos vies au c\u0153ur de nos libert\u00e9s.<\/p>\n<p>Je vous souhaite d\u2019agr\u00e9ables surprises en ce sens en 2026!<\/p>\n<p><strong>Luc Ferland<\/strong>, membre actif en \u00c9vang\u00e9lisation des profondeurs<\/p>\n<p><strong>R\u00e9f\u00e9rences<\/strong> :<br \/>*<strong>Marie Andr\u00e9<\/strong>, L\u2019Ermite du Grand D\u00e9sert, le bienheureux Charles de Foucauld, ed. Magnificat, 1938, r\u00e9imprim\u00e9 en 1991, 112 pages<br \/>* <strong>Luc Weizmann<\/strong>, Simone Pacot Passante de vie, Salvator, 2022, p.27 et 32<br \/>*<strong>Vid\u00e9o YouTube<\/strong> : <a href=\"https:\/\/www.youtube.com\/watch?v=iBpNfEOM1us\" target=\"_blank\" rel=\"noopener\">Charles de Foucauld, le fr\u00e8re universel<\/a> (52 minutes)<br \/>*<strong>Vid\u00e9o YouTube<\/strong> : <a href=\"https:\/\/www.youtube.com\/watch?v=E7wuOJpa9fs\" target=\"_blank\" rel=\"noopener\">Sur les pas de Charles de Foucauld<\/a> (53 minutes)<br \/>*Https:\/\/www.t\u00e9moins.com\/parole-ouverte\/itin\u00e9raires.-des-chr\u00e9tiens-t\u00e9moignent.html 2010-08-01<\/p>[\/et_pb_text][\/et_pb_column][\/et_pb_row][et_pb_row _builder_version=&#8221;4.27.4&#8243; _module_preset=&#8221;default&#8221; global_colors_info=&#8221;{}&#8221;][et_pb_column type=&#8221;4_4&#8243; _builder_version=&#8221;4.27.4&#8243; _module_preset=&#8221;default&#8221; global_colors_info=&#8221;{}&#8221;][et_pb_heading title=&#8221;\u00c0 propos d&#8217;\u00c9vang\u00e9lisation des profondeurs&#8221; _builder_version=&#8221;4.27.4&#8243; _module_preset=&#8221;default&#8221; title_text_align=&#8221;left&#8221; title_font_size=&#8221;26px&#8221; global_colors_info=&#8221;{}&#8221;][\/et_pb_heading][et_pb_text _builder_version=&#8221;4.27.4&#8243; _module_preset=&#8221;default&#8221; global_colors_info=&#8221;{}&#8221;]<p>\u00c9vang\u00e9lisation des profondeurs propose un chemin d\u2019incarnation et de vie. \u00c0 travers des <strong>sessions, des groupes de lecture et des temps de ressourcement<\/strong>, nous apprenons \u00e0 ouvrir \u00e0 l\u2019Esprit Saint toute notre histoire, nos relations bless\u00e9es et les \u00e9v\u00e9nements de nos vies. Appuy\u00e9s sur la Parole de Dieu et \u00e9clair\u00e9s par les sciences humaines, nous d\u00e9couvrons qu\u2019\u00ab quels que soient les \u00e9v\u00e9nements, il y a une issue de vie possible \u00bb.<\/p>\n<p>Cette d\u00e9marche <strong>int\u00e8gre toutes les dimensions de la personne<\/strong> \u2013 le corps, la psych\u00e9 et le c\u0153ur profond \u2013 et s\u2019enracine dans <strong>cinq rep\u00e8res de vie<\/strong> : choisir la Vie, accepter notre condition humaine, devenir nous-m\u00eames en Dieu, rechercher l\u2019unit\u00e9 int\u00e9rieure et entrer dans la f\u00e9condit\u00e9 du don.<\/p>\n<p>Convaincus que Dieu initie tout mouvement vers la Vie, nous nous posons dans la libert\u00e9 re\u00e7ue du P\u00e8re, nous accueillons la Vie que le Ressuscit\u00e9 veut faire surgir en nous, et nous ouvrons notre \u00eatre tout entier au souffle cr\u00e9ateur de l\u2019Esprit Saint, lui qui fait toutes choses nouvelles.<\/p>\n<p><a href=\"https:\/\/lepelerin.org\/portail\/services\/evangelisation-des-profondeurs\/\">En savoir plus sur l&#8217;\u00c9vang\u00e9lisation des profondeurs<\/a><\/p>[\/et_pb_text][\/et_pb_column][\/et_pb_row][\/et_pb_section][et_pb_section fb_built=&#8221;1&#8243; _builder_version=&#8221;4.27.4&#8243; _module_preset=&#8221;default&#8221; custom_padding=&#8221;0px|||||&#8221; global_colors_info=&#8221;{}&#8221;][et_pb_row _builder_version=&#8221;4.27.4&#8243; _module_preset=&#8221;default&#8221; global_colors_info=&#8221;{}&#8221;][et_pb_column type=&#8221;4_4&#8243; _builder_version=&#8221;4.27.4&#8243; _module_preset=&#8221;default&#8221; global_colors_info=&#8221;{}&#8221;][et_pb_heading title=&#8221;\u00c9v\u00e9nements \u00e0 venir pour \u00c9vang\u00e9lisation des profondeurs&#8221; _builder_version=&#8221;4.27.4&#8243; _module_preset=&#8221;7d021552-ee50-41e6-9a48-eee88da621cd&#8221; title_text_align=&#8221;left&#8221; title_font_size=&#8221;26px&#8221; global_colors_info=&#8221;{}&#8221;][\/et_pb_heading][diec_event_carousel show_venue=&#8221;off&#8221; show_name=&#8221;off&#8221; show_price=&#8221;off&#8221; show_category=&#8221;off&#8221; show_weburl=&#8221;off&#8221; show_detail=&#8221;off&#8221; included_categories=&#8221;19&#8243; _builder_version=&#8221;4.27.4&#8243; _module_preset=&#8221;default&#8221; global_colors_info=&#8221;{}&#8221;][\/diec_event_carousel][\/et_pb_column][\/et_pb_row][\/et_pb_section][et_pb_section fb_built=&#8221;1&#8243; _builder_version=&#8221;4.27.4&#8243; _module_preset=&#8221;default&#8221; global_module=&#8221;250732&#8243; saved_tabs=&#8221;all&#8221; global_colors_info=&#8221;{}&#8221;][et_pb_row _builder_version=&#8221;4.27.4&#8243; _module_preset=&#8221;default&#8221; global_colors_info=&#8221;{}&#8221;][et_pb_column type=&#8221;4_4&#8243; _builder_version=&#8221;4.27.4&#8243; _module_preset=&#8221;default&#8221; global_colors_info=&#8221;{}&#8221;][et_pb_post_nav in_same_term=&#8221;on&#8221; prev_text=&#8221;Article pr\u00e9c\u00e9dent&#8221; next_text=&#8221;Article suivant&#8221; _builder_version=&#8221;4.27.4&#8243; _module_preset=&#8221;default&#8221; global_colors_info=&#8221;{}&#8221;][\/et_pb_post_nav][\/et_pb_column][\/et_pb_row][\/et_pb_section]\n","protected":false},"excerpt":{"rendered":"<p>Nous avons tous dans notre histoire, \u00e0 un moment ou l\u2019autre, \u00e9t\u00e9 rejoint par des personnes significatives qui nous ont marqu\u00e9s : une pr\u00e9sence, un t\u00e9moignage, un r\u00e9cit, une lecture, une rencontre. Charles de Foucauld f\u00fbt un de ces personnages pour moi. Il s\u2019est pr\u00e9sent\u00e9 \u00e0 moi et a touch\u00e9 mon c\u0153ur profond \u00e0 un moment bien sp\u00e9cial de ma vie.<\/p>\n","protected":false},"author":50,"featured_media":254657,"comment_status":"open","ping_status":"open","sticky":false,"template":"","format":"standard","meta":{"_et_pb_use_builder":"on","_et_pb_old_content":"","_et_gb_content_width":"","footnotes":""},"categories":[27,5],"tags":[],"class_list":["post-254634","post","type-post","status-publish","format-standard","has-post-thumbnail","hentry","category-evangelisation-des-profondeurs","category-actualites-du-pelerin"],"_links":{"self":[{"href":"https:\/\/lepelerin.org\/portail\/wp-json\/wp\/v2\/posts\/254634","targetHints":{"allow":["GET"]}}],"collection":[{"href":"https:\/\/lepelerin.org\/portail\/wp-json\/wp\/v2\/posts"}],"about":[{"href":"https:\/\/lepelerin.org\/portail\/wp-json\/wp\/v2\/types\/post"}],"author":[{"embeddable":true,"href":"https:\/\/lepelerin.org\/portail\/wp-json\/wp\/v2\/users\/50"}],"replies":[{"embeddable":true,"href":"https:\/\/lepelerin.org\/portail\/wp-json\/wp\/v2\/comments?post=254634"}],"version-history":[{"count":10,"href":"https:\/\/lepelerin.org\/portail\/wp-json\/wp\/v2\/posts\/254634\/revisions"}],"predecessor-version":[{"id":254656,"href":"https:\/\/lepelerin.org\/portail\/wp-json\/wp\/v2\/posts\/254634\/revisions\/254656"}],"wp:featuredmedia":[{"embeddable":true,"href":"https:\/\/lepelerin.org\/portail\/wp-json\/wp\/v2\/media\/254657"}],"wp:attachment":[{"href":"https:\/\/lepelerin.org\/portail\/wp-json\/wp\/v2\/media?parent=254634"}],"wp:term":[{"taxonomy":"category","embeddable":true,"href":"https:\/\/lepelerin.org\/portail\/wp-json\/wp\/v2\/categories?post=254634"},{"taxonomy":"post_tag","embeddable":true,"href":"https:\/\/lepelerin.org\/portail\/wp-json\/wp\/v2\/tags?post=254634"}],"curies":[{"name":"wp","href":"https:\/\/api.w.org\/{rel}","templated":true}]}}