{"id":254621,"date":"2026-01-05T11:23:28","date_gmt":"2026-01-05T16:23:28","guid":{"rendered":"https:\/\/lepelerin.org\/portail\/?p=254621"},"modified":"2026-01-16T14:01:49","modified_gmt":"2026-01-16T19:01:49","slug":"seance-information-discernement-accompagnement-spirituel","status":"publish","type":"post","link":"https:\/\/lepelerin.org\/portail\/actualites-du-pelerin\/seance-information-discernement-accompagnement-spirituel\/","title":{"rendered":"Une s\u00e9ance d\u2019information pour discerner votre appel \u00e0 l\u2019accompagnement spirituel"},"content":{"rendered":"<p>[et_pb_section fb_built=&#8221;1&#8243; _builder_version=&#8221;4.27.4&#8243; _module_preset=&#8221;default&#8221; custom_padding=&#8221;0px|||||&#8221; global_colors_info=&#8221;{}&#8221;][et_pb_row _builder_version=&#8221;4.27.4&#8243; _module_preset=&#8221;default&#8221; global_colors_info=&#8221;{}&#8221;][et_pb_column type=&#8221;4_4&#8243; _builder_version=&#8221;4.27.4&#8243; _module_preset=&#8221;default&#8221; global_colors_info=&#8221;{}&#8221;][et_pb_text module_class=&#8221;custom-bullet&#8221; _builder_version=&#8221;4.27.4&#8243; _module_preset=&#8221;default&#8221; custom_padding=&#8221;||5px|||&#8221; global_colors_info=&#8221;{}&#8221;]<\/p>\n<p>Vous sentez un appel \u00e0 accompagner et \u00e0 \u00e9couter les personnes qui cherchent un sens \u00e0 leur vie ou qui traversent des moments difficiles ? Vous portez le d\u00e9sir de vous engager dans un cheminement personnel et spirituel plus profond sans savoir encore quelle forme cela pourrait prendre ?<\/p>\n<p>Pour plusieurs, cette \u00e9tape est marqu\u00e9e par des questions essentielles :<\/p>\n<ul>\n<li>Est-ce le bon moment ?<\/li>\n<li>Est-ce le bon chemin pour moi ?<\/li>\n<li>Suis-je r\u00e9ellement appel\u00e9 \u00e0 accompagner ?<\/li>\n<\/ul>\n<p>Afin de soutenir ce discernement, le Centre le P\u00e8lerin vous invite \u00e0 une\u00a0<a href=\"https:\/\/lepelerin.org\/portail\/evenement\/rencontres-information-formation-accompagnement-spirituel-fevrier2025\/\"><strong>rencontre d\u2019information gratuite<\/strong><\/a> sur son programme de formation en accompagnement spirituel.<\/p>\n<p>Cette rencontre est un espace d\u2019accueil et de clart\u00e9. Elle permet de mieux comprendre l\u2019esprit de la formation, sa vision profonde et la mani\u00e8re dont elle articule exp\u00e9rience int\u00e9rieure, transformation personnelle et croissance spirituelle. Vous pourrez d\u00e9couvrir comment le programme unit th\u00e9orie pratique et supervision, tout en respectant le rythme et le cheminement de chaque personne.<\/p>\n<p>La\u00a0<strong><a href=\"https:\/\/lepelerin.org\/portail\/evenement\/rencontres-information-formation-accompagnement-spirituel-fevrier2025\/\">rencontre d\u2019information<\/a><\/strong> est aussi l\u2019occasion de prendre connaissance des approches d\u2019\u00e9coute et de discernement qui fondent la pratique d\u2019accompagnement au P\u00e8lerin, ainsi que des valeurs essentielles qui structurent la communaut\u00e9 d\u2019apprentissage. L\u2019\u00e9quipe de coordination pr\u00e9sentera le cadre de formation hybride, les conditions d\u2019admission et les diff\u00e9rentes dimensions du parcours, incluant les stages supervis\u00e9s et l\u2019accompagnement spirituel individuel.<\/p>\n<p>Surtout, cette rencontre se veut un lieu de dialogue. Vous pourrez poser vos questions, exprimer vos h\u00e9sitations et \u00e9changer directement avec l\u2019\u00e9quipe responsable afin de sentir si cette formation correspond \u00e0 ce qui cherche \u00e0 na\u00eetre en vous.<\/p>\n<h3>Informations pratiques<\/h3>\n<ul>\n<li>La rencontre d\u2019information aura lieu le mercredi 11 f\u00e9vrier en ligne sur Zoom.<\/li>\n<li>Deux plages horaires sont offertes afin de s\u2019adapter \u00e0 votre r\u00e9alit\u00e9 soit \u00e0 9 h 00 ou \u00e0 18 h 30 heure de l\u2019Est.<\/li>\n<li>La dur\u00e9e de la rencontre est d\u2019environ 1 h 25, incluant une p\u00e9riode de questions.<\/li>\n<li>La participation est gratuite et un lien Zoom vous sera transmis apr\u00e8s votre inscription.<\/li>\n<\/ul>\n<h3>Une paire de billets \u00e0 gagner parmi les participants !<\/h3>\n<p>Toutes les personnes inscrites \u00e0 l\u2019une ou l\u2019autre des rencontres d\u2019information courront la chance de gagner une paire de billets pour le <a href=\"https:\/\/lepelerin.org\/portail\/evenement\/concert-de-gregory-charles-a-loratoire-saint-joseph\/\" target=\"_blank\" rel=\"noopener\">concert <em>Une voix, dix doigts<\/em> de Gregory Charles<\/a>, pr\u00e9sent\u00e9 \u00e0 Oratoire Saint-Joseph le samedi 2 mai prochain, \u00e0 l&#8217;occasion du 25e anniversaire du P\u00e8lerin. Un tirage au sort sera effectu\u00e9 parmi toutes les personnes inscrites le lendemain des rencontres.<\/p>\n<p>Depuis plus de 25 ans, le Centre le P\u00e8lerin offre une <a href=\"https:\/\/lepelerin.org\/portail\/ecoles\/accompagnement-spirituel\/formation-en-accompagnement-spirituel\/\">formation compl\u00e8te en accompagnement spirituel<\/a> qui permet d\u2019approfondir son propre cheminement int\u00e9rieur tout en apprenant \u00e0 accompagner d\u2019autres personnes dans leur aventure int\u00e9rieure. Les personnes finissantes re\u00e7oivent un certificat \u00e9mis conjointement par le Holy Cross College et le Centre le P\u00e8lerin attestant de cr\u00e9dits de formation continue et professionnalisante.<\/p>\n<p>Si vous \u00eates en questionnement ou en discernement, cette s\u00e9ance d\u2019information est une \u00e9tape simple et pr\u00e9cieuse pour \u00e9couter ce qui vous habite et y voir plus clair.<\/p>\n<p><a href=\"https:\/\/www.zeffy.com\/fr-CA\/ticketing\/rencontres-dinformation-programme-de-formation-en-accompagnement-spirituel\" target=\"_blank\" rel=\"noopener\"><strong>S\u2019inscrire \u00e0 la rencontre d\u2019information<\/strong><\/a><\/p>\n<p>&nbsp;<\/p>\n<p>[\/et_pb_text][\/et_pb_column][\/et_pb_row][\/et_pb_section][et_pb_section fb_built=&#8221;1&#8243; _builder_version=&#8221;4.27.4&#8243; _module_preset=&#8221;default&#8221; global_colors_info=&#8221;{}&#8221;][et_pb_row _builder_version=&#8221;4.27.4&#8243; _module_preset=&#8221;default&#8221; global_colors_info=&#8221;{}&#8221;][et_pb_column type=&#8221;4_4&#8243; _builder_version=&#8221;4.27.4&#8243; _module_preset=&#8221;default&#8221; global_colors_info=&#8221;{}&#8221;][et_pb_heading title=&#8221;\u00c9v\u00e9nements \u00e0 venir au P\u00e8lerin&#8221; _builder_version=&#8221;4.27.4&#8243; _module_preset=&#8221;7d021552-ee50-41e6-9a48-eee88da621cd&#8221; title_text_align=&#8221;left&#8221; global_colors_info=&#8221;{}&#8221;][\/et_pb_heading][diec_event_carousel show_venue=&#8221;off&#8221; show_name=&#8221;off&#8221; show_price=&#8221;off&#8221; show_category=&#8221;off&#8221; show_weburl=&#8221;off&#8221; show_detail=&#8221;off&#8221; event_count=&#8221;15&#8243; included_categories=&#8221;14&#8243; _builder_version=&#8221;4.27.4&#8243; _module_preset=&#8221;default&#8221; global_colors_info=&#8221;{}&#8221;][\/diec_event_carousel][\/et_pb_column][\/et_pb_row][\/et_pb_section][et_pb_section fb_built=&#8221;1&#8243; _builder_version=&#8221;4.27.4&#8243; _module_preset=&#8221;default&#8221; global_module=&#8221;250732&#8243; saved_tabs=&#8221;all&#8221; global_colors_info=&#8221;{}&#8221;][et_pb_row _builder_version=&#8221;4.27.4&#8243; _module_preset=&#8221;default&#8221; global_colors_info=&#8221;{}&#8221;][et_pb_column type=&#8221;4_4&#8243; _builder_version=&#8221;4.27.4&#8243; _module_preset=&#8221;default&#8221; global_colors_info=&#8221;{}&#8221;][et_pb_post_nav in_same_term=&#8221;on&#8221; prev_text=&#8221;Article pr\u00e9c\u00e9dent&#8221; next_text=&#8221;Article suivant&#8221; _builder_version=&#8221;4.27.4&#8243; _module_preset=&#8221;default&#8221; global_colors_info=&#8221;{}&#8221;][\/et_pb_post_nav][\/et_pb_column][\/et_pb_row][\/et_pb_section]<\/p>\n","protected":false},"excerpt":{"rendered":"<p>Vous sentez un appel \u00e0 accompagner et \u00e0 \u00e9couter en profondeur ? Le P\u00e8lerin propose le 11 f\u00e9vrier une rencontre d\u2019information gratuite pour vous permettre de mieux comprendre le programme de formation en accompagnement spirituel et nourrir votre discernement.<\/p>\n","protected":false},"author":4,"featured_media":254311,"comment_status":"open","ping_status":"open","sticky":false,"template":"","format":"standard","meta":{"_et_pb_use_builder":"on","_et_pb_old_content":"","_et_gb_content_width":"","footnotes":""},"categories":[5,16],"tags":[],"class_list":["post-254621","post","type-post","status-publish","format-standard","has-post-thumbnail","hentry","category-actualites-du-pelerin","category-ecole-accompagnement-spirituel"],"_links":{"self":[{"href":"https:\/\/lepelerin.org\/portail\/wp-json\/wp\/v2\/posts\/254621","targetHints":{"allow":["GET"]}}],"collection":[{"href":"https:\/\/lepelerin.org\/portail\/wp-json\/wp\/v2\/posts"}],"about":[{"href":"https:\/\/lepelerin.org\/portail\/wp-json\/wp\/v2\/types\/post"}],"author":[{"embeddable":true,"href":"https:\/\/lepelerin.org\/portail\/wp-json\/wp\/v2\/users\/4"}],"replies":[{"embeddable":true,"href":"https:\/\/lepelerin.org\/portail\/wp-json\/wp\/v2\/comments?post=254621"}],"version-history":[{"count":7,"href":"https:\/\/lepelerin.org\/portail\/wp-json\/wp\/v2\/posts\/254621\/revisions"}],"predecessor-version":[{"id":254775,"href":"https:\/\/lepelerin.org\/portail\/wp-json\/wp\/v2\/posts\/254621\/revisions\/254775"}],"wp:featuredmedia":[{"embeddable":true,"href":"https:\/\/lepelerin.org\/portail\/wp-json\/wp\/v2\/media\/254311"}],"wp:attachment":[{"href":"https:\/\/lepelerin.org\/portail\/wp-json\/wp\/v2\/media?parent=254621"}],"wp:term":[{"taxonomy":"category","embeddable":true,"href":"https:\/\/lepelerin.org\/portail\/wp-json\/wp\/v2\/categories?post=254621"},{"taxonomy":"post_tag","embeddable":true,"href":"https:\/\/lepelerin.org\/portail\/wp-json\/wp\/v2\/tags?post=254621"}],"curies":[{"name":"wp","href":"https:\/\/api.w.org\/{rel}","templated":true}]}}