{"id":254579,"date":"2025-12-19T15:14:25","date_gmt":"2025-12-19T20:14:25","guid":{"rendered":"https:\/\/lepelerin.org\/portail\/?p=254579"},"modified":"2025-12-19T15:14:26","modified_gmt":"2025-12-19T20:14:26","slug":"joyeux-noel-du-pelerin-2025","status":"publish","type":"post","link":"https:\/\/lepelerin.org\/portail\/actualites-du-pelerin\/joyeux-noel-du-pelerin-2025\/","title":{"rendered":"Joyeux No\u00ebl de la part de l&#8217;\u00e9quipe du centre le P\u00e8lerin"},"content":{"rendered":"\n[et_pb_section fb_built=&#8221;1&#8243; _builder_version=&#8221;4.27.4&#8243; _module_preset=&#8221;default&#8221; custom_padding=&#8221;0px|||||&#8221; global_colors_info=&#8221;{}&#8221;][et_pb_row _builder_version=&#8221;4.27.4&#8243; _module_preset=&#8221;default&#8221; global_colors_info=&#8221;{}&#8221;][et_pb_column type=&#8221;4_4&#8243; _builder_version=&#8221;4.27.4&#8243; _module_preset=&#8221;default&#8221; global_colors_info=&#8221;{}&#8221;][et_pb_text module_class=&#8221;custom-bullet&#8221; _builder_version=&#8221;4.27.4&#8243; _module_preset=&#8221;default&#8221; custom_padding=&#8221;||5px|||&#8221; hover_enabled=&#8221;0&#8243; global_colors_info=&#8221;{}&#8221; sticky_enabled=&#8221;0&#8243;]<h2>No\u00ebl : l&#8217;eucharistie du P\u00e8re !<\/h2>\n<p>\u00c0 tous les artisans du P\u00e8lerin, \u00e0 toutes les personnes qui marchent avec nous, \u00e0 tous nos partenaires et \u00e0 tous nos fr\u00e8res et soeurs !<\/p>\n<p style=\"text-align: center;\"><strong>JOYEUX NO\u00cbL !<\/strong><\/p>\n<p>Le P\u00e8re s&#8217;est \u00e9coul\u00e9 de Lumi\u00e8re vers la terre pour y d\u00e9poser son Fils dans une mangeoire. Pour y d\u00e9poser son don le plus pr\u00e9cieux : Celui avec lequel Il conjugue l&#8217;Amour de toute \u00e9ternit\u00e9 dans l&#8217;Esprit.<\/p>\n<p>Puis Il a donn\u00e9 \u00e0 Marie et \u00e0 Joseph, et \u00e0 tout humain, de participer \u00e0 son eucharistie \u00e9ternelle. En creux de la cr\u00e8che bien pauvre du monde, donc en tout lieu, en toute situation, en toute personne, Il nous demande de prendre en nos mains l&#8217;unique Pain de Vie pour en r\u00e9v\u00e9ler la Pr\u00e9sence \u00e0 chaque personne et pour en r\u00e9v\u00e9ler l&#8217;immense Beaut\u00e9, dont la Lumi\u00e8re est source de toute transfiguration.<\/p>\n<p>Nous vous souhaitons d&#8217;\u00eatre au coeur du monde des adorateurs en Esprit et en Fils afin de partager \u00e0 chacun.e, \u00e0 No\u00ebl, la joie et la paix de cette eucharistie du P\u00e8re en son Fils dans l&#8217;Esprit.<\/p>\n<p>Un tr\u00e8s Joyeux No\u00ebl \u00e0 toutes et \u00e0 tous !<\/p>\n<p>De la part de l&#8217;\u00e9quipe permanente du P\u00e8lerin.<\/p>[\/et_pb_text][et_pb_image src=&#8221;https:\/\/lepelerin.org\/portail\/wp-content\/uploads\/2025\/12\/Equipe-202512-scaled.jpg&#8221; alt=&#8221;L&#8217;\u00e9quipe permanente du centre le P\u00e8lerin&#8221; title_text=&#8221;L&#8217;\u00e9quipe permanente du centre le P\u00e8lerin&#8221; _builder_version=&#8221;4.27.4&#8243; _module_preset=&#8221;default&#8221; border_radii=&#8221;on|18px|18px|18px|18px&#8221; global_colors_info=&#8221;{}&#8221;][\/et_pb_image][et_pb_text _builder_version=&#8221;4.27.4&#8243; _module_preset=&#8221;default&#8221; global_colors_info=&#8221;{}&#8221;]<p>Jeffrey, Barbara, St\u00e9fan, \u00c9ric, Jhoana, Antoine, Elizabeth, Halyna et Maria Eugenia<\/p>[\/et_pb_text][\/et_pb_column][\/et_pb_row][\/et_pb_section][et_pb_section fb_built=&#8221;1&#8243; _builder_version=&#8221;4.27.4&#8243; _module_preset=&#8221;default&#8221; global_colors_info=&#8221;{}&#8221;][et_pb_row _builder_version=&#8221;4.27.4&#8243; _module_preset=&#8221;default&#8221; global_colors_info=&#8221;{}&#8221;][et_pb_column type=&#8221;4_4&#8243; _builder_version=&#8221;4.27.4&#8243; _module_preset=&#8221;default&#8221; global_colors_info=&#8221;{}&#8221;][et_pb_heading title=&#8221;\u00c9v\u00e9nements \u00e0 venir au P\u00e8lerin&#8221; _builder_version=&#8221;4.27.4&#8243; _module_preset=&#8221;7d021552-ee50-41e6-9a48-eee88da621cd&#8221; title_text_align=&#8221;left&#8221; global_colors_info=&#8221;{}&#8221;][\/et_pb_heading][diec_event_carousel show_venue=&#8221;off&#8221; show_name=&#8221;off&#8221; show_price=&#8221;off&#8221; show_category=&#8221;off&#8221; show_weburl=&#8221;off&#8221; show_detail=&#8221;off&#8221; event_count=&#8221;15&#8243; included_categories=&#8221;14&#8243; _builder_version=&#8221;4.27.4&#8243; _module_preset=&#8221;default&#8221; global_colors_info=&#8221;{}&#8221;][\/diec_event_carousel][\/et_pb_column][\/et_pb_row][\/et_pb_section][et_pb_section fb_built=&#8221;1&#8243; _builder_version=&#8221;4.27.4&#8243; _module_preset=&#8221;default&#8221; global_module=&#8221;250732&#8243; saved_tabs=&#8221;all&#8221; global_colors_info=&#8221;{}&#8221;][et_pb_row _builder_version=&#8221;4.27.4&#8243; _module_preset=&#8221;default&#8221; global_colors_info=&#8221;{}&#8221;][et_pb_column type=&#8221;4_4&#8243; _builder_version=&#8221;4.27.4&#8243; _module_preset=&#8221;default&#8221; global_colors_info=&#8221;{}&#8221;][et_pb_post_nav in_same_term=&#8221;on&#8221; prev_text=&#8221;Article pr\u00e9c\u00e9dent&#8221; next_text=&#8221;Article suivant&#8221; _builder_version=&#8221;4.27.4&#8243; _module_preset=&#8221;default&#8221; global_colors_info=&#8221;{}&#8221;][\/et_pb_post_nav][\/et_pb_column][\/et_pb_row][\/et_pb_section]\n","protected":false},"excerpt":{"rendered":"<p>No\u00ebl : l&#8217;eucharistie du P\u00e8re ! \u00c0 tous les artisans du P\u00e8lerin, \u00e0 toutes les personnes qui marchent avec nous, \u00e0 tous nos partenaires et \u00e0 tous nos fr\u00e8res et [&hellip;]<\/p>\n","protected":false},"author":13,"featured_media":254580,"comment_status":"open","ping_status":"open","sticky":false,"template":"","format":"standard","meta":{"_et_pb_use_builder":"on","_et_pb_old_content":"","_et_gb_content_width":"","footnotes":""},"categories":[5],"tags":[],"class_list":["post-254579","post","type-post","status-publish","format-standard","has-post-thumbnail","hentry","category-actualites-du-pelerin"],"_links":{"self":[{"href":"https:\/\/lepelerin.org\/portail\/wp-json\/wp\/v2\/posts\/254579","targetHints":{"allow":["GET"]}}],"collection":[{"href":"https:\/\/lepelerin.org\/portail\/wp-json\/wp\/v2\/posts"}],"about":[{"href":"https:\/\/lepelerin.org\/portail\/wp-json\/wp\/v2\/types\/post"}],"author":[{"embeddable":true,"href":"https:\/\/lepelerin.org\/portail\/wp-json\/wp\/v2\/users\/13"}],"replies":[{"embeddable":true,"href":"https:\/\/lepelerin.org\/portail\/wp-json\/wp\/v2\/comments?post=254579"}],"version-history":[{"count":6,"href":"https:\/\/lepelerin.org\/portail\/wp-json\/wp\/v2\/posts\/254579\/revisions"}],"predecessor-version":[{"id":254589,"href":"https:\/\/lepelerin.org\/portail\/wp-json\/wp\/v2\/posts\/254579\/revisions\/254589"}],"wp:featuredmedia":[{"embeddable":true,"href":"https:\/\/lepelerin.org\/portail\/wp-json\/wp\/v2\/media\/254580"}],"wp:attachment":[{"href":"https:\/\/lepelerin.org\/portail\/wp-json\/wp\/v2\/media?parent=254579"}],"wp:term":[{"taxonomy":"category","embeddable":true,"href":"https:\/\/lepelerin.org\/portail\/wp-json\/wp\/v2\/categories?post=254579"},{"taxonomy":"post_tag","embeddable":true,"href":"https:\/\/lepelerin.org\/portail\/wp-json\/wp\/v2\/tags?post=254579"}],"curies":[{"name":"wp","href":"https:\/\/api.w.org\/{rel}","templated":true}]}}