{"id":254093,"date":"2025-11-27T11:10:18","date_gmt":"2025-11-27T16:10:18","guid":{"rendered":"https:\/\/lepelerin.org\/portail\/?p=254093"},"modified":"2026-02-27T12:25:51","modified_gmt":"2026-02-27T17:25:51","slug":"partenariat-centre-le-pelerin-college-holy-cross","status":"publish","type":"post","link":"https:\/\/lepelerin.org\/portail\/actualites-du-pelerin\/partenariat-centre-le-pelerin-college-holy-cross\/","title":{"rendered":"Partenariat entre le Centre le P\u00e8lerin et le Coll\u00e8ge Holy Cross"},"content":{"rendered":"<p>[et_pb_section fb_built=&#8221;1&#8243; _builder_version=&#8221;4.27.4&#8243; _module_preset=&#8221;default&#8221; custom_padding=&#8221;0px|||||&#8221; global_colors_info=&#8221;{}&#8221;][et_pb_row _builder_version=&#8221;4.27.4&#8243; _module_preset=&#8221;default&#8221; global_colors_info=&#8221;{}&#8221;][et_pb_column type=&#8221;4_4&#8243; _builder_version=&#8221;4.27.4&#8243; _module_preset=&#8221;default&#8221; global_colors_info=&#8221;{}&#8221;][et_pb_text module_class=&#8221;custom-bullet&#8221; _builder_version=&#8221;4.27.4&#8243; _module_preset=&#8221;default&#8221; custom_padding=&#8221;||5px|||&#8221; hover_enabled=&#8221;0&#8243; global_colors_info=&#8221;{}&#8221; sticky_enabled=&#8221;0&#8243;]<\/p>\n<p><strong>Le P\u00e8lerin<\/strong>, centre d\u2019accompagnement de la recherche spirituelle, est heureux d\u2019annoncer la signature d\u2019un partenariat avec le <strong>Coll\u00e8ge Holy-Cross<\/strong>, coll\u00e8ge catholique fond\u00e9 par les Fr\u00e8res de Sainte-Croix (Notre Dame, Indiana; <a href=\"https:\/\/www.hcc-nd.edu\" target=\"_blank\" rel=\"noopener\">www.hcc-nd.edu<\/a>). Ce partenariat permettra aux \u00e9tudiants, qui r\u00e9ussiront l\u2019un ou l\u2019autre des certificats offerts par le P\u00e8lerin, de <strong>recevoir un certificat<\/strong> du Coll\u00e8ge Holy Cross offert en collaboration avec le P\u00e8lerin et attestant la <strong>valeur universitaire<\/strong> de leur formation. Ces certificats couronnent respectivement les cinq programmes suivants : <a href=\"https:\/\/lepelerin.org\/portail\/ecoles\/accompagnement-spirituel\/formation-en-accompagnement-spirituel\/\">Accompagnement spirituel<\/a>, <a href=\"https:\/\/lepelerin.org\/portail\/ecoles\/foi-et-spiritualite\/formation-sacramentalite-intervention-pastorale\/\">Sacramentalit\u00e9 et intervention pastorale<\/a>, en Spiritualit\u00e9, Formation \u00e0 la vie consacr\u00e9e et Accompagnement spirituel de groupe.\u00a0<\/p>\n<p>Nous sommes tr\u00e8s fiers de ce partenariat sign\u00e9 avec <strong>une \u0153uvre de la grande Congr\u00e9gation de Sainte-Croix<\/strong>. Membres de la m\u00eame famille, nous partageons la m\u00eame spiritualit\u00e9, la m\u00eame vie fraternelle et la m\u00eame mission.<\/p>\n<p>\u00ab Salut, \u00f4 Croix, notre unique esp\u00e9rance \u00bb<\/p>\n<p>Par <strong>Barbara Martel<\/strong>, codirectrice gestion et <strong>St\u00e9fan Th\u00e9riault<\/strong>, codirecteur d\u00e9veloppement<\/p>\n<p>Voir l&#8217;annonce sur le <a href=\"https:\/\/www.hcc-nd.edu\/holy-cross-college-partners-with-the-centre-le-pelerin-from-montreal-enhancing-the-colleges-global-outreach\/\" target=\"_blank\" rel=\"noopener\">site du Coll\u00e8ge Holy-Cross<\/a> (en anglais).<\/p>\n<p>[\/et_pb_text][\/et_pb_column][\/et_pb_row][\/et_pb_section][et_pb_section fb_built=&#8221;1&#8243; _builder_version=&#8221;4.27.4&#8243; _module_preset=&#8221;default&#8221; global_colors_info=&#8221;{}&#8221;][et_pb_row _builder_version=&#8221;4.27.4&#8243; _module_preset=&#8221;default&#8221; global_colors_info=&#8221;{}&#8221;][et_pb_column type=&#8221;4_4&#8243; _builder_version=&#8221;4.27.4&#8243; _module_preset=&#8221;default&#8221; global_colors_info=&#8221;{}&#8221;][et_pb_heading title=&#8221;\u00c9v\u00e9nements \u00e0 venir au P\u00e8lerin&#8221; _builder_version=&#8221;4.27.4&#8243; _module_preset=&#8221;7d021552-ee50-41e6-9a48-eee88da621cd&#8221; title_text_align=&#8221;left&#8221; global_colors_info=&#8221;{}&#8221;][\/et_pb_heading][diec_event_carousel show_venue=&#8221;off&#8221; show_name=&#8221;off&#8221; show_price=&#8221;off&#8221; show_category=&#8221;off&#8221; show_weburl=&#8221;off&#8221; show_detail=&#8221;off&#8221; event_count=&#8221;15&#8243; included_categories=&#8221;14&#8243; _builder_version=&#8221;4.27.4&#8243; _module_preset=&#8221;default&#8221; global_colors_info=&#8221;{}&#8221;][\/diec_event_carousel][\/et_pb_column][\/et_pb_row][\/et_pb_section][et_pb_section fb_built=&#8221;1&#8243; _builder_version=&#8221;4.27.4&#8243; _module_preset=&#8221;default&#8221; global_module=&#8221;250732&#8243; saved_tabs=&#8221;all&#8221; global_colors_info=&#8221;{}&#8221;][et_pb_row _builder_version=&#8221;4.27.4&#8243; _module_preset=&#8221;default&#8221; global_colors_info=&#8221;{}&#8221;][et_pb_column type=&#8221;4_4&#8243; _builder_version=&#8221;4.27.4&#8243; _module_preset=&#8221;default&#8221; global_colors_info=&#8221;{}&#8221;][et_pb_post_nav in_same_term=&#8221;on&#8221; prev_text=&#8221;Article pr\u00e9c\u00e9dent&#8221; next_text=&#8221;Article suivant&#8221; _builder_version=&#8221;4.27.4&#8243; _module_preset=&#8221;default&#8221; global_colors_info=&#8221;{}&#8221;][\/et_pb_post_nav][\/et_pb_column][\/et_pb_row][\/et_pb_section]<\/p>\n","protected":false},"excerpt":{"rendered":"<p>Le Centre le P\u00e8lerin confirme un partenariat avec le Coll\u00e8ge Holy Cross. Celui-ci permettra aux \u00e9tudiants, qui r\u00e9ussiront l\u2019un ou l\u2019autre des certificats offerts par le P\u00e8lerin, de recevoir un certificat du Coll\u00e8ge Holy Cross offert en collaboration avec le P\u00e8lerin et attestant la valeur universitaire de leur formation.<\/p>\n","protected":false},"author":13,"featured_media":254094,"comment_status":"open","ping_status":"open","sticky":false,"template":"","format":"standard","meta":{"_et_pb_use_builder":"on","_et_pb_old_content":"","_et_gb_content_width":"","footnotes":""},"categories":[5],"tags":[],"class_list":["post-254093","post","type-post","status-publish","format-standard","has-post-thumbnail","hentry","category-actualites-du-pelerin"],"_links":{"self":[{"href":"https:\/\/lepelerin.org\/portail\/wp-json\/wp\/v2\/posts\/254093","targetHints":{"allow":["GET"]}}],"collection":[{"href":"https:\/\/lepelerin.org\/portail\/wp-json\/wp\/v2\/posts"}],"about":[{"href":"https:\/\/lepelerin.org\/portail\/wp-json\/wp\/v2\/types\/post"}],"author":[{"embeddable":true,"href":"https:\/\/lepelerin.org\/portail\/wp-json\/wp\/v2\/users\/13"}],"replies":[{"embeddable":true,"href":"https:\/\/lepelerin.org\/portail\/wp-json\/wp\/v2\/comments?post=254093"}],"version-history":[{"count":3,"href":"https:\/\/lepelerin.org\/portail\/wp-json\/wp\/v2\/posts\/254093\/revisions"}],"predecessor-version":[{"id":255595,"href":"https:\/\/lepelerin.org\/portail\/wp-json\/wp\/v2\/posts\/254093\/revisions\/255595"}],"wp:featuredmedia":[{"embeddable":true,"href":"https:\/\/lepelerin.org\/portail\/wp-json\/wp\/v2\/media\/254094"}],"wp:attachment":[{"href":"https:\/\/lepelerin.org\/portail\/wp-json\/wp\/v2\/media?parent=254093"}],"wp:term":[{"taxonomy":"category","embeddable":true,"href":"https:\/\/lepelerin.org\/portail\/wp-json\/wp\/v2\/categories?post=254093"},{"taxonomy":"post_tag","embeddable":true,"href":"https:\/\/lepelerin.org\/portail\/wp-json\/wp\/v2\/tags?post=254093"}],"curies":[{"name":"wp","href":"https:\/\/api.w.org\/{rel}","templated":true}]}}