{"id":254081,"date":"2025-11-30T06:49:00","date_gmt":"2025-11-30T11:49:00","guid":{"rendered":"https:\/\/lepelerin.org\/portail\/?p=254081"},"modified":"2025-11-30T08:28:32","modified_gmt":"2025-11-30T13:28:32","slug":"naissance-ecole-foi-spiritualite","status":"publish","type":"post","link":"https:\/\/lepelerin.org\/portail\/actualites-du-pelerin\/naissance-ecole-foi-spiritualite\/","title":{"rendered":"Lancement de notre nouvelle \u00c9cole Foi et spiritualit\u00e9  \u2013 \u00c9ditorial de d\u00e9cembre 2025"},"content":{"rendered":"\n[et_pb_section fb_built=&#8221;1&#8243; _builder_version=&#8221;4.27.4&#8243; _module_preset=&#8221;default&#8221; custom_padding=&#8221;0px|||||&#8221; global_colors_info=&#8221;{}&#8221;][et_pb_row _builder_version=&#8221;4.27.4&#8243; _module_preset=&#8221;default&#8221; global_colors_info=&#8221;{}&#8221;][et_pb_column type=&#8221;4_4&#8243; _builder_version=&#8221;4.27.4&#8243; _module_preset=&#8221;default&#8221; global_colors_info=&#8221;{}&#8221;][et_pb_text module_class=&#8221;custom-bullet&#8221; _builder_version=&#8221;4.27.4&#8243; _module_preset=&#8221;default&#8221; custom_padding=&#8221;||5px|||&#8221; hover_enabled=&#8221;0&#8243; global_colors_info=&#8221;{}&#8221; sticky_enabled=&#8221;0&#8243;]<p>Le centre le P\u00e8lerin f\u00eate ses<strong> 25 ans d\u2019existence<\/strong>.\u00a0 \u00c0 cette occasion, durant toute cette ann\u00e9e, nous organisons diff\u00e9rents \u00e9v\u00e9nements pour c\u00e9l\u00e9brer les r\u00e9ussites pass\u00e9es mais, plus encore, pour b\u00e2tir l\u2019avenir et s\u2019engager davantage dans notre mission d\u2019accompagnement de la vie spirituelle. Le succ\u00e8s, depuis 25 ans, de notre <a href=\"https:\/\/lepelerin.org\/portail\/ecoles\/accompagnement-spirituel\">\u00e9cole d\u2019accompagnement<\/a>, devenue internationale, nous a d\u00e9cid\u00e9 d\u2019ajouter deux autres \u00e9coles : une de <a href=\"https:\/\/lepelerin.org\/portail\/ecoles\/foi-et-spiritualite\">Foi et Spiritualit\u00e9<\/a> et une autre de <a href=\"https:\/\/lepelerin.org\/portail\/ecoles\/priere-et-communion\">Pri\u00e8re et communion<\/a>.<\/p>\n<p>Vendredi soir 21 novembre, nous avons eu la joie de lancer officiellement notre <strong>\u00c9cole Foi et Spiritualit\u00e9<\/strong>. Comme le rappelait, dans son mot d\u2019ouverture, <strong>Mme Halyna Kryshtal<\/strong>, coordonnatrice des trois \u00e9coles :<\/p>\n<p style=\"padding-left: 40px;\">\u00ab Nous l\u2019envisageons comme un lieu de cheminement et de croissance spirituelle, d\u00e9di\u00e9 \u00e0 nourrir et \u00e0 soutenir le d\u00e9veloppement de la vie spirituelle des personnes. Cela se fera par des conf\u00e9rences et des formations propos\u00e9es qui s\u2019inscriront simultan\u00e9ment dans la mission du centre, qui est d&#8217;accompagner les personnes dans leur qu\u00eate de sens et d\u2019approfondissement de la foi.<\/p>\n<p style=\"padding-left: 40px;\">Le premier programme de formation de cette nouvelle \u00e9cole, \u00ab <a href=\"https:\/\/lepelerin.org\/portail\/ecoles\/foi-et-spiritualite\/formation-sacramentalite-intervention-pastorale\/\"><strong>Sacramentalit\u00e9 et intervention pastorale<\/strong><\/a> \u00bb, d\u00e9butera d\u00e9j\u00e0 en janvier. Il est pens\u00e9 d\u2019abord pour \u00eatre offert aux intervenants pastoraux (agents.tes de pastorale, cat\u00e9ch\u00e8tes, diacres, pr\u00eatres, b\u00e9n\u00e9voles d\u00e9j\u00e0 impliqu\u00e9s ou souhaitant int\u00e9grer une mission pastorale), mais il est aussi ouvert \u00e0 toute personne int\u00e9ress\u00e9e par un cheminement spirituel sacramentel. Nous offrirons une approche tout \u00e0 fait unique qui permettra de d\u00e9couvrir la nature sacramentelle de l\u2019\u00eatre humain et de son existence. Ce nouveau regard sacramentel consiste \u00e0 voir sa propre vie comme un signe (un sacrement) de la pr\u00e9sence de Dieu et \u00e0 vivre la rencontre avec Lui au sein de tout ce qui nous arrive, que ce soit la joie ou la souffrance. Chacun et chacune sont appel\u00e9s \u00e0 naitre \u00e0 leur don irr\u00e9p\u00e9tible, qui est de r\u00e9v\u00e9ler Dieu de mani\u00e8re unique. Les sept sacrements dans ce parcours seront propos\u00e9s comme un chemin spirituel, une route \u00e0 suivre pour atteindre la pl\u00e9nitude de vie dans le Fils. Ce programme vise aussi \u00e0 offrir des bases en accompagnement pastoral sacramentel afin d&#8217;\u00e9quiper les participants pour qu\u2019ils puissent mieux accomplir leur mission d\u2019accompagnement de leurs fr\u00e8res et s\u0153urs sur les chemins de la foi. \u00bb<\/p>\n<p>\u00c0 l\u2019occasion de ce lancement, <a href=\"https:\/\/lepelerin.org\/portail\/evenement\/conference-des-rites-pour-la-vie-gabriel-ringlet\/\"><strong>nous avions invit\u00e9 Gabriel Ringlet<\/strong><\/a>, \u00e9crivain connu, po\u00e8te, pr\u00eatre et th\u00e9ologien belge, membre de l\u2019Acad\u00e9mie royale de Belgique et ami du P\u00e8lerin depuis plusieurs ann\u00e9es. Il a d\u2019ailleurs particip\u00e9 \u00e0 quatre de nos colloques durant les 25 ann\u00e9es et pr\u00each\u00e9 une retraite d\u2019Avent. Il nous a entretenus de son dernier livre\u00a0: <strong>Des Rites pour la vie<\/strong>. Il nous a rappel\u00e9 que, dans l\u2019accompagnement des personnes, les rites sont un soin qui soutiennent les travers\u00e9es difficiles de la vie. En toute circonstance, il est possible de c\u00e9l\u00e9brer la vie pour donner esp\u00e9rance.<\/p>\n<p>Nous terminons cet \u00e9ditorial avec les mots d\u2019Halyna Kryshtal\u00a0:\u00a0<\/p>\n<p style=\"padding-left: 40px;\">\u00ab \u00c0 travers l\u2019histoire d\u2019un quart de si\u00e8cle du Centre, en regardant au c\u0153ur de chaque formation ou service propos\u00e9s, r\u00e9sonne l&#8217;appel de la Vie. C\u2019est cette Vie qui est donn\u00e9e en abondance ici et maintenant et qui va au-del\u00e0 des limites du temps et de l\u2019espace. C\u2019est la Vie promise par la Parole du Dieu Incarn\u00e9 : \u00ab Moi, je suis la r\u00e9surrection et la vie. Celui qui croit en moi, m\u00eame s\u2019il meurt, vivra ; quiconque vit et croit en moi ne mourra jamais. Crois-tu cela ? \u00bb (Jn 11, 25-26).<\/p>\n<p style=\"padding-left: 40px;\">\u00c9clair\u00e9s par sa Parole, nous sommes appel\u00e9s \u00e0 accueillir la vie et \u00e0 la c\u00e9l\u00e9brer, \u00e0 retrouver les germes de la vie m\u00eame l\u00e0 o\u00f9 la mort semble r\u00e9gner depuis longtemps\u00a0: dans les profondeurs bless\u00e9es de l&#8217;\u00e2me humaine, dans les relations humaines difficiles, dans les tissus sociaux d\u00e9chir\u00e9s par les conflits et les malentendus, \u2026 En r\u00e9ponse \u00e0 tous ces \u00e9v\u00e9nements dans le monde ou dans nos vies, nous voulons offrir un lieu o\u00f9 cette esp\u00e9rance, inspir\u00e9e par la foi et ancr\u00e9e dans la charit\u00e9, soit renouvel\u00e9e et diffus\u00e9e. L&#8217;\u00c9cole Foi et Spiritualit\u00e9 veut \u00eatre un lieu de formation des personnes qui, \u00e9tant elles-m\u00eames remplies de la V(v)ie, pourront en t\u00e9moigner et le partager aux autres. Un nouvel \u00e9lan de renouvellement spirituel dans l\u2019\u00c9glise et dans le monde commence toujours par la transformation du c\u0153ur humain. \u00bb<\/p>\n<p>Toute notre gratitude aux cent personnes qui se sont inscrites \u00e0 la conf\u00e9rence ou \u00e0 toutes les personnes qui soutiennent le P\u00e8lerin et qui, de pr\u00e8s ou de loin, b\u00e2tissent avec nous un monde meilleur.\u00a0<\/p>\n<p>Toute l\u2019\u00e9quipe du P\u00e8lerin<\/p>\n<p><strong>Antoine, Barbara, Elizabeth, \u00c9ric, Halyna, Jeffrey et St\u00e9fan<\/strong><\/p>[\/et_pb_text][et_pb_gallery gallery_ids=&#8221;254088,254089,254085&#8243; posts_number=&#8221;3&#8243; _builder_version=&#8221;4.27.4&#8243; _module_preset=&#8221;default&#8221; hover_enabled=&#8221;0&#8243; global_colors_info=&#8221;{}&#8221; sticky_enabled=&#8221;0&#8243;][\/et_pb_gallery][\/et_pb_column][\/et_pb_row][\/et_pb_section][et_pb_section fb_built=&#8221;1&#8243; _builder_version=&#8221;4.27.4&#8243; _module_preset=&#8221;default&#8221; global_colors_info=&#8221;{}&#8221;][et_pb_row _builder_version=&#8221;4.27.4&#8243; _module_preset=&#8221;default&#8221; global_colors_info=&#8221;{}&#8221;][et_pb_column type=&#8221;4_4&#8243; _builder_version=&#8221;4.27.4&#8243; _module_preset=&#8221;default&#8221; global_colors_info=&#8221;{}&#8221;][et_pb_heading title=&#8221;\u00c9v\u00e9nements \u00e0 venir au P\u00e8lerin&#8221; _builder_version=&#8221;4.27.4&#8243; _module_preset=&#8221;7d021552-ee50-41e6-9a48-eee88da621cd&#8221; title_text_align=&#8221;left&#8221; global_colors_info=&#8221;{}&#8221;][\/et_pb_heading][diec_event_carousel show_venue=&#8221;off&#8221; show_name=&#8221;off&#8221; show_price=&#8221;off&#8221; show_category=&#8221;off&#8221; show_weburl=&#8221;off&#8221; show_detail=&#8221;off&#8221; event_count=&#8221;15&#8243; included_categories=&#8221;14&#8243; _builder_version=&#8221;4.27.4&#8243; _module_preset=&#8221;default&#8221; global_colors_info=&#8221;{}&#8221;][\/diec_event_carousel][\/et_pb_column][\/et_pb_row][\/et_pb_section][et_pb_section fb_built=&#8221;1&#8243; _builder_version=&#8221;4.27.4&#8243; _module_preset=&#8221;default&#8221; global_module=&#8221;250732&#8243; saved_tabs=&#8221;all&#8221; global_colors_info=&#8221;{}&#8221;][et_pb_row _builder_version=&#8221;4.27.4&#8243; _module_preset=&#8221;default&#8221; global_colors_info=&#8221;{}&#8221;][et_pb_column type=&#8221;4_4&#8243; _builder_version=&#8221;4.27.4&#8243; _module_preset=&#8221;default&#8221; global_colors_info=&#8221;{}&#8221;][et_pb_post_nav in_same_term=&#8221;on&#8221; prev_text=&#8221;Article pr\u00e9c\u00e9dent&#8221; next_text=&#8221;Article suivant&#8221; _builder_version=&#8221;4.27.4&#8243; _module_preset=&#8221;default&#8221; global_colors_info=&#8221;{}&#8221;][\/et_pb_post_nav][\/et_pb_column][\/et_pb_row][\/et_pb_section]\n","protected":false},"excerpt":{"rendered":"<p>Le P\u00e8lerin c\u00e9l\u00e8bre la naissance de l\u2019\u00c9cole Foi et spiritualit\u00e9. Cette nouvelle \u00e9cole offre un espace de ressourcement et d\u2019approfondissement de la vie int\u00e9rieure. Port\u00e9e par la tradition chr\u00e9tienne, elle invite chacun \u00e0 red\u00e9couvrir la sacramentalit\u00e9 de sa vie et \u00e0 marcher vers une esp\u00e9rance vivante.<\/p>\n","protected":false},"author":13,"featured_media":254130,"comment_status":"open","ping_status":"open","sticky":false,"template":"","format":"standard","meta":{"_et_pb_use_builder":"on","_et_pb_old_content":"","_et_gb_content_width":"","footnotes":""},"categories":[5,31,25],"tags":[],"class_list":["post-254081","post","type-post","status-publish","format-standard","has-post-thumbnail","hentry","category-actualites-du-pelerin","category-ecole-foi-et-spiritualite","category-editoriaux"],"_links":{"self":[{"href":"https:\/\/lepelerin.org\/portail\/wp-json\/wp\/v2\/posts\/254081","targetHints":{"allow":["GET"]}}],"collection":[{"href":"https:\/\/lepelerin.org\/portail\/wp-json\/wp\/v2\/posts"}],"about":[{"href":"https:\/\/lepelerin.org\/portail\/wp-json\/wp\/v2\/types\/post"}],"author":[{"embeddable":true,"href":"https:\/\/lepelerin.org\/portail\/wp-json\/wp\/v2\/users\/13"}],"replies":[{"embeddable":true,"href":"https:\/\/lepelerin.org\/portail\/wp-json\/wp\/v2\/comments?post=254081"}],"version-history":[{"count":9,"href":"https:\/\/lepelerin.org\/portail\/wp-json\/wp\/v2\/posts\/254081\/revisions"}],"predecessor-version":[{"id":254133,"href":"https:\/\/lepelerin.org\/portail\/wp-json\/wp\/v2\/posts\/254081\/revisions\/254133"}],"wp:featuredmedia":[{"embeddable":true,"href":"https:\/\/lepelerin.org\/portail\/wp-json\/wp\/v2\/media\/254130"}],"wp:attachment":[{"href":"https:\/\/lepelerin.org\/portail\/wp-json\/wp\/v2\/media?parent=254081"}],"wp:term":[{"taxonomy":"category","embeddable":true,"href":"https:\/\/lepelerin.org\/portail\/wp-json\/wp\/v2\/categories?post=254081"},{"taxonomy":"post_tag","embeddable":true,"href":"https:\/\/lepelerin.org\/portail\/wp-json\/wp\/v2\/tags?post=254081"}],"curies":[{"name":"wp","href":"https:\/\/api.w.org\/{rel}","templated":true}]}}