{"id":253681,"date":"2025-11-03T11:08:48","date_gmt":"2025-11-03T16:08:48","guid":{"rendered":"https:\/\/lepelerin.org\/portail\/?p=253681"},"modified":"2025-11-03T11:19:47","modified_gmt":"2025-11-03T16:19:47","slug":"la-gratitude-sauvera-le-monde","status":"publish","type":"post","link":"https:\/\/lepelerin.org\/portail\/editoriaux\/la-gratitude-sauvera-le-monde\/","title":{"rendered":"La gratitude sauvera le monde \u2013 \u00c9ditorial de novembre 2025"},"content":{"rendered":"\n[et_pb_section fb_built=&#8221;1&#8243; _builder_version=&#8221;4.27.4&#8243; _module_preset=&#8221;default&#8221; custom_padding=&#8221;0px|||||&#8221; global_colors_info=&#8221;{}&#8221; theme_builder_area=&#8221;post_content&#8221;][et_pb_row _builder_version=&#8221;4.27.4&#8243; _module_preset=&#8221;default&#8221; global_colors_info=&#8221;{}&#8221; theme_builder_area=&#8221;post_content&#8221;][et_pb_column type=&#8221;4_4&#8243; _builder_version=&#8221;4.27.4&#8243; _module_preset=&#8221;default&#8221; global_colors_info=&#8221;{}&#8221; theme_builder_area=&#8221;post_content&#8221;][et_pb_text module_class=&#8221;custom-bullet&#8221; _builder_version=&#8221;4.27.4&#8243; _module_preset=&#8221;default&#8221; custom_padding=&#8221;||5px|||&#8221; hover_enabled=&#8221;0&#8243; global_colors_info=&#8221;{}&#8221; theme_builder_area=&#8221;post_content&#8221; sticky_enabled=&#8221;0&#8243;]<p>Depuis l\u2019automne, j\u2019ai le privil\u00e8ge d\u2019\u00eatre la figure d\u2019accueil du service de l\u2019accompagnement spirituel. Depuis l\u2019automne, je prends conscience de la d\u00e9tresse qui s\u2019\u00e9paissit jusqu\u2019\u00e0 devenir \u00e9touffante ici, partout. Les demandes qui surgissent sont marqu\u00e9es par une souffrance de plus en plus existentielle o\u00f9 la mort devient une option parmi d\u2019autres. Ces demandes, toutefois, portent aussi le germe de l\u2019esp\u00e9rance, aussi t\u00eatue que d\u00e9raisonnable. C\u2019est elle qui appelle \u00e0 travers le d\u00e9sir de vivre, \u00e0 travers les appels t\u00e9l\u00e9phoniques. Pleurs, cris, d\u00e9sarroi, \u00e9puisement ou id\u00e9es suicidaires, ces hommes et ces femmes en lambeaux au bout du fil, au bout de leur fil, n\u2019ont plus de souffle. Leur d\u00e9nuement rencontre alors notre pauvret\u00e9, car apr\u00e8s tout, nous n\u2019avons qu\u2019une pr\u00e9sence \u00e0 leur offrir. Mais une toute-pr\u00e9sence sur les cendres de leur toute-puissance. L\u2019accompagnement est une pr\u00e9sence dans la Pr\u00e9sence, elle est r\u00e9sistance \u00e0 la d\u00e9vastation du monde int\u00e9rieur des \u00e9corch\u00e9s vifs, elle est encore r\u00e9sistance \u00e0 la destruction du monde ext\u00e9rieur qui violente et massacre toute forme d\u2019humanit\u00e9 et de vie.<\/p>\n<p>Au t\u00e9l\u00e9phone, j\u2019entends cette humanit\u00e9 terrass\u00e9e mais non pas an\u00e9antie pour paraphraser saint Paul. Les pleurs et les cris accueillis, c\u2019est une gratitude inou\u00efe qui surgit : \u00ab Merci, mon Dieu, si vous saviez\u2026 \u00bb. Chaque fois, je suis saisie par cette gratitude, elle est le c\u0153ur palpitant de notre pr\u00e9sence et du don que nous sommes. Chaque appel, chaque courriel, amorce une dynamique de compassion et de gratitude qui donne \u00e0 vivre, simplement par la pr\u00e9sence. Simplement parce qu\u2019ensemble, nous donnons sa chance \u00e0 la Vie pour reprendre les termes du p\u00e8re Simon-Pierre Arnold. La pauvret\u00e9 et la mis\u00e8re de cet autre nous sont envoy\u00e9es pour que nous puissions donner notre vie, notre temps et surtout, contempler la vivacit\u00e9 du Christ qui cherche \u00e0 na\u00eetre. Chaque rencontre d\u2019accompagnement est une occasion unique de dire ensemble un Oui \u00e0 la vie, une annonciation secr\u00e8te, source d\u2019\u00e9lan et de souffle autant pour la personne aid\u00e9e que pour la personne accompagnatrice. Ce fiat \u00e0 ce qui nous d\u00e9passe, nous ouvre et nous abreuve reste aussi vivifiant qu\u2019insaisissable comme l\u2019eau que nous recueillons dans nos mains.<\/p>\n<p>\u00c9merveill\u00e9s par la v\u00e9rit\u00e9 et la Vie sous les d\u00e9combres des noirceurs et des indignit\u00e9s de l\u2019autre, nous ne pouvons que nous agenouiller devant cette beaut\u00e9 renouvel\u00e9e, cette fragilit\u00e9 puissante. En tant qu\u2019accompagnateurs, notre pr\u00e9sence ne sert qu\u2019\u00e0 rendre gr\u00e2ce malgr\u00e9 et contre l\u2019ingratitude qui s\u00e9vit. Une ingratitude envers la vie qui fraye avec le mal, qui r\u00e9duit la vie pour la dominer, qui l\u2019exploite pour le profit et la crucifie, encore et encore. Chaque accompagnement devient ainsi un instant inesp\u00e9r\u00e9 pour sauver le monde. C\u2019est une rencontre inattendue pour d\u00e9-couvrir la fragilit\u00e9, l\u2019\u00e9merveillement de ce Dieu naissant en nos pauvret\u00e9s. Provenant de tous horizons, avec nos dons uniques, nous sommes des mages-accompagnateurs destin\u00e9s \u00e0 rendre gr\u00e2ce \u00e0 la p(P)arole jadis \u00e9touff\u00e9e qui retrouvera sa voie d\u2019esp\u00e9rance jusqu\u2019\u00e0 devenir louange.<\/p>\n<p>Au c\u0153ur du tragique des appels \u00e0 notre service, il y a ces mercis qui jaillissent comme une reconnaissance qui rentre \u00e0 la maison, comme un salut qui ouvre un chemin nouveau, comme une f\u00eate pr\u00e9par\u00e9e pour nous car voici que nous, qui \u00e9tions morts, nous sommes revenus \u00e0 la vie, ensemble et par Lui. Rendons gr\u00e2ce au P\u00e8lerin et \u00e0 nos accompagn\u00e9s qui nous rappellent tous deux la justesse des mots de Basile Moreau, fondateur des Sainte-Croix : \u00ab La r\u00e9surrection est un \u00e9v\u00e8nement quotidien \u00bb.<\/p>\n<p><strong>Barbara Martel,\u00a0<\/strong>codirectrice gestion<br \/>bmartel@lepelerin.org<\/p>[\/et_pb_text][\/et_pb_column][\/et_pb_row][\/et_pb_section][et_pb_section fb_built=&#8221;1&#8243; _builder_version=&#8221;4.27.4&#8243; _module_preset=&#8221;default&#8221; global_colors_info=&#8221;{}&#8221; theme_builder_area=&#8221;post_content&#8221;][et_pb_row _builder_version=&#8221;4.27.4&#8243; _module_preset=&#8221;default&#8221; global_colors_info=&#8221;{}&#8221; theme_builder_area=&#8221;post_content&#8221;][et_pb_column type=&#8221;4_4&#8243; _builder_version=&#8221;4.27.4&#8243; _module_preset=&#8221;default&#8221; global_colors_info=&#8221;{}&#8221; theme_builder_area=&#8221;post_content&#8221;][et_pb_heading title=&#8221;\u00c9v\u00e9nements \u00e0 venir au P\u00e8lerin&#8221; _builder_version=&#8221;4.27.4&#8243; _module_preset=&#8221;7d021552-ee50-41e6-9a48-eee88da621cd&#8221; title_text_align=&#8221;left&#8221; global_colors_info=&#8221;{}&#8221; theme_builder_area=&#8221;post_content&#8221;][\/et_pb_heading][diec_event_carousel show_venue=&#8221;off&#8221; show_name=&#8221;off&#8221; show_price=&#8221;off&#8221; show_category=&#8221;off&#8221; show_weburl=&#8221;off&#8221; show_detail=&#8221;off&#8221; event_count=&#8221;15&#8243; included_categories=&#8221;14&#8243; _builder_version=&#8221;4.27.4&#8243; _module_preset=&#8221;default&#8221; global_colors_info=&#8221;{}&#8221; theme_builder_area=&#8221;post_content&#8221;][\/diec_event_carousel][\/et_pb_column][\/et_pb_row][\/et_pb_section][et_pb_section fb_built=&#8221;1&#8243; _builder_version=&#8221;4.27.4&#8243; _module_preset=&#8221;default&#8221; global_module=&#8221;250732&#8243; saved_tabs=&#8221;all&#8221; global_colors_info=&#8221;{}&#8221; theme_builder_area=&#8221;post_content&#8221;][et_pb_row _builder_version=&#8221;4.27.4&#8243; _module_preset=&#8221;default&#8221; global_colors_info=&#8221;{}&#8221; theme_builder_area=&#8221;post_content&#8221;][et_pb_column type=&#8221;4_4&#8243; _builder_version=&#8221;4.27.4&#8243; _module_preset=&#8221;default&#8221; global_colors_info=&#8221;{}&#8221; theme_builder_area=&#8221;post_content&#8221;][et_pb_post_nav in_same_term=&#8221;on&#8221; prev_text=&#8221;Article pr\u00e9c\u00e9dent&#8221; next_text=&#8221;Article suivant&#8221; _builder_version=&#8221;4.27.4&#8243; _module_preset=&#8221;default&#8221; global_colors_info=&#8221;{}&#8221; theme_builder_area=&#8221;post_content&#8221;][\/et_pb_post_nav][\/et_pb_column][\/et_pb_row][\/et_pb_section]\n","protected":false},"excerpt":{"rendered":"<p>Au c\u0153ur des appels \u00e0 l\u2019aide, l\u00e0 o\u00f9 tout semble perdu, une parole de gratitude s\u2019\u00e9l\u00e8ve : \u00ab Merci, mon Dieu, si vous saviez\u2026 \u00bb. Barbara Martel t\u00e9moigne de la puissance de la pr\u00e9sence, de la compassion et de cette gratitude qui, humblement, sauve le monde.<\/p>\n","protected":false},"author":5,"featured_media":253685,"comment_status":"open","ping_status":"open","sticky":false,"template":"","format":"standard","meta":{"_et_pb_use_builder":"on","_et_pb_old_content":"","_et_gb_content_width":"","footnotes":""},"categories":[25,5],"tags":[],"class_list":["post-253681","post","type-post","status-publish","format-standard","has-post-thumbnail","hentry","category-editoriaux","category-actualites-du-pelerin"],"_links":{"self":[{"href":"https:\/\/lepelerin.org\/portail\/wp-json\/wp\/v2\/posts\/253681","targetHints":{"allow":["GET"]}}],"collection":[{"href":"https:\/\/lepelerin.org\/portail\/wp-json\/wp\/v2\/posts"}],"about":[{"href":"https:\/\/lepelerin.org\/portail\/wp-json\/wp\/v2\/types\/post"}],"author":[{"embeddable":true,"href":"https:\/\/lepelerin.org\/portail\/wp-json\/wp\/v2\/users\/5"}],"replies":[{"embeddable":true,"href":"https:\/\/lepelerin.org\/portail\/wp-json\/wp\/v2\/comments?post=253681"}],"version-history":[{"count":3,"href":"https:\/\/lepelerin.org\/portail\/wp-json\/wp\/v2\/posts\/253681\/revisions"}],"predecessor-version":[{"id":253687,"href":"https:\/\/lepelerin.org\/portail\/wp-json\/wp\/v2\/posts\/253681\/revisions\/253687"}],"wp:featuredmedia":[{"embeddable":true,"href":"https:\/\/lepelerin.org\/portail\/wp-json\/wp\/v2\/media\/253685"}],"wp:attachment":[{"href":"https:\/\/lepelerin.org\/portail\/wp-json\/wp\/v2\/media?parent=253681"}],"wp:term":[{"taxonomy":"category","embeddable":true,"href":"https:\/\/lepelerin.org\/portail\/wp-json\/wp\/v2\/categories?post=253681"},{"taxonomy":"post_tag","embeddable":true,"href":"https:\/\/lepelerin.org\/portail\/wp-json\/wp\/v2\/tags?post=253681"}],"curies":[{"name":"wp","href":"https:\/\/api.w.org\/{rel}","templated":true}]}}