{"id":253659,"date":"2025-10-30T15:48:33","date_gmt":"2025-10-30T19:48:33","guid":{"rendered":"https:\/\/lepelerin.org\/portail\/?p=253659"},"modified":"2025-10-30T15:48:34","modified_gmt":"2025-10-30T19:48:34","slug":"saintete-chemin-de-pauvrete-feconde","status":"publish","type":"post","link":"https:\/\/lepelerin.org\/portail\/evangelisation-des-profondeurs\/saintete-chemin-de-pauvrete-feconde\/","title":{"rendered":"La saintet\u00e9, chemin de pauvret\u00e9 f\u00e9conde \u2013 EDP"},"content":{"rendered":"\n[et_pb_section fb_built=&#8221;1&#8243; _builder_version=&#8221;4.27.4&#8243; _module_preset=&#8221;default&#8221; custom_padding=&#8221;0px||0px|||&#8221; global_colors_info=&#8221;{}&#8221; theme_builder_area=&#8221;post_content&#8221;][et_pb_row _builder_version=&#8221;4.27.4&#8243; _module_preset=&#8221;default&#8221; global_colors_info=&#8221;{}&#8221; theme_builder_area=&#8221;post_content&#8221;][et_pb_column type=&#8221;4_4&#8243; _builder_version=&#8221;4.27.4&#8243; _module_preset=&#8221;default&#8221; global_colors_info=&#8221;{}&#8221; theme_builder_area=&#8221;post_content&#8221;][et_pb_text module_class=&#8221;custom-bullet&#8221; _builder_version=&#8221;4.27.4&#8243; _module_preset=&#8221;default&#8221; global_colors_info=&#8221;{}&#8221; theme_builder_area=&#8221;post_content&#8221; hover_enabled=&#8221;0&#8243; sticky_enabled=&#8221;0&#8243;]<p>Ce mois de novembre nous rappelle la f\u00eate de tous les saints et saintes qui ont fait route \u00e0 la suite de J\u00e9sus le Christ. Quel regard je pose sur cette f\u00eate qui est aussi la n\u00f4tre, ne l\u2019oublions jamais ! Le d\u00e9but de la lettre aux \u00c9ph\u00e9siens nous rappelle que l\u2019appel \u00e0 la saintet\u00e9 est lanc\u00e9 \u00e0 chacune et chacun de nous. Sans doute avez-vous d\u00e9j\u00e0 entendu cet adage : \u00ab <em><strong>je suis loin d\u2019\u00eatre un saint<\/strong>\u2026<\/em> \u00bb Et pourtant le Christ nous interpelle : \u00ab <em><strong>Deviens toi-m\u00eame en Dieu<\/strong>\u2026<\/em> \u00bb. La saintet\u00e9 un r\u00eave ou un appel ? Un but \u00e0 atteindre ou un chemin fait de petits pas ?<\/p>\n<p>J\u2019aimerais partager avec vous quelques \u00e9l\u00e9ments de la saintet\u00e9 tel que pr\u00e9sent\u00e9 par Michel Rondet\u2026 un texte qu\u2019on m\u2019a partag\u00e9 derni\u00e8rement. Un texte d\u00e9capant, d\u00e9stabilisant mais rempli d\u2019esp\u00e9rance et de vibration qui suscite la conversion de mon regard.<\/p>\n<p>Il (Michel Rondet) rappelle d\u2019abord qu\u2019il y a bien des mani\u00e8res de suivre le Christ. Il y a une diversit\u00e9 de chemins qui invitent \u00e0 une disponibilit\u00e9 de plus en plus grande, qui fait passer de la saintet\u00e9 d\u00e9sir\u00e9e et r\u00eav\u00e9e \u00e0 la pauvret\u00e9 offerte. C\u2019est dans l\u2019acceptation de mes limites, de ma vuln\u00e9rabilit\u00e9, de ma blessure et m\u00eame de mon p\u00e9ch\u00e9 que la saintet\u00e9 s\u2019\u00e9panouit. Cette constatation de notre condition humaine nous rappelle que \u00ab <em>nous ne pourrons plus nous trouver nous-m\u00eames qu\u2019en Celui qui accomplira en nous la vie \u00e0 laquelle Il nous a appel\u00e9s.<\/em> \u00bb Il y a cet appel \u00e0 sortir d\u2019un r\u00eave de saintet\u00e9. Et m\u00eame : \u00ab Souvent Dieu permet que le p\u00e9ch\u00e9 nous ouvre les yeux\u2026 La mis\u00e9ricorde de Dieu nous attend l\u00e0. \u00bb Bien plus que de r\u00eaver d\u2019une saintet\u00e9 faite de toute puissance, nous sommes invit\u00e9s \u00e0 \u00ab <em>devenir ce pauvre qui n\u2019a plus \u00e0 offrir \u00e0 Dieu que ses mains vides. Alors tout devient possible.<\/em> \u00bb<\/p>\n<p>N&#8217;est-ce pas le chemin que nous propose aussi Simone Pacot? Elle nous invite \u00e0 faire de notre condition humaine (bless\u00e9e, vuln\u00e9rable et limit\u00e9e) le lieu de rencontre avec ce Dieu de la Vie qui nous invite \u00e0 cheminer avec Lui, pas \u00e0 pas, sur le sentier de la r\u00e9surrection. Sur ce chemin nous ne sommes pas seuls et son Esprit ne cesse de fa\u00e7onner cette saintet\u00e9 de notre \u00eatre, cette identit\u00e9 profonde de filles et fils bien-aim\u00e9s du P\u00e8re, cette couleur propre qui est la n\u00f4tre. \u00ab <em>Deviens toi-m\u00eame en Dieu\u2026<\/em> \u00bb.<\/p>\n<p>Cette f\u00eate de la Toussaint c\u2019est ta f\u00eate, ma f\u00eate, notre f\u00eate car c\u2019est la reconnaissance de la puissance de l\u2019Esprit du Christ qui r\u00e9alise en nous bien plus que nous n\u2019osons r\u00eaver ou demander.<\/p>\n<p>Michel Rondet nous rappelle que \u00ab <em>Vivre de sa (celle du Christ) vie, partager ses souffrances et ses faiblesses, c\u2019est aussi se laisser conduire de la saintet\u00e9 d\u00e9sir\u00e9e \u00e0 la pauvret\u00e9 offerte.<\/em> \u00bb<\/p>\n<p><strong>Bonne f\u00eate<\/strong><\/p>\n<p><strong>Richard Cadieux<\/strong> \u2013 Membre de l\u2019\u00e9quipe Unit\u00e9 de la mission \u00c9vang\u00e9lisation des profondeurs\u00a0<\/p>[\/et_pb_text][\/et_pb_column][\/et_pb_row][et_pb_row _builder_version=&#8221;4.27.4&#8243; _module_preset=&#8221;default&#8221; global_colors_info=&#8221;{}&#8221; theme_builder_area=&#8221;post_content&#8221;][et_pb_column type=&#8221;4_4&#8243; _builder_version=&#8221;4.27.4&#8243; _module_preset=&#8221;default&#8221; global_colors_info=&#8221;{}&#8221; theme_builder_area=&#8221;post_content&#8221;][et_pb_heading title=&#8221;\u00c0 propos d&#8217;\u00c9vang\u00e9lisation des profondeurs&#8221; _builder_version=&#8221;4.27.4&#8243; _module_preset=&#8221;default&#8221; title_text_align=&#8221;left&#8221; title_font_size=&#8221;26px&#8221; global_colors_info=&#8221;{}&#8221; theme_builder_area=&#8221;post_content&#8221;][\/et_pb_heading][et_pb_text _builder_version=&#8221;4.27.4&#8243; _module_preset=&#8221;default&#8221; global_colors_info=&#8221;{}&#8221; theme_builder_area=&#8221;post_content&#8221;]<p>\u00c9vang\u00e9lisation des profondeurs propose un chemin d\u2019incarnation et de vie. \u00c0 travers des <strong>sessions, des groupes de lecture et des temps de ressourcement<\/strong>, nous apprenons \u00e0 ouvrir \u00e0 l\u2019Esprit Saint toute notre histoire, nos relations bless\u00e9es et les \u00e9v\u00e9nements de nos vies. Appuy\u00e9s sur la Parole de Dieu et \u00e9clair\u00e9s par les sciences humaines, nous d\u00e9couvrons qu\u2019\u00ab quels que soient les \u00e9v\u00e9nements, il y a une issue de vie possible \u00bb.<\/p>\n<p>Cette d\u00e9marche <strong>int\u00e8gre toutes les dimensions de la personne<\/strong> \u2013 le corps, la psych\u00e9 et le c\u0153ur profond \u2013 et s\u2019enracine dans <strong>cinq rep\u00e8res de vie<\/strong> : choisir la Vie, accepter notre condition humaine, devenir nous-m\u00eames en Dieu, rechercher l\u2019unit\u00e9 int\u00e9rieure et entrer dans la f\u00e9condit\u00e9 du don.<\/p>\n<p>Convaincus que Dieu initie tout mouvement vers la Vie, nous nous posons dans la libert\u00e9 re\u00e7ue du P\u00e8re, nous accueillons la Vie que le Ressuscit\u00e9 veut faire surgir en nous, et nous ouvrons notre \u00eatre tout entier au souffle cr\u00e9ateur de l\u2019Esprit Saint, lui qui fait toutes choses nouvelles.<\/p>\n<p><a href=\"https:\/\/lepelerin.org\/portail\/services\/evangelisation-des-profondeurs\/\">En savoir plus sur l&#8217;\u00c9vang\u00e9lisation des profondeurs<\/a><\/p>[\/et_pb_text][\/et_pb_column][\/et_pb_row][\/et_pb_section][et_pb_section fb_built=&#8221;1&#8243; _builder_version=&#8221;4.27.4&#8243; _module_preset=&#8221;default&#8221; custom_padding=&#8221;0px|||||&#8221; global_colors_info=&#8221;{}&#8221; theme_builder_area=&#8221;post_content&#8221;][et_pb_row _builder_version=&#8221;4.27.4&#8243; _module_preset=&#8221;default&#8221; global_colors_info=&#8221;{}&#8221; theme_builder_area=&#8221;post_content&#8221;][et_pb_column type=&#8221;4_4&#8243; _builder_version=&#8221;4.27.4&#8243; _module_preset=&#8221;default&#8221; global_colors_info=&#8221;{}&#8221; theme_builder_area=&#8221;post_content&#8221;][et_pb_heading title=&#8221;\u00c9v\u00e9nements \u00e0 venir pour \u00c9vang\u00e9lisation des profondeurs&#8221; _builder_version=&#8221;4.27.4&#8243; _module_preset=&#8221;7d021552-ee50-41e6-9a48-eee88da621cd&#8221; title_text_align=&#8221;left&#8221; title_font_size=&#8221;26px&#8221; global_colors_info=&#8221;{}&#8221; theme_builder_area=&#8221;post_content&#8221;][\/et_pb_heading][diec_event_carousel show_venue=&#8221;off&#8221; show_name=&#8221;off&#8221; show_price=&#8221;off&#8221; show_category=&#8221;off&#8221; show_weburl=&#8221;off&#8221; show_detail=&#8221;off&#8221; included_categories=&#8221;19&#8243; _builder_version=&#8221;4.27.4&#8243; _module_preset=&#8221;default&#8221; global_colors_info=&#8221;{}&#8221; theme_builder_area=&#8221;post_content&#8221;][\/diec_event_carousel][\/et_pb_column][\/et_pb_row][\/et_pb_section][et_pb_section fb_built=&#8221;1&#8243; _builder_version=&#8221;4.27.4&#8243; _module_preset=&#8221;default&#8221; global_module=&#8221;250732&#8243; saved_tabs=&#8221;all&#8221; global_colors_info=&#8221;{}&#8221; theme_builder_area=&#8221;post_content&#8221;][et_pb_row _builder_version=&#8221;4.27.4&#8243; _module_preset=&#8221;default&#8221; global_colors_info=&#8221;{}&#8221; theme_builder_area=&#8221;post_content&#8221;][et_pb_column type=&#8221;4_4&#8243; _builder_version=&#8221;4.27.4&#8243; _module_preset=&#8221;default&#8221; global_colors_info=&#8221;{}&#8221; theme_builder_area=&#8221;post_content&#8221;][et_pb_post_nav in_same_term=&#8221;on&#8221; prev_text=&#8221;Article pr\u00e9c\u00e9dent&#8221; next_text=&#8221;Article suivant&#8221; _builder_version=&#8221;4.27.4&#8243; _module_preset=&#8221;default&#8221; global_colors_info=&#8221;{}&#8221; theme_builder_area=&#8221;post_content&#8221;][\/et_pb_post_nav][\/et_pb_column][\/et_pb_row][\/et_pb_section]\n","protected":false},"excerpt":{"rendered":"<p>La saintet\u00e9 n\u2019est pas un r\u00eave inaccessible : elle se d\u00e9ploie au c\u0153ur de nos fragilit\u00e9s. L&#8217;\u00c9vang\u00e9lisation des profondeurs nous invite \u00e0 d\u00e9couvrir comment la pauvret\u00e9 du c\u0153ur devient le lieu de la rencontre avec Dieu, sur un chemin d\u2019esp\u00e9rance et de vie.<\/p>\n","protected":false},"author":17,"featured_media":253661,"comment_status":"open","ping_status":"open","sticky":false,"template":"","format":"standard","meta":{"_et_pb_use_builder":"on","_et_pb_old_content":"","_et_gb_content_width":"","footnotes":""},"categories":[27,5],"tags":[],"class_list":["post-253659","post","type-post","status-publish","format-standard","has-post-thumbnail","hentry","category-evangelisation-des-profondeurs","category-actualites-du-pelerin"],"_links":{"self":[{"href":"https:\/\/lepelerin.org\/portail\/wp-json\/wp\/v2\/posts\/253659","targetHints":{"allow":["GET"]}}],"collection":[{"href":"https:\/\/lepelerin.org\/portail\/wp-json\/wp\/v2\/posts"}],"about":[{"href":"https:\/\/lepelerin.org\/portail\/wp-json\/wp\/v2\/types\/post"}],"author":[{"embeddable":true,"href":"https:\/\/lepelerin.org\/portail\/wp-json\/wp\/v2\/users\/17"}],"replies":[{"embeddable":true,"href":"https:\/\/lepelerin.org\/portail\/wp-json\/wp\/v2\/comments?post=253659"}],"version-history":[{"count":3,"href":"https:\/\/lepelerin.org\/portail\/wp-json\/wp\/v2\/posts\/253659\/revisions"}],"predecessor-version":[{"id":253665,"href":"https:\/\/lepelerin.org\/portail\/wp-json\/wp\/v2\/posts\/253659\/revisions\/253665"}],"wp:featuredmedia":[{"embeddable":true,"href":"https:\/\/lepelerin.org\/portail\/wp-json\/wp\/v2\/media\/253661"}],"wp:attachment":[{"href":"https:\/\/lepelerin.org\/portail\/wp-json\/wp\/v2\/media?parent=253659"}],"wp:term":[{"taxonomy":"category","embeddable":true,"href":"https:\/\/lepelerin.org\/portail\/wp-json\/wp\/v2\/categories?post=253659"},{"taxonomy":"post_tag","embeddable":true,"href":"https:\/\/lepelerin.org\/portail\/wp-json\/wp\/v2\/tags?post=253659"}],"curies":[{"name":"wp","href":"https:\/\/api.w.org\/{rel}","templated":true}]}}