{"id":253388,"date":"2025-10-23T16:08:27","date_gmt":"2025-10-23T20:08:27","guid":{"rendered":"https:\/\/lepelerin.org\/portail\/?p=253388"},"modified":"2025-10-23T16:08:28","modified_gmt":"2025-10-23T20:08:28","slug":"nouveau-programme-formation-sacramentalite-intervention-pastorale","status":"publish","type":"post","link":"https:\/\/lepelerin.org\/portail\/actualites-du-pelerin\/nouveau-programme-formation-sacramentalite-intervention-pastorale\/","title":{"rendered":"Nouveau programme de formation : Sacramentalit\u00e9 et intervention pastorale"},"content":{"rendered":"\n[et_pb_section fb_built=&#8221;1&#8243; _builder_version=&#8221;4.27.4&#8243; _module_preset=&#8221;default&#8221; custom_padding=&#8221;0px|||||&#8221; global_colors_info=&#8221;{}&#8221; theme_builder_area=&#8221;post_content&#8221;][et_pb_row _builder_version=&#8221;4.27.4&#8243; _module_preset=&#8221;default&#8221; global_colors_info=&#8221;{}&#8221; theme_builder_area=&#8221;post_content&#8221;][et_pb_column type=&#8221;4_4&#8243; _builder_version=&#8221;4.27.4&#8243; _module_preset=&#8221;default&#8221; global_colors_info=&#8221;{}&#8221; theme_builder_area=&#8221;post_content&#8221;][et_pb_text module_class=&#8221;custom-bullet&#8221; _builder_version=&#8221;4.27.4&#8243; _module_preset=&#8221;default&#8221; custom_padding=&#8221;||5px|||&#8221; hover_enabled=&#8221;0&#8243; global_colors_info=&#8221;{}&#8221; theme_builder_area=&#8221;post_content&#8221; sticky_enabled=&#8221;0&#8243;]<p>Le Centre le P\u00e8lerin est heureux d\u2019annoncer le lancement de son nouveau programme de formation <strong>Sacramentalit\u00e9 et intervention pastorale<\/strong>, offert dans le cadre de l\u2019<strong>\u00c9cole Foi et Spiritualit\u00e9<\/strong>.<\/p>\n<p>Cette formation s\u2019adresse \u00e0 toutes les personnes engag\u00e9es en pastorale, en accompagnement spirituel ou en service communautaire, ainsi qu\u2019\u00e0 celles et ceux qui souhaitent approfondir leur exp\u00e9rience de foi et de vie spirituelle.<\/p>\n<h2>Entrer au c\u0153ur de la sacramentalit\u00e9 de la vie<\/h2>\n<p>Ce programme propose un parcours de formation unique pour d\u00e9couvrir la <strong>dimension sacramentelle de l\u2019existence<\/strong>, approfondir le <strong>sens des sacrements de l\u2019\u00c9glise<\/strong> et apprendre \u00e0 <strong>accompagner les personnes dans leur cheminement de foi<\/strong>.<\/p>\n<p>Dans un monde travers\u00e9 par de profondes crises humaines, spirituelles et eccl\u00e9siales, cette formation offre une <strong>d\u00e9marche spirituelle et pastorale<\/strong> qui ouvre \u00e0 la <strong>sacramentalit\u00e9 de la vie<\/strong> et renouvelle notre regard sur l\u2019existence.<\/p>\n<p>Elle invite \u00e0 red\u00e9couvrir ce dynamisme inscrit par la Parole au c\u0153ur de la cr\u00e9ation, de l\u2019histoire et du salut, et \u00e0 reconna\u00eetre la pr\u00e9sence du Dieu vivant, cach\u00e9 mais pr\u00e9sent au c\u0153ur de tout ce qui fait notre vie.<\/p>\n<h2>Une pr\u00e9sentation par St\u00e9fan Th\u00e9riault<\/h2>\n<p>Dans cette vid\u00e9o de pr\u00e9sentation, <strong>St\u00e9fan Th\u00e9riault<\/strong>, codirecteur d\u00e9veloppement du P\u00e8lerin et enseignant \u00e0 la formation, pr\u00e9sente le sens et la pertinence de ce nouveau programme.<\/p>\n<p>Il y \u00e9voque l\u2019importance de retrouver la source spirituelle de notre \u00eatre et la vocation de l\u2019humain \u00e0 devenir signe du divin dans le monde.<\/p>\n<p><iframe loading=\"lazy\" title=\"Pr\u00e9sentation du programme Sacramentalit\u00e9 et intervention pastorale | Centre le P\u00e8lerin\" width=\"1080\" height=\"608\" src=\"https:\/\/www.youtube.com\/embed\/-9Hc7BGzxpY?feature=oembed\"  allow=\"accelerometer; autoplay; clipboard-write; encrypted-media; gyroscope; picture-in-picture; web-share\" referrerpolicy=\"strict-origin-when-cross-origin\" allowfullscreen><\/iframe><\/p>\n<h2>Rencontres d\u2019information sur Zoom<\/h2>\n<p>Les <strong>10 et 12 novembre prochains<\/strong>, vous \u00eates invit\u00e9s \u00e0 participer \u00e0 une <strong>rencontre d\u2019information en ligne<\/strong> pour d\u00e9couvrir le programme, poser vos questions et rencontrer l\u2019\u00e9quipe formatrice.<\/p>\n<p>&#x1f449; D\u00e9tails et inscription \u00e0 la rencontre Zoom du <a href=\"https:\/\/lepelerin.org\/portail\/evenement\/rencontre-information-sacramentalite-intervention-pastorale-10nov\/\">10 novembre<\/a> et du <a href=\"https:\/\/lepelerin.org\/portail\/evenement\/rencontre-information-sacramentalite-intervention-pastorale-12nov\/\">12 novembre<\/a><\/p>\n<h2>En savoir plus et s\u2019inscrire<\/h2>\n<p>Pour d\u00e9couvrir le contenu d\u00e9taill\u00e9 du programme et les modalit\u00e9s d\u2019inscription, visitez la page compl\u00e8te :<br \/>&#x1f517; <a href=\"https:\/\/lepelerin.org\/portail\/ecoles\/foi-et-spiritualite\/formation-sacramentalite-intervention-pastorale\">Formation Sacramentalit\u00e9 et intervention pastorale<\/a><\/p>\n<p>&nbsp;<\/p>[\/et_pb_text][\/et_pb_column][\/et_pb_row][\/et_pb_section][et_pb_section fb_built=&#8221;1&#8243; _builder_version=&#8221;4.27.4&#8243; _module_preset=&#8221;default&#8221; global_colors_info=&#8221;{}&#8221; theme_builder_area=&#8221;post_content&#8221;][et_pb_row _builder_version=&#8221;4.27.4&#8243; _module_preset=&#8221;default&#8221; global_colors_info=&#8221;{}&#8221; theme_builder_area=&#8221;post_content&#8221;][et_pb_column type=&#8221;4_4&#8243; _builder_version=&#8221;4.27.4&#8243; _module_preset=&#8221;default&#8221; global_colors_info=&#8221;{}&#8221; theme_builder_area=&#8221;post_content&#8221;][et_pb_heading title=&#8221;\u00c9v\u00e9nements \u00e0 venir au P\u00e8lerin&#8221; _builder_version=&#8221;4.27.4&#8243; _module_preset=&#8221;7d021552-ee50-41e6-9a48-eee88da621cd&#8221; title_text_align=&#8221;left&#8221; global_colors_info=&#8221;{}&#8221; theme_builder_area=&#8221;post_content&#8221;][\/et_pb_heading][diec_event_carousel show_venue=&#8221;off&#8221; show_name=&#8221;off&#8221; show_price=&#8221;off&#8221; show_category=&#8221;off&#8221; show_weburl=&#8221;off&#8221; show_detail=&#8221;off&#8221; event_count=&#8221;15&#8243; included_categories=&#8221;14&#8243; _builder_version=&#8221;4.27.4&#8243; _module_preset=&#8221;default&#8221; global_colors_info=&#8221;{}&#8221; theme_builder_area=&#8221;post_content&#8221;][\/diec_event_carousel][\/et_pb_column][\/et_pb_row][\/et_pb_section][et_pb_section fb_built=&#8221;1&#8243; _builder_version=&#8221;4.27.4&#8243; _module_preset=&#8221;default&#8221; global_module=&#8221;250732&#8243; saved_tabs=&#8221;all&#8221; global_colors_info=&#8221;{}&#8221; theme_builder_area=&#8221;post_content&#8221;][et_pb_row _builder_version=&#8221;4.27.4&#8243; _module_preset=&#8221;default&#8221; global_colors_info=&#8221;{}&#8221; theme_builder_area=&#8221;post_content&#8221;][et_pb_column type=&#8221;4_4&#8243; _builder_version=&#8221;4.27.4&#8243; _module_preset=&#8221;default&#8221; global_colors_info=&#8221;{}&#8221; theme_builder_area=&#8221;post_content&#8221;][et_pb_post_nav in_same_term=&#8221;on&#8221; prev_text=&#8221;Article pr\u00e9c\u00e9dent&#8221; next_text=&#8221;Article suivant&#8221; _builder_version=&#8221;4.27.4&#8243; _module_preset=&#8221;default&#8221; global_colors_info=&#8221;{}&#8221; theme_builder_area=&#8221;post_content&#8221;][\/et_pb_post_nav][\/et_pb_column][\/et_pb_row][\/et_pb_section]\n","protected":false},"excerpt":{"rendered":"<p>Le P\u00e8lerin lance un nouveau programme dans le cadre de l\u2019\u00c9cole Foi et Spiritualit\u00e9 : Sacramentalit\u00e9 et intervention pastorale. Une invitation \u00e0 red\u00e9couvrir la dimension sacramentelle de la vie et \u00e0 accompagner la rencontre avec le Dieu vivant, au c\u0153ur du monde et de l\u2019existence humaine.<\/p>\n","protected":false},"author":13,"featured_media":253396,"comment_status":"open","ping_status":"open","sticky":false,"template":"","format":"standard","meta":{"_et_pb_use_builder":"on","_et_pb_old_content":"","_et_gb_content_width":"","footnotes":""},"categories":[5],"tags":[],"class_list":["post-253388","post","type-post","status-publish","format-standard","has-post-thumbnail","hentry","category-actualites-du-pelerin"],"_links":{"self":[{"href":"https:\/\/lepelerin.org\/portail\/wp-json\/wp\/v2\/posts\/253388","targetHints":{"allow":["GET"]}}],"collection":[{"href":"https:\/\/lepelerin.org\/portail\/wp-json\/wp\/v2\/posts"}],"about":[{"href":"https:\/\/lepelerin.org\/portail\/wp-json\/wp\/v2\/types\/post"}],"author":[{"embeddable":true,"href":"https:\/\/lepelerin.org\/portail\/wp-json\/wp\/v2\/users\/13"}],"replies":[{"embeddable":true,"href":"https:\/\/lepelerin.org\/portail\/wp-json\/wp\/v2\/comments?post=253388"}],"version-history":[{"count":3,"href":"https:\/\/lepelerin.org\/portail\/wp-json\/wp\/v2\/posts\/253388\/revisions"}],"predecessor-version":[{"id":253397,"href":"https:\/\/lepelerin.org\/portail\/wp-json\/wp\/v2\/posts\/253388\/revisions\/253397"}],"wp:featuredmedia":[{"embeddable":true,"href":"https:\/\/lepelerin.org\/portail\/wp-json\/wp\/v2\/media\/253396"}],"wp:attachment":[{"href":"https:\/\/lepelerin.org\/portail\/wp-json\/wp\/v2\/media?parent=253388"}],"wp:term":[{"taxonomy":"category","embeddable":true,"href":"https:\/\/lepelerin.org\/portail\/wp-json\/wp\/v2\/categories?post=253388"},{"taxonomy":"post_tag","embeddable":true,"href":"https:\/\/lepelerin.org\/portail\/wp-json\/wp\/v2\/tags?post=253388"}],"curies":[{"name":"wp","href":"https:\/\/api.w.org\/{rel}","templated":true}]}}