{"id":253174,"date":"2025-10-01T11:26:18","date_gmt":"2025-10-01T15:26:18","guid":{"rendered":"https:\/\/lepelerin.org\/portail\/?p=253174"},"modified":"2025-10-01T11:26:20","modified_gmt":"2025-10-01T15:26:20","slug":"grandir-liberte-interieure-chemin-de-vie","status":"publish","type":"post","link":"https:\/\/lepelerin.org\/portail\/actualites-du-pelerin\/grandir-liberte-interieure-chemin-de-vie\/","title":{"rendered":"Grandir dans la libert\u00e9 int\u00e9rieure\u00a0: un chemin de vie \u2013 EDP"},"content":{"rendered":"\n[et_pb_section fb_built=&#8221;1&#8243; _builder_version=&#8221;4.27.4&#8243; _module_preset=&#8221;default&#8221; custom_padding=&#8221;0px||0px|||&#8221; global_colors_info=&#8221;{}&#8221;][et_pb_row _builder_version=&#8221;4.27.4&#8243; _module_preset=&#8221;default&#8221; global_colors_info=&#8221;{}&#8221;][et_pb_column type=&#8221;4_4&#8243; _builder_version=&#8221;4.27.4&#8243; _module_preset=&#8221;default&#8221; global_colors_info=&#8221;{}&#8221;][et_pb_text module_class=&#8221;custom-bullet&#8221; _builder_version=&#8221;4.27.4&#8243; _module_preset=&#8221;default&#8221; global_colors_info=&#8221;{}&#8221;]<p>En observant la r\u00e9alit\u00e9 actuelle, nous constatons que la soif de pouvoir et la violence sous toutes ses formes s\u2019imposent comme un venin qui d\u00e9truit la dignit\u00e9 humaine. Nous voyons des conflits interminables entre les nations. Autour de nous, des exp\u00e9riences en relation g\u00e9n\u00e8rent de la souffrance et conduisent \u00e0 des impasses.<\/p>\n<p>Au cours des derni\u00e8res semaines, j\u2019ai rencontr\u00e9 plusieurs personnes qui ressentent un sentiment d\u2019impuissance et une grande incertitude. Comment peut-on demeurer des vivants? Comment ne pas succomber aux chemins de mort que sont la morosit\u00e9, le cynisme et la d\u00e9sesp\u00e9rance? L\u2019enjeu est de trouver un espace de libert\u00e9 int\u00e9rieure qui donnera la capacit\u00e9 \u00e0 choisir la vie, m\u00eame dans les situations les plus sombres et souffrantes.<\/p>\n<p>Simone Pacot affirme que la libert\u00e9 int\u00e9rieure est le but de la vie : \u00ab <em>La mission de J\u00e9sus est de nous lib\u00e9rer de nos liens.<\/em> \u00bb J\u00e9sus inaugure son minist\u00e8re par cette proclamation : \u00ab <em>L\u2019Esprit du Seigneur est sur moi parce que le Seigneur m\u2019a consacr\u00e9 par l\u2019onction. Il m\u2019a envoy\u00e9 porter la Bonne Nouvelle aux pauvres, annoncer aux captifs leur lib\u00e9ration, et aux aveugles qu\u2019ils retrouveront la vue, remettre en libert\u00e9 les opprim\u00e9s\u2026<\/em> \u00bb Luc 4,18 Elle souligne que J\u00e9sus lie ensemble la libert\u00e9 \u00e0 la v\u00e9rit\u00e9 : \u00ab <em>La v\u00e9rit\u00e9 vous rendra libres.<\/em> \u00bb Jean 8,32<\/p>\n<p>Dans nos exp\u00e9riences humaines et face \u00e0 la r\u00e9alit\u00e9 du monde, nous pouvons nous sentir enferm\u00e9s dans une forteresse : pris dans la peur, la haine, le ressentiment, le d\u00e9sir de vengeance ou dans une fausse culpabilit\u00e9 ou dans des regrets\u2026 Simone Pacot affirme qu\u2019il est possible de sortir de ces enfermements et de devenir libre en v\u00e9rit\u00e9: \u00ab <em>Nous avons la capacit\u00e9 d\u2019ouvrir des chemins de vie, de vivre des relations plus f\u00e9condes avec nous-m\u00eame, les autres et Dieu.<\/em> \u00bb Voil\u00e0 le chemin vers la libert\u00e9 int\u00e9rieure!<\/p>\n<p>L\u2019Esprit de Dieu est notre compagnon de route. Simone Pacot l\u2019affirme avec force : \u00ab <em>L\u2019Esprit veut toucher terre!<\/em> \u00bb Il veut habiter tout ce que nous vivons, m\u00eame ce qui est le plus souffrant. L\u2019Esprit veut nous lib\u00e9rer de ce qui fait entrave \u00e0 notre d\u00e9sir de vivre libre. Nous devenons capables de sortir de nos chemins de mort. Nous pouvons accueillir cette puissance de r\u00e9surrection. Elle nous rel\u00e8ve. Elle nous met en route pour \u00eatre des cr\u00e9atrices et cr\u00e9ateurs de vie et de beaut\u00e9 qui restaure la dignit\u00e9 humaine.<\/p>\n<p>Ne pas fuir, mais ouvrir sa terre sacr\u00e9e avec confiance : \u00ab <em>Voici que je me tiens \u00e0 la porte, et je frappe. Si quelqu\u2019un entend ma voix et ouvre la porte, j\u2019entrerai chez lui ; je prendrai mon repas avec lui, et lui avec moi.<\/em> \u00bb Apocalypse 3,20<\/p>\n<p>Sylvie Carrier, r\u00e9pondante provinciale pour <a href=\"https:\/\/lepelerin.org\/portail\/services\/evangelisation-des-profondeurs\">Bethasda-Le P\u00e8lerin<\/a><\/p>[\/et_pb_text][\/et_pb_column][\/et_pb_row][et_pb_row _builder_version=&#8221;4.27.4&#8243; _module_preset=&#8221;default&#8221; global_colors_info=&#8221;{}&#8221;][et_pb_column type=&#8221;4_4&#8243; _builder_version=&#8221;4.27.4&#8243; _module_preset=&#8221;default&#8221; global_colors_info=&#8221;{}&#8221;][et_pb_heading title=&#8221;\u00c0 propos d&#8217;\u00c9vang\u00e9lisation des profondeurs&#8221; _builder_version=&#8221;4.27.4&#8243; _module_preset=&#8221;default&#8221; title_text_align=&#8221;left&#8221; title_font_size=&#8221;26px&#8221; global_colors_info=&#8221;{}&#8221;][\/et_pb_heading][et_pb_text _builder_version=&#8221;4.27.4&#8243; _module_preset=&#8221;default&#8221; global_colors_info=&#8221;{}&#8221;]<p>\u00c9vang\u00e9lisation des profondeurs propose un chemin d\u2019incarnation et de vie. \u00c0 travers des <strong>sessions, des groupes de lecture et des temps de ressourcement<\/strong>, nous apprenons \u00e0 ouvrir \u00e0 l\u2019Esprit Saint toute notre histoire, nos relations bless\u00e9es et les \u00e9v\u00e9nements de nos vies. Appuy\u00e9s sur la Parole de Dieu et \u00e9clair\u00e9s par les sciences humaines, nous d\u00e9couvrons qu\u2019\u00ab quels que soient les \u00e9v\u00e9nements, il y a une issue de vie possible \u00bb.<\/p>\n<p>Cette d\u00e9marche <strong>int\u00e8gre toutes les dimensions de la personne<\/strong> \u2013 le corps, la psych\u00e9 et le c\u0153ur profond \u2013 et s\u2019enracine dans <strong>cinq rep\u00e8res de vie<\/strong> : choisir la Vie, accepter notre condition humaine, devenir nous-m\u00eames en Dieu, rechercher l\u2019unit\u00e9 int\u00e9rieure et entrer dans la f\u00e9condit\u00e9 du don.<\/p>\n<p>Convaincus que Dieu initie tout mouvement vers la Vie, nous nous posons dans la libert\u00e9 re\u00e7ue du P\u00e8re, nous accueillons la Vie que le Ressuscit\u00e9 veut faire surgir en nous, et nous ouvrons notre \u00eatre tout entier au souffle cr\u00e9ateur de l\u2019Esprit Saint, lui qui fait toutes choses nouvelles.<\/p>\n<p><a href=\"https:\/\/lepelerin.org\/portail\/services\/evangelisation-des-profondeurs\/\">En savoir plus sur l&#8217;\u00c9vang\u00e9lisation des profondeurs<\/a><\/p>[\/et_pb_text][\/et_pb_column][\/et_pb_row][\/et_pb_section][et_pb_section fb_built=&#8221;1&#8243; _builder_version=&#8221;4.27.4&#8243; _module_preset=&#8221;default&#8221; custom_padding=&#8221;0px|||||&#8221; global_colors_info=&#8221;{}&#8221;][et_pb_row _builder_version=&#8221;4.27.4&#8243; _module_preset=&#8221;default&#8221; global_colors_info=&#8221;{}&#8221;][et_pb_column type=&#8221;4_4&#8243; _builder_version=&#8221;4.27.4&#8243; _module_preset=&#8221;default&#8221; global_colors_info=&#8221;{}&#8221;][et_pb_heading title=&#8221;\u00c9v\u00e9nements \u00e0 venir pour \u00c9vang\u00e9lisation des profondeurs&#8221; _builder_version=&#8221;4.27.4&#8243; _module_preset=&#8221;7d021552-ee50-41e6-9a48-eee88da621cd&#8221; title_text_align=&#8221;left&#8221; title_font_size=&#8221;26px&#8221; global_colors_info=&#8221;{}&#8221;][\/et_pb_heading][diec_event_carousel show_venue=&#8221;off&#8221; show_name=&#8221;off&#8221; show_price=&#8221;off&#8221; show_category=&#8221;off&#8221; show_weburl=&#8221;off&#8221; show_detail=&#8221;off&#8221; included_categories=&#8221;19&#8243; _builder_version=&#8221;4.27.4&#8243; _module_preset=&#8221;default&#8221; global_colors_info=&#8221;{}&#8221;][\/diec_event_carousel][\/et_pb_column][\/et_pb_row][\/et_pb_section][et_pb_section fb_built=&#8221;1&#8243; _builder_version=&#8221;4.27.4&#8243; _module_preset=&#8221;default&#8221; global_module=&#8221;250732&#8243; saved_tabs=&#8221;all&#8221; global_colors_info=&#8221;{}&#8221;][et_pb_row _builder_version=&#8221;4.27.4&#8243; _module_preset=&#8221;default&#8221; global_colors_info=&#8221;{}&#8221;][et_pb_column type=&#8221;4_4&#8243; _builder_version=&#8221;4.27.4&#8243; _module_preset=&#8221;default&#8221; global_colors_info=&#8221;{}&#8221;][et_pb_post_nav in_same_term=&#8221;on&#8221; prev_text=&#8221;Article pr\u00e9c\u00e9dent&#8221; next_text=&#8221;Article suivant&#8221; _builder_version=&#8221;4.27.4&#8243; _module_preset=&#8221;default&#8221; global_colors_info=&#8221;{}&#8221;][\/et_pb_post_nav][\/et_pb_column][\/et_pb_row][\/et_pb_section]\n","protected":false},"excerpt":{"rendered":"<p>Face \u00e0 la violence, \u00e0 la peur et au d\u00e9couragement, la libert\u00e9 int\u00e9rieure devient une force vitale. Elle ouvre un chemin vers la v\u00e9rit\u00e9, la r\u00e9surrection et des relations plus f\u00e9condes, pour choisir la vie malgr\u00e9 l\u2019\u00e9preuve.<\/p>\n","protected":false},"author":46,"featured_media":253179,"comment_status":"open","ping_status":"open","sticky":false,"template":"","format":"standard","meta":{"_et_pb_use_builder":"on","_et_pb_old_content":"","_et_gb_content_width":"","footnotes":""},"categories":[5,27],"tags":[],"class_list":["post-253174","post","type-post","status-publish","format-standard","has-post-thumbnail","hentry","category-actualites-du-pelerin","category-evangelisation-des-profondeurs"],"_links":{"self":[{"href":"https:\/\/lepelerin.org\/portail\/wp-json\/wp\/v2\/posts\/253174","targetHints":{"allow":["GET"]}}],"collection":[{"href":"https:\/\/lepelerin.org\/portail\/wp-json\/wp\/v2\/posts"}],"about":[{"href":"https:\/\/lepelerin.org\/portail\/wp-json\/wp\/v2\/types\/post"}],"author":[{"embeddable":true,"href":"https:\/\/lepelerin.org\/portail\/wp-json\/wp\/v2\/users\/46"}],"replies":[{"embeddable":true,"href":"https:\/\/lepelerin.org\/portail\/wp-json\/wp\/v2\/comments?post=253174"}],"version-history":[{"count":7,"href":"https:\/\/lepelerin.org\/portail\/wp-json\/wp\/v2\/posts\/253174\/revisions"}],"predecessor-version":[{"id":253185,"href":"https:\/\/lepelerin.org\/portail\/wp-json\/wp\/v2\/posts\/253174\/revisions\/253185"}],"wp:featuredmedia":[{"embeddable":true,"href":"https:\/\/lepelerin.org\/portail\/wp-json\/wp\/v2\/media\/253179"}],"wp:attachment":[{"href":"https:\/\/lepelerin.org\/portail\/wp-json\/wp\/v2\/media?parent=253174"}],"wp:term":[{"taxonomy":"category","embeddable":true,"href":"https:\/\/lepelerin.org\/portail\/wp-json\/wp\/v2\/categories?post=253174"},{"taxonomy":"post_tag","embeddable":true,"href":"https:\/\/lepelerin.org\/portail\/wp-json\/wp\/v2\/tags?post=253174"}],"curies":[{"name":"wp","href":"https:\/\/api.w.org\/{rel}","templated":true}]}}