{"id":253166,"date":"2025-10-01T11:06:54","date_gmt":"2025-10-01T15:06:54","guid":{"rendered":"https:\/\/lepelerin.org\/portail\/?p=253166"},"modified":"2025-10-01T12:01:09","modified_gmt":"2025-10-01T16:01:09","slug":"pour-une-economie-de-lamour","status":"publish","type":"post","link":"https:\/\/lepelerin.org\/portail\/editoriaux\/pour-une-economie-de-lamour\/","title":{"rendered":"Pour une \u00e9conomie de l\u2019Amour \u2013 \u00c9ditorial d&#8217;octobre 2025"},"content":{"rendered":"<p>[et_pb_section fb_built=&#8221;1&#8243; _builder_version=&#8221;4.27.4&#8243; _module_preset=&#8221;default&#8221; custom_padding=&#8221;0px|||||&#8221; global_colors_info=&#8221;{}&#8221;][et_pb_row _builder_version=&#8221;4.27.4&#8243; _module_preset=&#8221;default&#8221; global_colors_info=&#8221;{}&#8221;][et_pb_column type=&#8221;4_4&#8243; _builder_version=&#8221;4.27.4&#8243; _module_preset=&#8221;default&#8221; global_colors_info=&#8221;{}&#8221;][et_pb_text module_class=&#8221;custom-bullet&#8221; _builder_version=&#8221;4.27.4&#8243; _module_preset=&#8221;default&#8221; custom_padding=&#8221;||5px|||&#8221; global_colors_info=&#8221;{}&#8221;]<\/p>\n<p>38 ans ont pass\u00e9 depuis que j\u2019ai suivi ce cours formidable de Mgr Giulio Ricci sur le Saint Suaire. Pendant plusieurs semaines, j\u2019ai contempl\u00e9 ce corps crucifi\u00e9 o\u00f9 apparaissait sa Sainte Face. En ce d\u00e9but du mois d\u2019octobre consacr\u00e9 au Rosaire, c\u2019est le C\u0153ur immacul\u00e9 de la Vierge qui m\u2019est apparu\u2026 me rappelant que c\u2019est ce C\u0153ur qui le premier a contempl\u00e9 sa Sainte Face et son corps meurtri. Au c\u0153ur de sa contemplation au pied de la Croix, la surface immacul\u00e9e de son C\u0153ur est devenue le premier Saint Suaire, sur lequel s\u2019est grav\u00e9 les plaies de son Fils et leurs souffrances mais, plus encore, l\u2019Amour avec lequel sa Passion a \u00e9t\u00e9 v\u00e9cue. Plus qu\u2019aucune autre cr\u00e9ature dans toute l\u2019histoire du monde, Marie fut saisie dans le myst\u00e8re de sa Passion. Mais quel sens pour nous aujourd\u2019hui ?<\/p>\n<p>Je ne sais pas si vous \u00eates comme moi mais je ne peux que constater, jour \u00e0 jour, que le monde actuel glisse dans la stupidit\u00e9 du mal, un mal qui se g\u00e9n\u00e9ralise \u00e0 un point tel que sa gangr\u00e8ne nous atteint toutes et tous. Jusqu\u2019o\u00f9 iront ces dirigeants des pays qui, vivants de haine et de violence, continueront \u00e0 d\u00e9velopper la seule \u00e9conomie qui leur semble possible, celle de la guerre ? Jusqu\u2019o\u00f9 feront-ils des humains de la chair \u00e0 canon ou \u00e0 tarifs ? \u2026Et le mois du Rosaire !!! \u2026Et la f\u00eate du 25e anniversaire du P\u00e8lerin !!!<\/p>\n<p>Deux f\u00eates dans un immense ab\u00eeme de mis\u00e8re, comme deux danses de Lumi\u00e8re au c\u0153ur des t\u00e9n\u00e8bres. Comme Marie au pied de la Croix, nous sommes appel\u00e9s \u00e0 ne pas refuser l\u2019impression, sur la part immacul\u00e9e de nos c\u0153urs, de l\u2019empreinte de souffrance faite \u00e0 nos fr\u00e8res et s\u0153urs, car, du Christ jusqu\u2019\u00e0 nous aujourd\u2019hui, c\u2019est la seule voie pour perp\u00e9tuer l\u2019\u00e9coulement de l\u2019Amour de son C\u0153ur ouvert.<\/p>\n<p>La mission du P\u00e8lerin, comme celle de chacun.e d\u2019entre nous, est d\u2019aider chaque fr\u00e8re ou s\u0153ur \u00e0 toucher, par Marie, par son C\u0153ur, au C\u0153ur transperc\u00e9 de son Fils afin d\u2019y accueillir un Amour qui non seulement nous tient debout mais ne laisse pas le mal prendre emprise sur nous. Au c\u0153ur de cette folie actuelle, nous devons demeurer des chantres de la Vie, des c\u00e9l\u00e9brants d\u2019une Vie \u00e9ternelle. C\u2019est \u00e0 ce prix que l\u2019esp\u00e9rance demeure.<\/p>\n<p>Ce 25e du P\u00e8lerin, nous l\u2019inaugurons en ce d\u00e9but du mois d\u2019octobre par une messe de reconnaissance pour les communaut\u00e9s religieuses. Et je veux en profiter, dans ce mouvement, pour leur rendre honneur, car, si je parle du Qu\u00e9bec, elles ont \u00e9t\u00e9 les pionni\u00e8res pour construire \u00e9coles, h\u00f4pitaux, organismes pour aider les pauvres, centres d\u2019aide de toute sorte, etc. Elles ont toujours dans\u00e9 la Vie au c\u0153ur de toutes les qu\u00eates fragiles et bless\u00e9es des personnes, et ce, en y aventurant leurs propres vies\u2026 comme elles le font encore aujourd\u2019hui. Le centre le P\u00e8lerin en est un qui est n\u00e9 de l\u2019aventure de leurs vies, mises en action et en don au Nom du Christ avec Marie et Joseph.<\/p>\n<p>M\u00eame si le la\u00efcisme galopant de nos soci\u00e9t\u00e9s, face d\u00e9figur\u00e9e de leur monde-mort, cherche de milles fa\u00e7ons \u00e0 les pi\u00e9tiner, elles continuent \u00e0 r\u00e9pandre une Lumi\u00e8re, celle de la Sainte Face du Christ qui continue par, avec et en elles \u00e0 proclamer l\u2019\u00c9vangile de la Vie.<\/p>\n<p>Au P\u00e8lerin, nous voulons perp\u00e9tuer avec elles, pour ne pas dire, gr\u00e2ce \u00e0 elles, cette Lumi\u00e8re afin de garder cet esprit d\u2019enfance qui ne cesse de chanter et danser la Vie. Sur le Saint Suaire de nos c\u0153urs, pouvons-nous toujours porter la plaie de l\u2019Amour et laisser \u00e0 Dieu son eucharistie, nourriture accessible \u00e0 toute personne qui croit encore en l\u2019humain ou qui cherche \u00e0 y croire.<\/p>\n<p>En ce mois du Rosaire, en les myst\u00e8res joyeux, douloureux ou glorieux de notre existence, ne nous lassons pas \u00e0 \u00eatre les t\u00e9moins d\u2019un Amour trinitaire, celui entre le P\u00e8re, le Fils et l\u2019Esprit, afin d\u2019apporter le seul antidote \u00e0 un humain d\u00e9shumanis\u00e9, et ignorant de la mort en laquelle il vit. Soyons les t\u00e9moins d\u2019une Autre Paix, d\u2019une Autre Joie, d\u2019un Amour sans emprise et violence ! Offrons \u00e0 ce monde un Rosaire, un \u00e9clatement de roses, pour une \u00e9conomie de l\u2019Amour !<\/p>\n<p>St\u00e9fan Th\u00e9riault &#8211; stheriault@lepelerin.org<\/p>\n<p>[\/et_pb_text][\/et_pb_column][\/et_pb_row][\/et_pb_section][et_pb_section fb_built=&#8221;1&#8243; _builder_version=&#8221;4.27.4&#8243; _module_preset=&#8221;default&#8221; global_colors_info=&#8221;{}&#8221;][et_pb_row _builder_version=&#8221;4.27.4&#8243; _module_preset=&#8221;default&#8221; global_colors_info=&#8221;{}&#8221;][et_pb_column type=&#8221;4_4&#8243; _builder_version=&#8221;4.27.4&#8243; _module_preset=&#8221;default&#8221; global_colors_info=&#8221;{}&#8221;][et_pb_heading title=&#8221;\u00c9v\u00e9nements \u00e0 venir au P\u00e8lerin&#8221; _builder_version=&#8221;4.27.4&#8243; _module_preset=&#8221;7d021552-ee50-41e6-9a48-eee88da621cd&#8221; title_text_align=&#8221;left&#8221; global_colors_info=&#8221;{}&#8221;][\/et_pb_heading][diec_event_carousel show_venue=&#8221;off&#8221; show_name=&#8221;off&#8221; show_price=&#8221;off&#8221; show_category=&#8221;off&#8221; show_weburl=&#8221;off&#8221; show_detail=&#8221;off&#8221; event_count=&#8221;15&#8243; included_categories=&#8221;14&#8243; _builder_version=&#8221;4.27.4&#8243; _module_preset=&#8221;default&#8221; global_colors_info=&#8221;{}&#8221;][\/diec_event_carousel][\/et_pb_column][\/et_pb_row][\/et_pb_section][et_pb_section fb_built=&#8221;1&#8243; _builder_version=&#8221;4.27.4&#8243; _module_preset=&#8221;default&#8221; global_module=&#8221;250732&#8243; saved_tabs=&#8221;all&#8221; global_colors_info=&#8221;{}&#8221;][et_pb_row _builder_version=&#8221;4.27.4&#8243; _module_preset=&#8221;default&#8221; global_colors_info=&#8221;{}&#8221;][et_pb_column type=&#8221;4_4&#8243; _builder_version=&#8221;4.27.4&#8243; _module_preset=&#8221;default&#8221; global_colors_info=&#8221;{}&#8221;][et_pb_post_nav in_same_term=&#8221;on&#8221; prev_text=&#8221;Article pr\u00e9c\u00e9dent&#8221; next_text=&#8221;Article suivant&#8221; _builder_version=&#8221;4.27.4&#8243; _module_preset=&#8221;default&#8221; global_colors_info=&#8221;{}&#8221;][\/et_pb_post_nav][\/et_pb_column][\/et_pb_row][\/et_pb_section]<\/p>\n","protected":false},"excerpt":{"rendered":"<p>38 ans ont pass\u00e9 depuis que j\u2019ai suivi ce cours formidable de Mgr Giulio Ricci sur le Saint Suaire. Pendant plusieurs semaines, j\u2019ai contempl\u00e9 ce corps crucifi\u00e9 o\u00f9 apparaissait sa Sainte Face. En ce d\u00e9but du mois d\u2019octobre consacr\u00e9 au Rosaire, c\u2019est le C\u0153ur immacul\u00e9 de la Vierge qui m\u2019est apparu\u2026<\/p>\n","protected":false},"author":13,"featured_media":253193,"comment_status":"open","ping_status":"open","sticky":false,"template":"","format":"standard","meta":{"_et_pb_use_builder":"on","_et_pb_old_content":"","_et_gb_content_width":"","footnotes":""},"categories":[25,5],"tags":[],"class_list":["post-253166","post","type-post","status-publish","format-standard","has-post-thumbnail","hentry","category-editoriaux","category-actualites-du-pelerin"],"_links":{"self":[{"href":"https:\/\/lepelerin.org\/portail\/wp-json\/wp\/v2\/posts\/253166","targetHints":{"allow":["GET"]}}],"collection":[{"href":"https:\/\/lepelerin.org\/portail\/wp-json\/wp\/v2\/posts"}],"about":[{"href":"https:\/\/lepelerin.org\/portail\/wp-json\/wp\/v2\/types\/post"}],"author":[{"embeddable":true,"href":"https:\/\/lepelerin.org\/portail\/wp-json\/wp\/v2\/users\/13"}],"replies":[{"embeddable":true,"href":"https:\/\/lepelerin.org\/portail\/wp-json\/wp\/v2\/comments?post=253166"}],"version-history":[{"count":5,"href":"https:\/\/lepelerin.org\/portail\/wp-json\/wp\/v2\/posts\/253166\/revisions"}],"predecessor-version":[{"id":253194,"href":"https:\/\/lepelerin.org\/portail\/wp-json\/wp\/v2\/posts\/253166\/revisions\/253194"}],"wp:featuredmedia":[{"embeddable":true,"href":"https:\/\/lepelerin.org\/portail\/wp-json\/wp\/v2\/media\/253193"}],"wp:attachment":[{"href":"https:\/\/lepelerin.org\/portail\/wp-json\/wp\/v2\/media?parent=253166"}],"wp:term":[{"taxonomy":"category","embeddable":true,"href":"https:\/\/lepelerin.org\/portail\/wp-json\/wp\/v2\/categories?post=253166"},{"taxonomy":"post_tag","embeddable":true,"href":"https:\/\/lepelerin.org\/portail\/wp-json\/wp\/v2\/tags?post=253166"}],"curies":[{"name":"wp","href":"https:\/\/api.w.org\/{rel}","templated":true}]}}