{"id":253126,"date":"2025-09-26T08:42:17","date_gmt":"2025-09-26T12:42:17","guid":{"rendered":"https:\/\/lepelerin.org\/portail\/?p=253126"},"modified":"2025-09-26T08:42:18","modified_gmt":"2025-09-26T12:42:18","slug":"jubile-2025-vivre-esperance","status":"publish","type":"post","link":"https:\/\/lepelerin.org\/portail\/actualites-du-pelerin\/jubile-2025-vivre-esperance\/","title":{"rendered":"L\u2019esp\u00e9rance en marche : vivre le Jubil\u00e9 2025"},"content":{"rendered":"<p>[et_pb_section fb_built=&#8221;1&#8243; _builder_version=&#8221;4.27.4&#8243; _module_preset=&#8221;default&#8221; global_colors_info=&#8221;{}&#8221;][et_pb_row _builder_version=&#8221;4.27.4&#8243; _module_preset=&#8221;default&#8221; global_colors_info=&#8221;{}&#8221;][et_pb_column type=&#8221;4_4&#8243; _builder_version=&#8221;4.27.4&#8243; _module_preset=&#8221;default&#8221; global_colors_info=&#8221;{}&#8221;][et_pb_text _builder_version=&#8221;4.27.4&#8243; _module_preset=&#8221;default&#8221; hover_enabled=&#8221;0&#8243; global_colors_info=&#8221;{}&#8221; sticky_enabled=&#8221;0&#8243;]<\/p>\n<p>\u00c0 l\u2019automne 2025, les \u00c9ditions Novalis ont propos\u00e9 un webinaire intitul\u00e9 \u00ab <em>L\u2019esp\u00e9rance en marche : vivre le Jubil\u00e9 2025<\/em> \u00bb. Anim\u00e9 par <strong>\u00c9douard Shatov<\/strong> et <strong>Marie Zissis<\/strong>, il r\u00e9unissait <strong>Xavier Gravend-Tirole<\/strong>, professeur et coauteur du collectif <em>Petit livre de l\u2019esp\u00e9rance<\/em> (Novalis, 2024), et <strong>Halyna Kryshtal<\/strong>, coordonnatrice au Centre le P\u00e8lerin. Ensemble, ils ont explor\u00e9 un th\u00e8me aussi simple qu\u2019essentiel : comment vivre l\u2019esp\u00e9rance chr\u00e9tienne dans nos vies personnelles et communautaires, \u00e0 la lumi\u00e8re du Jubil\u00e9 2025.<\/p>\n<p>Voici un r\u00e9sum\u00e9 des \u00e9changes tenus lors du webinaire.<\/p>\n<p>[\/et_pb_text][et_pb_heading title=&#8221;Quelle est la diff\u00e9rence entre l\u2019espoir et l\u2019esp\u00e9rance ?&#8221; _builder_version=&#8221;4.27.4&#8243; _module_preset=&#8221;default&#8221; title_text_align=&#8221;left&#8221; title_font_size=&#8221;24px&#8221; global_colors_info=&#8221;{}&#8221;][\/et_pb_heading][et_pb_text _builder_version=&#8221;4.27.4&#8243; _module_preset=&#8221;default&#8221; global_colors_info=&#8221;{}&#8221;]<\/p>\n<p>Le fran\u00e7ais distingue deux r\u00e9alit\u00e9s que d\u2019autres langues confondent : <em>l\u2019espoir et l\u2019esp\u00e9rance<\/em>. L\u2019espoir touche aux biens concrets et imm\u00e9diats : on esp\u00e8re une gu\u00e9rison, une r\u00e9ussite, un d\u00e9nouement heureux. Il agit comme une force qui pousse \u00e0 avancer malgr\u00e9 les difficult\u00e9s, mais reste fragile, d\u00e9pendant des circonstances.<\/p>\n<p>L\u2019esp\u00e9rance, au contraire, est plus profonde. Elle se vit comme un choix fondamental, une orientation int\u00e9rieure enracin\u00e9e en Dieu. Elle n\u2019est pas une simple \u00e9motion mais une vertu th\u00e9ologale qui ouvre \u00e0 la confiance en un avenir porteur de sens, m\u00eame lorsque les issues visibles semblent bouch\u00e9es. Comme on l\u2019a rappel\u00e9 durant le webinaire : \u00ab <em>L\u2019esp\u00e9rance, c\u2019est quand il n\u2019y a plus d\u2019espoir<\/em> \u00bb. Elle survient au c\u0153ur des \u00e9preuves et garde vivante la certitude que la vie a un sens et que Dieu est fid\u00e8le.<\/p>\n<h2>Quels sont les enjeux de la question de l\u2019esp\u00e9rance ?<\/h2>\n<p>Parler d\u2019esp\u00e9rance aujourd\u2019hui n\u2019est pas anodin. Les crises multiples, (pand\u00e9mie, guerres, bouleversements climatiques, solitude, etc., sapent notre confiance et alimentent le pessimisme. Beaucoup regardent l\u2019avenir avec m\u00e9fiance, voire d\u00e9sespoir.<\/p>\n<p>C\u2019est pr\u00e9cis\u00e9ment dans ce contexte que l\u2019esp\u00e9rance chr\u00e9tienne prend toute son importance. Elle n\u2019est pas un optimisme na\u00eff ni une illusion, mais une certitude enracin\u00e9e dans la promesse de Dieu. Cette esp\u00e9rance \u00ab ne d\u00e9\u00e7oit pas \u00bb car elle s\u2019appuie sur une pr\u00e9sence aimante qui accompagne chaque pas de l\u2019existence. Elle redonne souffle et courage pour continuer \u00e0 marcher, m\u00eame dans l\u2019incertitude.<\/p>\n<h2>Quels d\u00e9fis particuliers notre soci\u00e9t\u00e9 doit-elle affronter ?<\/h2>\n<p>Les d\u00e9fis qui menacent l\u2019esp\u00e9rance sont nombreux. Sur le plan social et \u00e9cologique, l\u2019urgence climatique et les injustices minent la confiance des jeunes g\u00e9n\u00e9rations, parfois jusqu\u2019\u00e0 les d\u00e9courager de fonder une famille. Beaucoup se demandent : \u00ab <em>\u00c0 quoi bon continuer ?<\/em> \u00bb<\/p>\n<p>\u00c0 l\u2019\u00e9chelle plus personnelle, la maladie grave, le deuil, les conflits ou la guerre rappellent douloureusement nos limites. Ces situations mettent \u00e0 nu nos illusions et r\u00e9v\u00e8lent la n\u00e9cessit\u00e9 d\u2019une esp\u00e9rance m\u00fbre, capable de soutenir m\u00eame dans l\u2019\u00e9preuve. Comme l\u2019a exprim\u00e9 une participante : \u00ab <em>L\u2019esp\u00e9rance donne une vision, comme un phare dans la nuit qui montre la route.<\/em> \u00bb<\/p>\n<h2><strong>Comment construire ou vivre l\u2019esp\u00e9rance ? Quels sont ses ingr\u00e9dients ?<\/strong><\/h2>\n<p>L\u2019esp\u00e9rance ne tombe pas du ciel toute faite : elle se construit et se nourrit. Trois ingr\u00e9dients reviennent avec force.<\/p>\n<p>D\u2019abord, <strong>croire que la vie a un sens<\/strong>. M\u00eame dans l\u2019\u00e9preuve la plus sombre, la conviction que l\u2019existence n\u2019est pas absurde permet de tenir debout. Ensuite, <strong>donner sens \u00e0 ses propres gestes<\/strong>. L\u2019esp\u00e9rance n\u2019est pas attente passive mais engagement concret : poser des actes de solidarit\u00e9, de justice, de bont\u00e9, m\u00eame si le succ\u00e8s semble incertain. Enfin, <strong>regarder au-del\u00e0 de soi et m\u00eame au-del\u00e0 de la mort<\/strong>. L\u2019esp\u00e9rance s\u2019ouvre \u00e0 un horizon plus vaste, celui de la communion avec Dieu et de la vie en pl\u00e9nitude.<\/p>\n<p>Les relations humaines jouent un r\u00f4le d\u00e9cisif dans cette construction. Dans les moments difficiles, ce sont souvent les autres qui aident \u00e0 retrouver l\u2019esp\u00e9rance. De m\u00eame, la pri\u00e8re et la vie communautaire deviennent sources de soutien et de lumi\u00e8re.<\/p>\n<h2>Quelle est la relation entre la confiance et l\u2019esp\u00e9rance ?<\/h2>\n<p>L\u2019esp\u00e9rance et la confiance sont intimement li\u00e9es. On ne peut esp\u00e9rer que dans la mesure o\u00f9 l\u2019on fait confiance. L\u2019image biblique de l\u2019ancre illustre bien cette r\u00e9alit\u00e9 : elle fixe le bateau dans la temp\u00eate et emp\u00eache qu\u2019il ne d\u00e9rive.<\/p>\n<p>L\u2019esp\u00e9rance s\u2019appuie sur la foi, se nourrit de la confiance et s\u2019oriente vers l\u2019amour. Elle agit comme un pont entre foi et charit\u00e9. Sans confiance, l\u2019esp\u00e9rance se r\u00e9duit \u00e0 de simples v\u0153ux. Avec elle, elle devient une force qui met en marche et ouvre au dynamisme de la vie.<\/p>\n<h2>Comment vivre l\u2019esp\u00e9rance au quotidien ?<\/h2>\n<p>L\u2019esp\u00e9rance se concr\u00e9tise dans des gestes simples et accessibles. Prendre un temps de pri\u00e8re chaque matin, poser des actes gratuits de bont\u00e9, choisir de pardonner plut\u00f4t que de ressasser : autant de fa\u00e7ons de nourrir la flamme int\u00e9rieure.<\/p>\n<p>La pers\u00e9v\u00e9rance joue aussi un r\u00f4le essentiel. Renoncer, c\u2019est perdre d\u2019avance. L\u2019esp\u00e9rance, au contraire, invite \u00e0 continuer, m\u00eame si le chemin reste difficile. Enfin, la gratitude transforme le regard : reconna\u00eetre ce qui est encore beau et bon dans la vie, m\u00eame au milieu des \u00e9preuves, ouvre \u00e0 une esp\u00e9rance renouvel\u00e9e. \u00ab <em>\u00c7a aurait pu \u00eatre pire<\/em> \u00bb, disait un malade en phase terminale, rappelant ainsi la force de la reconnaissance.<\/p>\n<h2>Que puis-je esp\u00e9rer ? Qui puis-je esp\u00e9rer ? Que dois-je esp\u00e9rer ?<\/h2>\n<p>Ces questions touchent le c\u0153ur de la vie spirituelle. L\u2019esp\u00e9rance embrasse \u00e0 la fois les biens humains et l\u2019horizon ultime. On peut esp\u00e9rer la paix, la sant\u00e9, des relations r\u00e9concili\u00e9es\u2026 mais l\u2019esp\u00e9rance chr\u00e9tienne ne s\u2019arr\u00eate pas l\u00e0. Elle s\u2019oriente vers une rencontre, celle de Dieu lui-m\u00eame.<\/p>\n<p>Ainsi, l\u2019esp\u00e9rance n\u2019a pas pour objet principal \u00ab quelque chose \u00bb, mais \u00ab Quelqu\u2019un \u00bb. Elle se d\u00e9ploie dans la confiance en Dieu qui promet une vie en pl\u00e9nitude, d\u00e9j\u00e0 commenc\u00e9e ici-bas et appel\u00e9e \u00e0 s\u2019accomplir dans la communion \u00e9ternelle.<\/p>\n<h2>Comment devenir une personne d\u2019esp\u00e9rance ?<\/h2>\n<p>Devenir une personne d\u2019esp\u00e9rance est un chemin fait de choix quotidiens. R\u00e9p\u00e9ter des actes d\u2019esp\u00e9rance tels que prier, partager, pardonner, s\u2019engager, fortifie peu \u00e0 peu l\u2019attitude int\u00e9rieure.<\/p>\n<p>C\u2019est aussi cultiver une mani\u00e8re de voir la vie : c\u00e9l\u00e9brer ce qui est beau, go\u00fbter la vie comme un don, rendre gr\u00e2ce. \u00ab <em>Esp\u00e9rer, c\u2019est parfois simplement c\u00e9l\u00e9brer le vivant<\/em> \u00bb, rappelait-on lors du webinaire. L\u2019esp\u00e9rance est contagieuse : plus on la vit, plus elle se r\u00e9pand.<\/p>\n<h2>Comment exprimer l\u2019esp\u00e9rance aupr\u00e8s de ceux qui traversent une \u00e9preuve ?<\/h2>\n<p>L\u2019esp\u00e9rance se transmet souvent de fa\u00e7on silencieuse et discr\u00e8te. \u00catre pr\u00e9sent, \u00e9couter sans juger, offrir une aide concr\u00e8te : voil\u00e0 des gestes qui redonnent souffle. Un repas pr\u00e9par\u00e9, une visite, une pri\u00e8re partag\u00e9e peuvent raviver la confiance de celui qui souffre.<\/p>\n<p>Il ne s\u2019agit pas de fournir des r\u00e9ponses toutes faites, mais de manifester par la relation que la personne n\u2019est pas seule et que sa vie garde une valeur infinie.<\/p>\n<h2>Comment durer dans l\u2019esp\u00e9rance quand la maladie se prolonge ?<\/h2>\n<p>La maladie longue met la patience et la foi \u00e0 rude \u00e9preuve. L\u2019esp\u00e9rance ne supprime pas la douleur, mais elle lui donne un sens. Comme le rappelle saint Paul : \u00ab <em>La d\u00e9tresse produit la patience, la patience produit la vertu \u00e9prouv\u00e9e, la vertu \u00e9prouv\u00e9e produit l\u2019esp\u00e9rance.<\/em> \u00bb<\/p>\n<p>Dans ces situations, la gratitude reste une arme pr\u00e9cieuse : voir ce qui demeure encore possible, accueillir chaque journ\u00e9e comme un don. Certains trouvent force en s\u2019unissant au Christ souffrant, d\u00e9couvrant dans sa Passion une proximit\u00e9 qui soutient leur propre chemin de croix.<\/p>\n<h2>Peut-on dire que l\u2019espoir a des racines terrestres et l\u2019esp\u00e9rance des racines c\u00e9lestes ?<\/h2>\n<p>Cette image a s\u00e9duit les participants : l\u2019espoir serait li\u00e9 aux besoins concrets de la vie terrestre, tandis que l\u2019esp\u00e9rance s\u2019ouvrirait \u00e0 l\u2019horizon c\u00e9leste. Elle souligne bien la compl\u00e9mentarit\u00e9 des deux dimensions.<\/p>\n<p>Mais l\u2019esp\u00e9rance chr\u00e9tienne ne se limite pas au ciel : elle transforme aussi notre vie sur terre. Elle nous pousse \u00e0 agir d\u00e8s maintenant pour plus de justice, de solidarit\u00e9 et de soin de la cr\u00e9ation. L\u2019esp\u00e9rance ouvre donc \u00e0 une vie incarn\u00e9e et engag\u00e9e, tout en orientant vers l\u2019\u00e9ternit\u00e9.<\/p>\n<h2>Conclusion : devenir p\u00e8lerins d\u2019esp\u00e9rance<\/h2>\n<p>Le webinaire a montr\u00e9 que l\u2019<strong>esp\u00e9rance chr\u00e9tienne<\/strong> est une force vivifiante et contagieuse. Elle s\u2019enracine dans la fid\u00e9lit\u00e9 de Dieu, se nourrit de la relation et se traduit dans des gestes concrets.<\/p>\n<p><strong>Le Jubil\u00e9 2025<\/strong>, plac\u00e9 sous le th\u00e8me \u00ab <em>P\u00e8lerins d\u2019esp\u00e9rance<\/em> \u00bb, invite chacun \u00e0 se remettre en route int\u00e9rieurement et \u00e0 devenir t\u00e9moin de cette esp\u00e9rance dans son quotidien. Loin d\u2019\u00eatre un simple mot, l\u2019esp\u00e9rance est un chemin de vie qui transforme notre regard sur le monde.<\/p>\n<h2>\u00c0 d\u00e9couvrir<\/h2>\n<p>Pour aller plus loin, <strong>Novalis<\/strong> propose <a href=\"https:\/\/fr.novalis.ca\/products\/petit-livre-de-lesperance\" target=\"_blank\" rel=\"noopener\"><em>Le petit livre de l\u2019esp\u00e9rance<\/em><\/a> de <strong>Xavier Gravend-Tirole<\/strong>, un recueil lumineux de t\u00e9moignages pour cultiver l\u2019esp\u00e9rance malgr\u00e9 les crises.<\/p>\n<p>Jusqu\u2019au <strong>15 octobre 2025<\/strong>, profitez de <strong>25 % de rabais<\/strong> avec le code <strong>ESPERANCE25<\/strong> : D\u00e9couvrir le livre sur le <a href=\"https:\/\/fr.novalis.ca\/products\/petit-livre-de-lesperance\" target=\"_blank\" rel=\"noopener\">site de Novalis<\/a>.<\/p>\n<p>Envie de poursuivre la d\u00e9marche ? Inscrivez-vous aux prochains <a href=\"https:\/\/fr.novalis.ca\/webinaires\" target=\"_blank\" rel=\"noopener\"><strong>webinaires Novalis<\/strong><\/a> consacr\u00e9s au Jubil\u00e9 2025 et \u00e0 l\u2019esp\u00e9rance chr\u00e9tienne. Ensemble, devenons <strong>p\u00e8lerins d\u2019esp\u00e9rance<\/strong> !<\/p>\n<p>[\/et_pb_text][\/et_pb_column][\/et_pb_row][et_pb_row _builder_version=&#8221;4.27.4&#8243; _module_preset=&#8221;default&#8221; global_colors_info=&#8221;{}&#8221;][et_pb_column type=&#8221;4_4&#8243; _builder_version=&#8221;4.27.4&#8243; _module_preset=&#8221;default&#8221; global_colors_info=&#8221;{}&#8221;][et_pb_heading title=&#8221;Visionner le webinaire&#8221; _builder_version=&#8221;4.27.4&#8243; _module_preset=&#8221;default&#8221; hover_enabled=&#8221;0&#8243; sticky_enabled=&#8221;0&#8243; title_text_align=&#8221;left&#8221; title_font_size=&#8221;26px&#8221;][\/et_pb_heading][et_pb_video src=&#8221;https:\/\/www.youtube.com\/watch?v=Zj4yWJQ5NRU&#8221; _builder_version=&#8221;4.27.4&#8243; _module_preset=&#8221;default&#8221; global_colors_info=&#8221;{}&#8221;][\/et_pb_video][\/et_pb_column][\/et_pb_row][\/et_pb_section]<\/p>\n","protected":false},"excerpt":{"rendered":"<p>\u00c0 l\u2019occasion du Jubil\u00e9 2025, un webinaire de Novalis, auquel a particip\u00e9 Halyna Kryshtal du Centre le P\u00e8lerin, a explor\u00e9 la force de l\u2019esp\u00e9rance chr\u00e9tienne dans nos vies. Voici un r\u00e9sum\u00e9 inspirant pour apprendre \u00e0 distinguer espoir et esp\u00e9rance, et les vivre au quotidien, m\u00eame dans l\u2019\u00e9preuve.<\/p>\n","protected":false},"author":7,"featured_media":253129,"comment_status":"open","ping_status":"open","sticky":false,"template":"","format":"standard","meta":{"_et_pb_use_builder":"on","_et_pb_old_content":"","_et_gb_content_width":"","footnotes":""},"categories":[5],"tags":[],"class_list":["post-253126","post","type-post","status-publish","format-standard","has-post-thumbnail","hentry","category-actualites-du-pelerin"],"_links":{"self":[{"href":"https:\/\/lepelerin.org\/portail\/wp-json\/wp\/v2\/posts\/253126","targetHints":{"allow":["GET"]}}],"collection":[{"href":"https:\/\/lepelerin.org\/portail\/wp-json\/wp\/v2\/posts"}],"about":[{"href":"https:\/\/lepelerin.org\/portail\/wp-json\/wp\/v2\/types\/post"}],"author":[{"embeddable":true,"href":"https:\/\/lepelerin.org\/portail\/wp-json\/wp\/v2\/users\/7"}],"replies":[{"embeddable":true,"href":"https:\/\/lepelerin.org\/portail\/wp-json\/wp\/v2\/comments?post=253126"}],"version-history":[{"count":5,"href":"https:\/\/lepelerin.org\/portail\/wp-json\/wp\/v2\/posts\/253126\/revisions"}],"predecessor-version":[{"id":253138,"href":"https:\/\/lepelerin.org\/portail\/wp-json\/wp\/v2\/posts\/253126\/revisions\/253138"}],"wp:featuredmedia":[{"embeddable":true,"href":"https:\/\/lepelerin.org\/portail\/wp-json\/wp\/v2\/media\/253129"}],"wp:attachment":[{"href":"https:\/\/lepelerin.org\/portail\/wp-json\/wp\/v2\/media?parent=253126"}],"wp:term":[{"taxonomy":"category","embeddable":true,"href":"https:\/\/lepelerin.org\/portail\/wp-json\/wp\/v2\/categories?post=253126"},{"taxonomy":"post_tag","embeddable":true,"href":"https:\/\/lepelerin.org\/portail\/wp-json\/wp\/v2\/tags?post=253126"}],"curies":[{"name":"wp","href":"https:\/\/api.w.org\/{rel}","templated":true}]}}