{"id":252322,"date":"2025-08-31T06:27:00","date_gmt":"2025-08-31T10:27:00","guid":{"rendered":"https:\/\/lepelerin.org\/portail\/?p=252322"},"modified":"2025-09-02T11:26:42","modified_gmt":"2025-09-02T15:26:42","slug":"grace-et-occasion-editorial-septembre-2025","status":"publish","type":"post","link":"https:\/\/lepelerin.org\/portail\/actualites-du-pelerin\/grace-et-occasion-editorial-septembre-2025\/","title":{"rendered":"La gr\u00e2ce et l\u2019occasion \u2013 \u00c9ditorial septembre 2025"},"content":{"rendered":"\n[et_pb_section fb_built=&#8221;1&#8243; _builder_version=&#8221;4.27.4&#8243; _module_preset=&#8221;default&#8221; custom_padding=&#8221;0px|||||&#8221; global_colors_info=&#8221;{}&#8221;][et_pb_row _builder_version=&#8221;4.27.4&#8243; _module_preset=&#8221;default&#8221; global_colors_info=&#8221;{}&#8221;][et_pb_column type=&#8221;4_4&#8243; _builder_version=&#8221;4.27.4&#8243; _module_preset=&#8221;default&#8221; global_colors_info=&#8221;{}&#8221;][et_pb_text module_class=&#8221;custom-bullet&#8221; _builder_version=&#8221;4.27.4&#8243; _module_preset=&#8221;default&#8221; hover_enabled=&#8221;0&#8243; global_colors_info=&#8221;{}&#8221; sticky_enabled=&#8221;0&#8243;]<p>\u00c0 l\u2019aube de la rentr\u00e9e et sur le seuil du foisonnement du 25e anniversaire du centre le P\u00e8lerin, je ne peux m\u2019emp\u00eacher un retour sur les rencontres v\u00e9cues durant les vacances. En effet, juillet fut parsem\u00e9 de visites, tant\u00f4t florissantes tant\u00f4t fl\u00e9trissantes, souvent fleuries \u00e0 travers le fan\u00e9 de la vie. \u00c0 travers les cancers de jeunes amies, les corps meurtris des proches vieillissant, l\u2019esp\u00e9rance \u00e9corch\u00e9e des enfants projet\u00e9s dans un avenir ind\u00e9fini,<strong> je ressentais vivement le poids de leur croix, annulant mes vacances pour demeurer aupr\u00e8s<\/strong>.<\/p>\n<p>Pr\u00e9sente, silencieuse et \u00e9coutante, j\u2019\u00e9tais Simone. Revenant de mes champs tranquilles, dor\u00e9s et f\u00e9conds, je suis devenue occasion inattendue de prendre librement l\u2019accablement de leur bois, de consentir \u00e0 porter la peine de leur \u00e2me. Devant ces visages en forme de croix, je pensais souvent \u00e0 Simon de Cyr\u00e8ne qui, fourbu et us\u00e9 de sa journ\u00e9e, aurait pu renoncer et rentrer tranquillement en tentant de raisonner la culpabilit\u00e9 qui aurait peut-\u00eatre un peu g\u00e2ch\u00e9 son non. De toute fa\u00e7on, le l\u00e9gionnaire romain qui l\u2019a contraint aurait certainement empoign\u00e9 le prochain. Apr\u00e8s tout un condamn\u00e9 s\u00e9ditieux, une canc\u00e9reuse fumeuse, un vieillard s\u00e9dentaire et le jeune insouciant l\u2019ont peut-\u00eatre, en quelque part, m\u00e9rit\u00e9. <strong>Or, de cette part de souffrance qui leur est \u00e9chue, qui s\u2019\u00e9coule, b\u00e9ante, purulente, nous avons aussi part.<\/strong> La meilleure, comme la part qui fut offerte \u00e0 Marie, la s\u0153ur de Marthe et de Lazare. Une part qui suspend l\u2019affairement quotidien pour nous remettre en chemin, en \u00e9coute recueilli pour accompagner le Christ, ce condens\u00e9 de condamn\u00e9s, de canc\u00e9reux, de vieillards et d\u2019une jeunesse d\u00e9sesp\u00e9r\u00e9e. Un Christ tout en visitation, en invitation, en occasion unique \u00e0 travers la souffrance de l\u2019autre.<\/p>\n<p>Simon a peut-\u00eatre vu en cette occasion, une faveur impr\u00e9vue, une gr\u00e2ce que sa conscience inqui\u00e8te et f\u00e9conde ne pouvait que recevoir. Plut\u00f4t qu\u2019un hasard muet, ce fut une rencontre avec ce paysan inconnu qui ne laissera d\u2019ailleurs dans l\u2019histoire que son nom qui aura permis le destin de Dieu, r\u00e9pondu \u00e0 son besoin d\u2019\u00eatre soutenu. <strong>\u00c0 travers les Simon et les Simone, l\u2019humanit\u00e9 porte librement l\u2019humanit\u00e9 de Dieu \u00e0 la crois\u00e9e du destin humain et de l\u2019accomplissement divin.<\/strong> Simon ployant sous la croix au c\u00f4t\u00e9 du Christ, \u00e9tait \u00e0 l\u2019image de Dieu pour l\u2019image de Dieu. Tout comme Dieu, il avait renonc\u00e9 \u00e0 sa propre invuln\u00e9rabilit\u00e9 pour permettre au monde d\u2019\u00eatre, de s\u2019humaniser. En cette occasion Dieu s\u2019est enti\u00e8rement donn\u00e9 au monde pour lui rendre la Vie, c\u2019\u00e9tait maintenant \u00e0 Simon de la lui donner pour qu\u2019elle puisse s\u2019accomplir. <strong>Il y a de l\u2019immortalit\u00e9 dans cette occasion, une responsabilit\u00e9 infinie dans le geste d\u2019incarner la bont\u00e9 de Dieu.<\/strong> Le oui de Simon, fourbu et us\u00e9, concern\u00e9 malgr\u00e9 lui dans la suppression de l\u2019humanit\u00e9, \u00e9tait pour Dieu. Son oui, \u00e9tait pour ceux que ses yeux ne seront plus l\u00e0 pour voir, son oui \u00e9tait pour nous.<\/p>\n<p>Le P\u00e8lerin est cette occasion inesp\u00e9r\u00e9e depuis 25 ans, une occasion destin\u00e9e aussi \u00e0 ceux et celles que nos yeux ne seront plus l\u00e0 pour voir. <strong>Le P\u00e8lerin est cette gr\u00e2ce unique que Dieu lui accorde pour les c\u0153urs crucifi\u00e9s par manque d\u2019humanit\u00e9, une occasion cr\u00e9atrice, simple et f\u00e9conde qui a pour nom l\u2019accompagnement.<\/strong> Un accompagnement fond\u00e9 sur le geste gratuit, inattendu de Simon. Chaque accompagnement, chaque d\u00e9sesp\u00e9rance port\u00e9e par un oui m\u00eame fourbu, en vacances ou non concern\u00e9, est une responsabilit\u00e9 envers ce Dieu amoureux, vivant et vivace qui a tant besoin de nous pour donner la Vie vraie. \u00c0 l\u2019aube de ce quart de si\u00e8cle qui a vu passer toutes ces personnes accompagnatrices, tous ces Simon et Simone que vous \u00eates, et qui accueillera tant d\u2019autres appel\u00e9s \u00e0 devenir occasion vivante, <strong>rendons ensemble la gr\u00e2ce agissante \u00e0 travers le Christ<\/strong>. Comme nous le rappelait le p\u00e8re <a href=\"https:\/\/lepelerin.org\/portail\/evenement\/conference-simon-pierre-arnold-point-zero-de-la-foi\/\">Simon-Pierre Arnold lors de sa derni\u00e8re visite<\/a> parmi nous, <em>le Christ est le chemin o\u00f9 l\u2019on fait ensemble v\u00e9rit\u00e9 pour donner sa chance \u00e0 la Vie<\/em>!<\/p>\n<p>Devant ce quart de si\u00e8cle qui nous contemple et au seuil de cet autre qui se profile, poursuivons notre mission, \u00eatre Simon, \u00eatre porteurs de v\u00e9rit\u00e9 et de vie sur tous les chemins de croix.<\/p>\n<p><strong>Barbara Martel<\/strong>, codirectrice gestion<\/p>[\/et_pb_text][\/et_pb_column][\/et_pb_row][\/et_pb_section][et_pb_section fb_built=&#8221;1&#8243; _builder_version=&#8221;4.27.4&#8243; _module_preset=&#8221;default&#8221; global_colors_info=&#8221;{}&#8221;][et_pb_row _builder_version=&#8221;4.27.4&#8243; _module_preset=&#8221;default&#8221; global_colors_info=&#8221;{}&#8221;][et_pb_column type=&#8221;4_4&#8243; _builder_version=&#8221;4.27.4&#8243; _module_preset=&#8221;default&#8221; global_colors_info=&#8221;{}&#8221;][et_pb_heading title=&#8221;\u00c9v\u00e9nements \u00e0 venir au P\u00e8lerin&#8221; _builder_version=&#8221;4.27.4&#8243; _module_preset=&#8221;7d021552-ee50-41e6-9a48-eee88da621cd&#8221; title_text_align=&#8221;left&#8221; global_colors_info=&#8221;{}&#8221;][\/et_pb_heading][diec_event_carousel show_venue=&#8221;off&#8221; show_name=&#8221;off&#8221; show_price=&#8221;off&#8221; show_category=&#8221;off&#8221; show_weburl=&#8221;off&#8221; show_detail=&#8221;off&#8221; event_count=&#8221;15&#8243; included_categories=&#8221;14&#8243; _builder_version=&#8221;4.27.4&#8243; _module_preset=&#8221;default&#8221; global_colors_info=&#8221;{}&#8221;][\/diec_event_carousel][\/et_pb_column][\/et_pb_row][\/et_pb_section][et_pb_section fb_built=&#8221;1&#8243; _builder_version=&#8221;4.27.4&#8243; _module_preset=&#8221;default&#8221; global_module=&#8221;250732&#8243; saved_tabs=&#8221;all&#8221; global_colors_info=&#8221;{}&#8221;][et_pb_row _builder_version=&#8221;4.27.4&#8243; _module_preset=&#8221;default&#8221; global_colors_info=&#8221;{}&#8221;][et_pb_column type=&#8221;4_4&#8243; _builder_version=&#8221;4.27.4&#8243; _module_preset=&#8221;default&#8221; global_colors_info=&#8221;{}&#8221;][et_pb_post_nav in_same_term=&#8221;on&#8221; prev_text=&#8221;Article pr\u00e9c\u00e9dent&#8221; next_text=&#8221;Article suivant&#8221; _builder_version=&#8221;4.27.4&#8243; _module_preset=&#8221;default&#8221; global_colors_info=&#8221;{}&#8221;][\/et_pb_post_nav][\/et_pb_column][\/et_pb_row][\/et_pb_section]\n","protected":false},"excerpt":{"rendered":"<p>Comme Simon de Cyr\u00e8ne, chacun est appel\u00e9 \u00e0 devenir pr\u00e9sence aupr\u00e8s de ceux qui ploient sous le poids de la vie. Depuis 25 ans, le Centre le P\u00e8lerin est cette occasion f\u00e9conde d\u2019accompagnement, une gr\u00e2ce qui rend la Vie possible au c\u0153ur de nos croix.<\/p>\n","protected":false},"author":5,"featured_media":252328,"comment_status":"open","ping_status":"open","sticky":false,"template":"","format":"standard","meta":{"_et_pb_use_builder":"on","_et_pb_old_content":"","_et_gb_content_width":"","footnotes":""},"categories":[5,25],"tags":[],"class_list":["post-252322","post","type-post","status-publish","format-standard","has-post-thumbnail","hentry","category-actualites-du-pelerin","category-editoriaux"],"_links":{"self":[{"href":"https:\/\/lepelerin.org\/portail\/wp-json\/wp\/v2\/posts\/252322","targetHints":{"allow":["GET"]}}],"collection":[{"href":"https:\/\/lepelerin.org\/portail\/wp-json\/wp\/v2\/posts"}],"about":[{"href":"https:\/\/lepelerin.org\/portail\/wp-json\/wp\/v2\/types\/post"}],"author":[{"embeddable":true,"href":"https:\/\/lepelerin.org\/portail\/wp-json\/wp\/v2\/users\/5"}],"replies":[{"embeddable":true,"href":"https:\/\/lepelerin.org\/portail\/wp-json\/wp\/v2\/comments?post=252322"}],"version-history":[{"count":4,"href":"https:\/\/lepelerin.org\/portail\/wp-json\/wp\/v2\/posts\/252322\/revisions"}],"predecessor-version":[{"id":252330,"href":"https:\/\/lepelerin.org\/portail\/wp-json\/wp\/v2\/posts\/252322\/revisions\/252330"}],"wp:featuredmedia":[{"embeddable":true,"href":"https:\/\/lepelerin.org\/portail\/wp-json\/wp\/v2\/media\/252328"}],"wp:attachment":[{"href":"https:\/\/lepelerin.org\/portail\/wp-json\/wp\/v2\/media?parent=252322"}],"wp:term":[{"taxonomy":"category","embeddable":true,"href":"https:\/\/lepelerin.org\/portail\/wp-json\/wp\/v2\/categories?post=252322"},{"taxonomy":"post_tag","embeddable":true,"href":"https:\/\/lepelerin.org\/portail\/wp-json\/wp\/v2\/tags?post=252322"}],"curies":[{"name":"wp","href":"https:\/\/api.w.org\/{rel}","templated":true}]}}