{"id":252295,"date":"2025-08-28T10:21:54","date_gmt":"2025-08-28T14:21:54","guid":{"rendered":"https:\/\/lepelerin.org\/portail\/?p=252295"},"modified":"2025-08-28T10:30:25","modified_gmt":"2025-08-28T14:30:25","slug":"20-ans-communautes-du-pelerin","status":"publish","type":"post","link":"https:\/\/lepelerin.org\/portail\/communautes-du-pelerin\/20-ans-communautes-du-pelerin\/","title":{"rendered":"Une nouvelle saison de gr\u00e2ce \u2013 20 ans des Communaut\u00e9s du P\u00e8lerin"},"content":{"rendered":"<p>[et_pb_section fb_built=&#8221;1&#8243; _builder_version=&#8221;4.27.4&#8243; _module_preset=&#8221;default&#8221; custom_padding=&#8221;0px||0px|||&#8221; global_colors_info=&#8221;{}&#8221;][et_pb_row _builder_version=&#8221;4.27.4&#8243; _module_preset=&#8221;default&#8221; global_colors_info=&#8221;{}&#8221;][et_pb_column type=&#8221;4_4&#8243; _builder_version=&#8221;4.27.4&#8243; _module_preset=&#8221;default&#8221; global_colors_info=&#8221;{}&#8221;][et_pb_text module_class=&#8221;custom-bullet&#8221; _builder_version=&#8221;4.27.4&#8243; _module_preset=&#8221;default&#8221; global_colors_info=&#8221;{}&#8221;]<\/p>\n<p>Une nouvelle saison d\u00e9bute en septembre pour les <a href=\"https:\/\/lepelerin.org\/portail\/communautes\/les-communautes-du-pelerin\/\">Communaut\u00e9s du P\u00e8lerin<\/a> (CdP). Or, cette ann\u00e9e sera <strong>la vingti\u00e8me ann\u00e9e de l\u2019existence de la Communaut\u00e9 qui a \u00e9t\u00e9 fond\u00e9e en 2006<\/strong>. Au cours de toutes ces ann\u00e9es, la CdP fut un lieu o\u00f9 les membres ont pu partager des p\u00e9riodes de vie parfois difficiles, mais aussi d\u2019autres moments plus heureux entre autres le fait d\u2019accueillir une nouvelle vie dans leur famille. On a qu\u2019\u00e0 penser \u00e0 l\u2019arriv\u00e9e de petits-enfants. Et il ne faut pas oublier le d\u00e9part de quelques membres pour leur dernier voyage vers le P\u00e8re.<\/p>\n<p><strong>\u00c0 l\u2019aube de nos vingt ans, un petit bilan s\u2019impose de lui-m\u00eame pour les membres de la Communaut\u00e9.<\/strong> Sommes-nous suffisamment enracin\u00e9s dans le Christ, afin de marcher \u00e0 la suite de J\u00e9sus ? Sa Parole s\u2019est-elle r\u00e9v\u00e9l\u00e9e pour nous soutenir dans notre quotidien ? Avons-nous accueilli tous les dons de la gr\u00e2ce de Dieu et les avons-nous redonn\u00e9s \u00e0 notre tour ? Sommes-nous en mesure de dire comme Saint Paul : \u00ab Ce n\u2019est plus moi qui vis, c\u2019est Christ qui vit en moi. \u00bb (Galates 2, 20)<\/p>\n<p>En r\u00e9ponse \u00e0 notre d\u00e9marche, les membres seront invit\u00e9s au cours de la nouvelle saison \u00e0 <strong>prendre conscience de la Bonne Nouvelle de l\u2019\u00c9vangile que le Christ nous a laiss\u00e9 via ses Ap\u00f4tres, il y a plus de 2000 ans<\/strong>. Ici, on ne se r\u00e9f\u00e8re pas uniquement \u00e0 la doctrine que J\u00e9sus \u00e0 enseigner tout au long de son minist\u00e8re pour nous aider \u00e0 garder le cap vers la Vie, mais plus encore \u00e0 un \u00c9vangile qui lib\u00e8re de nos esclavages d\u00e8s maintenant ouvrant la porte \u00e9troite du Royaume sur terre.<\/p>\n<p>Curieusement, plusieurs d\u2019entre nous, comme certains des disciples de J\u00e9sus, attendent d\u2019\u00eatre compl\u00e8tement gu\u00e9ris avant d\u2019exercer ses dons argumentant sur le fait de ne pas \u00eatre dignes de tels pr\u00e9sents. Pourtant, \u00e0 la lecture de la vie des personnes saintes qui ont v\u00e9cu avant nous, nous constatons que <strong>leur saintet\u00e9 s\u2019est incarn\u00e9e au fur et \u00e0 mesure qu\u2019elles ont exerc\u00e9 leurs dons<\/strong>.<\/p>\n<p>Heureusement que Dieu ne se limite pas \u00e0 attendre que nous soyons parfaits avant de s\u2019unir \u00e0 nous et nous soutenir lors de notre mission. Le levain (pr\u00e9sence de l\u2019Esprit en nous) a besoin de farine et d\u2019eau (de ce que nous sommes humainement) pour faire lever la p\u00e2te. <strong>Pour le Divin, une seule chose est prise en compte, et c\u2019est l\u2019intention que nous portons en utilisant nos dons.<\/strong><\/p>\n<p>\u00ab Gloire \u00e0 Dieu au plus haut des cieux et paix sur la terre aux hommes de bonne volont\u00e9, car il les prend en gr\u00e2ce. \u00bb disaient une multitude d\u2019esprits c\u00e9lestes \u00e0 la naissance de J\u00e9sus. (Lc 2, 14) Dieu aurait-Il donn\u00e9 son Fils \u00e0 l\u2019humanit\u00e9 avec des conditions ? Assur\u00e9ment non. Que chacun(e) de nous annonce l\u2019\u00c9vangile en l\u2019incarnant d\u00e8s maintenant dans toutes d\u00e9cisions actuelles et futures.<\/p>\n<p>\u00ab La moisson est abondante. Prions le Seigneur pour qu\u2019Il envoie des ouvriers \u00e0 sa moisson.\u00bb (Mt 9, 37-38)<\/p>\n<p><strong>Martial Brassard<\/strong>, R\u00e9pondant des Communaut\u00e9s du P\u00e8lerin<\/p>\n<p>[\/et_pb_text][\/et_pb_column][\/et_pb_row][et_pb_row _builder_version=&#8221;4.27.4&#8243; _module_preset=&#8221;default&#8221; global_colors_info=&#8221;{}&#8221;][et_pb_column type=&#8221;4_4&#8243; _builder_version=&#8221;4.27.4&#8243; _module_preset=&#8221;default&#8221; global_colors_info=&#8221;{}&#8221;][et_pb_heading title=&#8221;\u00c0 propos des Communaut\u00e9s du P\u00e8lerin&#8221; _builder_version=&#8221;4.27.4&#8243; _module_preset=&#8221;default&#8221; title_text_align=&#8221;left&#8221; hover_enabled=&#8221;0&#8243; global_colors_info=&#8221;{}&#8221; title_font_size=&#8221;26px&#8221; sticky_enabled=&#8221;0&#8243;][\/et_pb_heading][et_pb_text _builder_version=&#8221;4.27.4&#8243; _module_preset=&#8221;default&#8221; global_colors_info=&#8221;{}&#8221;]<\/p>\n<p>Les Communaut\u00e9s du P\u00e8lerin rassemblent des personnes en qu\u00eate de croissance humaine et spirituelle. Fond\u00e9es sur l\u2019\u00e9coute bienveillante et la pr\u00e9sence de l\u2019\u00catre-Parole en chacun(e), elles offrent un espace pour avancer ensemble dans la foi et la vie int\u00e9rieure. Nos communaut\u00e9s proposent une v\u00e9ritable exp\u00e9rience d\u2019\u00c9glise de l\u2019accompagnement et de la Parole de Dieu. Chaque membre est invit\u00e9 \u00e0 entrer dans des relations profondes et signifiantes, nourries par la confiance et l\u2019\u00e9change authentique. Les rencontres mensuelles, les retraites, les p\u00e8lerinages et les groupes de partage sont autant d\u2019occasions de nourrir sa vie spirituelle. La Parole de Dieu y tient une place centrale, invitant chacun \u00e0 l\u2019accueillir et \u00e0 en t\u00e9moigner dans sa vie quotidienne.<\/p>\n<p><a href=\"https:\/\/lepelerin.org\/portail\/communautes\/les-communautes-du-pelerin\/\">En savoir plus et joindre les Communaut\u00e9s du P\u00e8lerin &gt;\u00a0<\/a><\/p>\n<p>[\/et_pb_text][\/et_pb_column][\/et_pb_row][\/et_pb_section][et_pb_section fb_built=&#8221;1&#8243; _builder_version=&#8221;4.27.4&#8243; _module_preset=&#8221;default&#8221; global_colors_info=&#8221;{}&#8221; custom_padding=&#8221;0px|||||&#8221; custom_margin=&#8221;40px|||||&#8221;][et_pb_row _builder_version=&#8221;4.27.4&#8243; _module_preset=&#8221;default&#8221; global_colors_info=&#8221;{}&#8221;][et_pb_column type=&#8221;4_4&#8243; _builder_version=&#8221;4.27.4&#8243; _module_preset=&#8221;default&#8221; global_colors_info=&#8221;{}&#8221;][et_pb_heading title=&#8221;\u00c9v\u00e9nements \u00e0 venir pour les Communaut\u00e9s du P\u00e8lerin&#8221; _builder_version=&#8221;4.27.4&#8243; _module_preset=&#8221;7d021552-ee50-41e6-9a48-eee88da621cd&#8221; title_text_align=&#8221;left&#8221; hover_enabled=&#8221;0&#8243; global_colors_info=&#8221;{}&#8221; title_font_size=&#8221;26px&#8221; sticky_enabled=&#8221;0&#8243;][\/et_pb_heading][diec_event_carousel show_venue=&#8221;off&#8221; show_name=&#8221;off&#8221; show_price=&#8221;off&#8221; show_category=&#8221;off&#8221; show_weburl=&#8221;off&#8221; show_detail=&#8221;off&#8221; included_categories=&#8221;20&#8243; _builder_version=&#8221;4.27.4&#8243; _module_preset=&#8221;default&#8221; global_colors_info=&#8221;{}&#8221;][\/diec_event_carousel][\/et_pb_column][\/et_pb_row][\/et_pb_section][et_pb_section fb_built=&#8221;1&#8243; _builder_version=&#8221;4.27.4&#8243; _module_preset=&#8221;default&#8221; global_module=&#8221;250732&#8243; saved_tabs=&#8221;all&#8221; global_colors_info=&#8221;{}&#8221;][et_pb_row _builder_version=&#8221;4.27.4&#8243; _module_preset=&#8221;default&#8221; global_colors_info=&#8221;{}&#8221;][et_pb_column type=&#8221;4_4&#8243; _builder_version=&#8221;4.27.4&#8243; _module_preset=&#8221;default&#8221; global_colors_info=&#8221;{}&#8221;][et_pb_post_nav in_same_term=&#8221;on&#8221; prev_text=&#8221;Article pr\u00e9c\u00e9dent&#8221; next_text=&#8221;Article suivant&#8221; _builder_version=&#8221;4.27.4&#8243; _module_preset=&#8221;default&#8221; global_colors_info=&#8221;{}&#8221;][\/et_pb_post_nav][\/et_pb_column][\/et_pb_row][\/et_pb_section]<\/p>\n","protected":false},"excerpt":{"rendered":"<p>En septembre, une nouvelle saison s\u2019ouvre pour les Communaut\u00e9s du P\u00e8lerin, qui f\u00eatent leurs 20 ans d\u2019existence. L\u2019occasion de rendre gr\u00e2ce pour le chemin parcouru, de relire notre enracinement dans le Christ et d\u2019accueillir \u00e0 nouveau l\u2019\u00c9vangile qui lib\u00e8re et fait vivre.<\/p>\n","protected":false},"author":9,"featured_media":252300,"comment_status":"open","ping_status":"open","sticky":false,"template":"","format":"standard","meta":{"_et_pb_use_builder":"on","_et_pb_old_content":"","_et_gb_content_width":"","footnotes":""},"categories":[26,5],"tags":[],"class_list":["post-252295","post","type-post","status-publish","format-standard","has-post-thumbnail","hentry","category-communautes-du-pelerin","category-actualites-du-pelerin"],"_links":{"self":[{"href":"https:\/\/lepelerin.org\/portail\/wp-json\/wp\/v2\/posts\/252295","targetHints":{"allow":["GET"]}}],"collection":[{"href":"https:\/\/lepelerin.org\/portail\/wp-json\/wp\/v2\/posts"}],"about":[{"href":"https:\/\/lepelerin.org\/portail\/wp-json\/wp\/v2\/types\/post"}],"author":[{"embeddable":true,"href":"https:\/\/lepelerin.org\/portail\/wp-json\/wp\/v2\/users\/9"}],"replies":[{"embeddable":true,"href":"https:\/\/lepelerin.org\/portail\/wp-json\/wp\/v2\/comments?post=252295"}],"version-history":[{"count":6,"href":"https:\/\/lepelerin.org\/portail\/wp-json\/wp\/v2\/posts\/252295\/revisions"}],"predecessor-version":[{"id":252305,"href":"https:\/\/lepelerin.org\/portail\/wp-json\/wp\/v2\/posts\/252295\/revisions\/252305"}],"wp:featuredmedia":[{"embeddable":true,"href":"https:\/\/lepelerin.org\/portail\/wp-json\/wp\/v2\/media\/252300"}],"wp:attachment":[{"href":"https:\/\/lepelerin.org\/portail\/wp-json\/wp\/v2\/media?parent=252295"}],"wp:term":[{"taxonomy":"category","embeddable":true,"href":"https:\/\/lepelerin.org\/portail\/wp-json\/wp\/v2\/categories?post=252295"},{"taxonomy":"post_tag","embeddable":true,"href":"https:\/\/lepelerin.org\/portail\/wp-json\/wp\/v2\/tags?post=252295"}],"curies":[{"name":"wp","href":"https:\/\/api.w.org\/{rel}","templated":true}]}}