{"id":251268,"date":"2025-05-01T08:12:00","date_gmt":"2025-05-01T12:12:00","guid":{"rendered":"https:\/\/lepelerin.org\/portail\/?p=251268"},"modified":"2025-05-06T13:12:36","modified_gmt":"2025-05-06T17:12:36","slug":"pelerins-desperance-et-de-paix","status":"publish","type":"post","link":"https:\/\/lepelerin.org\/portail\/editoriaux\/pelerins-desperance-et-de-paix\/","title":{"rendered":"P\u00e8lerins\u00a0d\u2019esp\u00e9rance et\u00a0de paix\u2026"},"content":{"rendered":"\n[et_pb_section fb_built=&#8221;1&#8243; _builder_version=&#8221;4.27.4&#8243; _module_preset=&#8221;default&#8221; custom_padding=&#8221;0px|||||&#8221; global_colors_info=&#8221;{}&#8221; theme_builder_area=&#8221;post_content&#8221;][et_pb_row _builder_version=&#8221;4.27.4&#8243; _module_preset=&#8221;default&#8221; global_colors_info=&#8221;{}&#8221; theme_builder_area=&#8221;post_content&#8221;][et_pb_column type=&#8221;4_4&#8243; _builder_version=&#8221;4.27.4&#8243; _module_preset=&#8221;default&#8221; global_colors_info=&#8221;{}&#8221; theme_builder_area=&#8221;post_content&#8221;][et_pb_text module_class=&#8221;custom-bullet&#8221; _builder_version=&#8221;4.27.4&#8243; _module_preset=&#8221;default&#8221; hover_enabled=&#8221;0&#8243; global_colors_info=&#8221;{}&#8221; theme_builder_area=&#8221;post_content&#8221; sticky_enabled=&#8221;0&#8243;]<p>J\u2019\u00e9cris ces lignes 24 heures apr\u00e8s la c\u00e9l\u00e9bration des fun\u00e9railles du pape Fran\u00e7ois, en ce dimanche o\u00f9 la liturgie pascale nous convie \u00e0 la rencontre entre le Ressuscit\u00e9, les ap\u00f4tres et plus particuli\u00e8rement Thomas. (Jean 20, 19-31)<\/p>\n<p>En ces temps o\u00f9 nos c\u0153urs peuvent parfois \u00eatre tent\u00e9s de se fermer ou de s\u2019embourber dans la peur ou la tristesse devant les actualit\u00e9s, permettons au Christ de traverser nos zones verrouill\u00e9es et entendons dans notre c\u0153ur profond :<\/p>\n<p style=\"text-align: center;\"><span style=\"color: #be4750;\"><em><strong>\u00abLa paix soit avec vous ! \u00bb<\/strong><\/em><\/span><\/p>\n<p>Laissons se d\u00e9ployer cette Parole et laissons-la agir en nous-m\u00eames, en nos familles, en nos milieux de vie, en notre soci\u00e9t\u00e9, dans l\u2019ensemble de l\u2019humanit\u00e9\u2026<\/p>\n<p style=\"text-align: center;\"><span style=\"color: #be4750;\"><em><strong>\u00abLa paix soit avec vous !\u00bb<\/strong><\/em><\/span><\/p>\n<p>Trois fois cette parole nous est donn\u00e9e <span style=\"text-decoration: underline;\">aujourd\u2019hui<\/span>\u2026<\/p>\n<p style=\"text-align: center;\"><span style=\"color: #be4750;\"><em><strong>\u00abLa paix soit avec vous !\u00bb<\/strong><\/em><\/span><\/p>\n<p>Que de fois le pape Fran\u00e7ois nous a parl\u00e9 de paix !<\/p>\n<p>Revisitons quelques -unes de ses paroles :<\/p>\n<p><em>Face \u00e0 cette r\u00e9alit\u00e9, (des guerres) \u00ab je poserai seulement cette question, d\u2019abord \u00e0 moi, puis \u00e0 vous et \u00e0 tous : \u00ab comment est le c\u0153ur de chacun de nous : est-il en paix? Comment est la famille de chacun de nous: est-elle en paix ? &#8230; Il faut en effet partir des petites choses pour arriver au monde en paix \u00bb.<\/em> (m\u00e9ditation matinale du 8 septembre 2016)<\/p>\n<p><em>\u00abComment devient-on alors un artisan de la paix? \u00bb Tout d&#8217;abord, il faut d\u00e9sarmer le c\u0153ur. Parce que nous sommes tous \u00ab \u00e9quip\u00e9s de pens\u00e9es agressives et de mots tranchants \u00bb, et nous pensons nous d\u00e9fendre \u00ab avec les barbel\u00e9s de la plainte et les murs en b\u00e9ton de l&#8217;indiff\u00e9rence \u00bb, la semence de paix appelle \u00ab \u00e0 d\u00e9militariser le champ du c\u0153ur \u00bb. <\/em><br \/><em>\u00ab La paix pousse dans le silence, jour apr\u00e8s jour, \u00e0 travers les \u0153uvres de justice et de mis\u00e9ricorde\u2026elle n&#8217;est jamais violente, elle n&#8217;est jamais arm\u00e9e \u00bb.<\/em> (Angelus de la Toussaint 2022)<\/p>\n<p><em>Le premier signe d\u2019esp\u00e9rance doit se traduire par la paix \u2026<\/em> <br \/>(bulle d\u2019indiction du Jubil\u00e9 \u00ab l\u2019esp\u00e9rance ne d\u00e9\u00e7oit pas \u00bb (Rm 5, 5), au num\u00e9ro 8)<\/p>\n<p style=\"text-align: center;\"><span style=\"color: #be4750;\"><em><strong>\u00abLa paix soit avec vous !\u00bb<\/strong><\/em><\/span><\/p>\n<p>\u00c9vang\u00e9lisation des profondeurs propose tout un trajet spirituel pour accueillir cette paix que le Christ nous donne, \u00ab celle-l\u00e0 qui demeure dans la temp\u00eate\u2026 cette paix du c\u0153ur qui va s\u2019incarner\u2026 une paix active, dynamique, tonique\u2026 \u00bb nous dit Simone Pacot.<\/p>\n<p>Dans son livre Ouvrir la porte \u00e0 l\u2019Esprit, pp. 381-390, Simone nous pr\u00e9sente ce que peut \u00eatre le minist\u00e8re int\u00e9rieur de la paix et elle cite :<\/p>\n<ul>\n<li>le patriarche Ath\u00e9nagoras : \u00ab \u2026 il faut arriver \u00e0 se d\u00e9sarmer\u2026si l\u2019on se d\u00e9sarme, si l\u2019on se d\u00e9poss\u00e8de, si l\u2019on s\u2019ouvre au Dieu Homme qui fait toutes choses nouvelles, alors Lui efface le mauvais pass\u00e9 et nous rend un temps neuf o\u00f9 tout est possible. \u00bb<\/li>\n<li>Etty Hillesum: \u00ab au camp, j\u2019ai senti de tout mon \u00eatre que le moindre atome de haine ajout\u00e9 \u00e0 ce monde le rend plus inhospitalier encore. \u00bb<\/li>\n<\/ul>\n<p>Alors, p\u00e8lerins d\u2019esp\u00e9rance, soyons artisans de paix, l\u00e0 o\u00f9 nous vivons\u2026<\/p>\n<p>Et en ce mois de mai, entrons \u00e0 l\u2019\u00e9cole de Marie :<\/p>\n<p><em>\u00abapprendre de Marie, notre M\u00e8re\u00bb, \u00e0 \u00ablaisser nos oreilles s\u2019ouvrir \u00e0 la Parole divine, \u00e0 l&#8217;accueillir et \u00e0 la conserver, afin qu&#8217;elle transforme nos c\u0153urs en tabernacles de sa pr\u00e9sence, en maisons hospitali\u00e8res pour ceux qui sont fatigu\u00e9s et qui ont besoin d&#8217;esp\u00e9rance\u00bb.<\/em> (Pape Fran\u00e7ois, audience g\u00e9n\u00e9rale, 22 janvier 2025)<\/p>\n<p style=\"text-align: center;\"><span style=\"color: #be4750;\"><em><strong>\u00abLa paix soit avec vous !\u00bb<\/strong><\/em><\/span><\/p>\n<p>Pour incarner cette recherche de la paix dans nos c\u0153urs et dans nos milieux respectifs, des <a href=\"https:\/\/lepelerin.org\/portail\/services\/evangelisation-des-profondeurs\" title=\"Sessions \u00c9vang\u00e9lisation des profondeurs\"><strong>sessions en \u00c9vang\u00e9lisation des profondeurs<\/strong><\/a> seront propos\u00e9es d\u00e8s l\u2019automne 2025 \u00e0 Drummondville, Joliette et Qu\u00e9bec. Des groupes de lecture sont aussi offerts dans diverses r\u00e9gions du Qu\u00e9bec et via Zoom. Des informations sont ou seront disponibles sous peu sur le nouveau site du P\u00e8lerin.\u00a0<\/p>\n<p>Bienvenue!<\/p>\n<p>Dans la joie de marcher avec vous,<\/p>\n<p><strong>Lucille Lanoie<\/strong>, r\u00e9pondante provinciale pour <a href=\"https:\/\/lepelerin.org\/portail\/services\/evangelisation-des-profondeurs\"><strong>\u00c9vang\u00e9lisation des profondeurs<\/strong><\/a><\/p>\n<p>&nbsp;<\/p>\n<p>&nbsp;<\/p>[\/et_pb_text][\/et_pb_column][\/et_pb_row][\/et_pb_section][et_pb_section fb_built=&#8221;1&#8243; _builder_version=&#8221;4.27.4&#8243; _module_preset=&#8221;default&#8221; global_module=&#8221;250732&#8243; saved_tabs=&#8221;all&#8221; global_colors_info=&#8221;{}&#8221; theme_builder_area=&#8221;post_content&#8221;][et_pb_row _builder_version=&#8221;4.27.4&#8243; _module_preset=&#8221;default&#8221; global_colors_info=&#8221;{}&#8221; theme_builder_area=&#8221;post_content&#8221;][et_pb_column type=&#8221;4_4&#8243; _builder_version=&#8221;4.27.4&#8243; _module_preset=&#8221;default&#8221; global_colors_info=&#8221;{}&#8221; theme_builder_area=&#8221;post_content&#8221;][et_pb_post_nav in_same_term=&#8221;on&#8221; prev_text=&#8221;Article pr\u00e9c\u00e9dent&#8221; next_text=&#8221;Article suivant&#8221; _builder_version=&#8221;4.27.4&#8243; _module_preset=&#8221;default&#8221; global_colors_info=&#8221;{}&#8221; theme_builder_area=&#8221;post_content&#8221;][\/et_pb_post_nav][\/et_pb_column][\/et_pb_row][\/et_pb_section]\n","protected":false},"excerpt":{"rendered":"<p>En ces temps o\u00f9 nos c\u0153urs peuvent parfois \u00eatre tent\u00e9s de se fermer ou de s\u2019embourber dans la peur ou la tristesse devant les actualit\u00e9s, permettons au Christ de traverser nos zones verrouill\u00e9es et entendons dans notre c\u0153ur profond :<br \/>\n\u00abLa paix soit avec vous ! \u00bb<\/p>\n","protected":false},"author":15,"featured_media":251276,"comment_status":"open","ping_status":"open","sticky":false,"template":"","format":"standard","meta":{"_et_pb_use_builder":"on","_et_pb_old_content":"","_et_gb_content_width":"","footnotes":""},"categories":[25,5,27],"tags":[],"class_list":["post-251268","post","type-post","status-publish","format-standard","has-post-thumbnail","hentry","category-editoriaux","category-actualites-du-pelerin","category-evangelisation-des-profondeurs"],"_links":{"self":[{"href":"https:\/\/lepelerin.org\/portail\/wp-json\/wp\/v2\/posts\/251268","targetHints":{"allow":["GET"]}}],"collection":[{"href":"https:\/\/lepelerin.org\/portail\/wp-json\/wp\/v2\/posts"}],"about":[{"href":"https:\/\/lepelerin.org\/portail\/wp-json\/wp\/v2\/types\/post"}],"author":[{"embeddable":true,"href":"https:\/\/lepelerin.org\/portail\/wp-json\/wp\/v2\/users\/15"}],"replies":[{"embeddable":true,"href":"https:\/\/lepelerin.org\/portail\/wp-json\/wp\/v2\/comments?post=251268"}],"version-history":[{"count":5,"href":"https:\/\/lepelerin.org\/portail\/wp-json\/wp\/v2\/posts\/251268\/revisions"}],"predecessor-version":[{"id":251277,"href":"https:\/\/lepelerin.org\/portail\/wp-json\/wp\/v2\/posts\/251268\/revisions\/251277"}],"wp:featuredmedia":[{"embeddable":true,"href":"https:\/\/lepelerin.org\/portail\/wp-json\/wp\/v2\/media\/251276"}],"wp:attachment":[{"href":"https:\/\/lepelerin.org\/portail\/wp-json\/wp\/v2\/media?parent=251268"}],"wp:term":[{"taxonomy":"category","embeddable":true,"href":"https:\/\/lepelerin.org\/portail\/wp-json\/wp\/v2\/categories?post=251268"},{"taxonomy":"post_tag","embeddable":true,"href":"https:\/\/lepelerin.org\/portail\/wp-json\/wp\/v2\/tags?post=251268"}],"curies":[{"name":"wp","href":"https:\/\/api.w.org\/{rel}","templated":true}]}}