{"id":250712,"date":"2025-04-16T07:00:14","date_gmt":"2025-04-16T11:00:14","guid":{"rendered":"https:\/\/dev.lepelerin.org\/portail\/?p=250712"},"modified":"2025-04-17T11:18:23","modified_gmt":"2025-04-17T15:18:23","slug":"joyeuses-paques-2025","status":"publish","type":"post","link":"https:\/\/lepelerin.org\/portail\/actualites-du-pelerin\/joyeuses-paques-2025\/","title":{"rendered":"Joyeuses P\u00e2ques !"},"content":{"rendered":"\n[et_pb_section fb_built=&#8221;1&#8243; _builder_version=&#8221;4.27.4&#8243; _module_preset=&#8221;default&#8221; custom_padding=&#8221;0px|||||&#8221; global_colors_info=&#8221;{}&#8221;][et_pb_row _builder_version=&#8221;4.27.4&#8243; _module_preset=&#8221;default&#8221; global_colors_info=&#8221;{}&#8221;][et_pb_column type=&#8221;4_4&#8243; _builder_version=&#8221;4.27.4&#8243; _module_preset=&#8221;default&#8221; global_colors_info=&#8221;{}&#8221;][et_pb_text _builder_version=&#8221;4.27.4&#8243; _module_preset=&#8221;default&#8221; hover_enabled=&#8221;0&#8243; global_colors_info=&#8221;{}&#8221; sticky_enabled=&#8221;0&#8243;]<p>En ce Ciel en nous, o\u00f9 milles nuages se bousculent et obstruent notre contemplation de Dieu, voici qu&#8217;en cette P\u00e2ques, Il fait lever dans une douceur infinie son Jour, son Aujourd&#8217;hui. Il n&#8217;y a ni tambour ni trompette mais qu&#8217;un Amour qui s&#8217;\u00e9coule humblement en nous et nous irrigue de Vie. Cet Amour est pri\u00e8re \u00e9ternelle du P\u00e8re, du Fils et de l&#8217;Esprit qui, en r\u00e9v\u00e9lant sa Gloire, nous traverse, nous entra\u00eenant, si on s&#8217;y laisse emporter, vers les terres trinitaires o\u00f9 se vit notre naissance \u00e9ternelle de fils ou de fille de Dieu dans le Fils unique.<\/p>\n<p>Je vous souhaite \u00e0 toutes et \u00e0 tous, disciples, partenaires, amis.es&#8230; du P\u00e8lerin, d&#8217;accueillir en vous cette Aube Divine, lieu de tout commencement en ce Dieu de tous les commencements, car,<\/p>\n<p style=\"text-align: center;\">\u00ab Au commencement \u00e9tait le Verbe et le Verbe \u00e9tait avec Dieu et le Verbe \u00e9tait Dieu.<br \/>Il \u00e9tait au commencement avec Dieu.<br \/>Tout fut par lui, et sans lui rien ne fut.<br \/>Ce qui fut en lui \u00e9tait la vie, et la vie \u00e9tait la lumi\u00e8re des hommes. \u00bb<br \/>(Jn 1, 1-4)<\/p>\n<p>Que cette P\u00e2ques soit, pour chacun.e de vous, ouverture \u00e0 ce commencement sans fin, cette possibilit\u00e9 toujours pr\u00e9sente de tout \u00ab commencer \u00bb, de \u00ab cocr\u00e9er \u00bb avec Dieu, d&#8217;\u00eatre transform\u00e9.e et d&#8217;apporter toute esp\u00e9rance \u00e0 ce monde !<\/p>\n<p>Joyeuses P\u00e2ques !<\/p>\n<p>\u00a0St\u00e9fan au nom de toute l&#8217;\u00c9quipe du P\u00e8lerin, Antoine, Barbara, Elizabeth, \u00c9ric, Jeffrey, Halyna et Ninon<\/p>[\/et_pb_text][\/et_pb_column][\/et_pb_row][\/et_pb_section][et_pb_section fb_built=&#8221;1&#8243; _builder_version=&#8221;4.27.4&#8243; _module_preset=&#8221;default&#8221; global_module=&#8221;250732&#8243; global_colors_info=&#8221;{}&#8221;][et_pb_row _builder_version=&#8221;4.27.4&#8243; _module_preset=&#8221;default&#8221; global_colors_info=&#8221;{}&#8221;][et_pb_column type=&#8221;4_4&#8243; _builder_version=&#8221;4.27.4&#8243; _module_preset=&#8221;default&#8221; global_colors_info=&#8221;{}&#8221;][et_pb_post_nav in_same_term=&#8221;on&#8221; prev_text=&#8221;Article pr\u00e9c\u00e9dent&#8221; next_text=&#8221;Article suivant&#8221; _builder_version=&#8221;4.27.4&#8243; _module_preset=&#8221;default&#8221; global_colors_info=&#8221;{}&#8221;][\/et_pb_post_nav][\/et_pb_column][\/et_pb_row][\/et_pb_section]\n","protected":false},"excerpt":{"rendered":"<p>En ce Ciel en nous, o\u00f9 milles nuages se bousculent et obstruent notre contemplation de Dieu, voici qu&#8217;en cette P\u00e2ques, Il fait lever dans une douceur infinie son Jour, son [&hellip;]<\/p>\n","protected":false},"author":4,"featured_media":250739,"comment_status":"open","ping_status":"open","sticky":false,"template":"","format":"standard","meta":{"_et_pb_use_builder":"on","_et_pb_old_content":"","_et_gb_content_width":"2880","footnotes":""},"categories":[5],"tags":[],"class_list":["post-250712","post","type-post","status-publish","format-standard","has-post-thumbnail","hentry","category-actualites-du-pelerin"],"_links":{"self":[{"href":"https:\/\/lepelerin.org\/portail\/wp-json\/wp\/v2\/posts\/250712","targetHints":{"allow":["GET"]}}],"collection":[{"href":"https:\/\/lepelerin.org\/portail\/wp-json\/wp\/v2\/posts"}],"about":[{"href":"https:\/\/lepelerin.org\/portail\/wp-json\/wp\/v2\/types\/post"}],"author":[{"embeddable":true,"href":"https:\/\/lepelerin.org\/portail\/wp-json\/wp\/v2\/users\/4"}],"replies":[{"embeddable":true,"href":"https:\/\/lepelerin.org\/portail\/wp-json\/wp\/v2\/comments?post=250712"}],"version-history":[{"count":7,"href":"https:\/\/lepelerin.org\/portail\/wp-json\/wp\/v2\/posts\/250712\/revisions"}],"predecessor-version":[{"id":250740,"href":"https:\/\/lepelerin.org\/portail\/wp-json\/wp\/v2\/posts\/250712\/revisions\/250740"}],"wp:featuredmedia":[{"embeddable":true,"href":"https:\/\/lepelerin.org\/portail\/wp-json\/wp\/v2\/media\/250739"}],"wp:attachment":[{"href":"https:\/\/lepelerin.org\/portail\/wp-json\/wp\/v2\/media?parent=250712"}],"wp:term":[{"taxonomy":"category","embeddable":true,"href":"https:\/\/lepelerin.org\/portail\/wp-json\/wp\/v2\/categories?post=250712"},{"taxonomy":"post_tag","embeddable":true,"href":"https:\/\/lepelerin.org\/portail\/wp-json\/wp\/v2\/tags?post=250712"}],"curies":[{"name":"wp","href":"https:\/\/api.w.org\/{rel}","templated":true}]}}