{"id":33,"count":1,"description":"Le flux RSS des intentions de pri\u00e8re permet de recevoir automatiquement les intentions partag\u00e9es par la communaut\u00e9.","link":"https:\/\/lepelerin.org\/portail\/prieres\/","name":"Intentions de pri\u00e8re","slug":"prieres","taxonomy":"category","parent":0,"meta":[],"_links":{"self":[{"href":"https:\/\/lepelerin.org\/portail\/wp-json\/wp\/v2\/categories\/33","targetHints":{"allow":["GET"]}}],"collection":[{"href":"https:\/\/lepelerin.org\/portail\/wp-json\/wp\/v2\/categories"}],"about":[{"href":"https:\/\/lepelerin.org\/portail\/wp-json\/wp\/v2\/taxonomies\/category"}],"wp:post_type":[{"href":"https:\/\/lepelerin.org\/portail\/wp-json\/wp\/v2\/posts?categories=33"}],"curies":[{"name":"wp","href":"https:\/\/api.w.org\/{rel}","templated":true}]}}