{"id":576,"global_id":"lepelerin.org\/portail?id=576","global_id_lineage":["lepelerin.org\/portail?id=576"],"author":"2","status":"publish","date":"2025-02-17 11:45:27","date_utc":"2025-02-17 16:45:27","modified":"2025-10-08 11:53:21","modified_utc":"2025-10-08 15:53:21","url":"https:\/\/lepelerin.org\/portail\/evenement\/la-fete-des-etudiants-et-remise-des-diplomes\/","rest_url":"https:\/\/lepelerin.org\/portail\/wp-json\/tribe\/events\/v1\/events\/576","title":"F\u00eate de la remise des dipl\u00f4mes","description":"<p>[et_pb_section fb_built=&#8221;1&#8243; _builder_version=&#8221;4.27.4&#8243; _module_preset=&#8221;default&#8221; background_color=&#8221;#fff8f2&#8243; custom_padding=&#8221;0px|||||&#8221; global_colors_info=&#8221;{}&#8221;][et_pb_row _builder_version=&#8221;4.27.4&#8243; _module_preset=&#8221;default&#8221; global_colors_info=&#8221;{}&#8221;][et_pb_column type=&#8221;4_4&#8243; _builder_version=&#8221;4.27.4&#8243; _module_preset=&#8221;default&#8221; global_colors_info=&#8221;{}&#8221;][et_pb_image src=&#8221;https:\/\/lepelerin.org\/portail\/wp-content\/uploads\/2025\/09\/Remise-des-diplomes.jpg&#8221; alt=&#8221;Remise des dipl\u00f4mes 2025&#8243; title_text=&#8221;Remise des dipl\u00f4mes 2025&#8243; _builder_version=&#8221;4.27.4&#8243; _module_preset=&#8221;default&#8221; border_radii=&#8221;on|18px|18px|18px|18px&#8221; global_colors_info=&#8221;{}&#8221;][\/et_pb_image][et_pb_text module_class=&#8221;custom-bullet&#8221; _builder_version=&#8221;4.27.4&#8243; _module_preset=&#8221;default&#8221; text_font=&#8221;||||||||&#8221; ul_font_size=&#8221;13px&#8221; global_colors_info=&#8221;{}&#8221;]<\/p>\n<p>Au programme : la remise des dipl\u00f4mes des finissants des trois derni\u00e8res ann\u00e9es, suivie d\u2019une s\u00e9rie de surprises tout au long de l\u2019apr\u00e8s-midi. Un moment de c\u00e9l\u00e9bration \u00e0 ne pas manquer !<\/p>\n<p>Date : Samedi 25 octobre 2025<br \/>Heure : \u00c0 d\u00e9terminer<br \/>Lieu : \u00c0 d\u00e9terminer (\u00e9galement en ligne)<\/p>\n<p>Plus de d\u00e9tails \u00e0 venir.<span>\u00a0<\/span><a title=\"Inscrivez-vous \u00e0 l'infolettre\" href=\"https:\/\/email.lepelerin.org\/inscription-infolettre\" target=\"_blank\" rel=\"noopener\">Inscrivez-vous \u00e0 l\u2019infolettre<\/a><span>\u00a0<\/span>pour rester inform\u00e9.<\/p>\n<p>[\/et_pb_text][\/et_pb_column][\/et_pb_row][\/et_pb_section]<\/p>","excerpt":"<p>C\u00e9l\u00e9brez la remise des dipl\u00f4mes le 25 octobre au Centre le P\u00e8lerin, en pr\u00e9sentiel ou en ligne.<\/p>","slug":"la-fete-des-etudiants-et-remise-des-diplomes","image":{"url":"https:\/\/lepelerin.org\/portail\/wp-content\/uploads\/2025\/05\/Fete-des-etudiants-remise-diplomes-2025.jpg","id":251210,"extension":"jpg","width":1080,"height":628,"filesize":100898,"sizes":{"medium":{"width":300,"height":174,"mime-type":"image\/jpeg","filesize":14209,"url":"https:\/\/lepelerin.org\/portail\/wp-content\/uploads\/2025\/05\/Fete-des-etudiants-remise-diplomes-2025-300x174.jpg"},"large":{"width":1024,"height":595,"mime-type":"image\/jpeg","filesize":79558,"url":"https:\/\/lepelerin.org\/portail\/wp-content\/uploads\/2025\/05\/Fete-des-etudiants-remise-diplomes-2025-1024x595.jpg"},"thumbnail":{"width":150,"height":150,"mime-type":"image\/jpeg","filesize":7106,"url":"https:\/\/lepelerin.org\/portail\/wp-content\/uploads\/2025\/05\/Fete-des-etudiants-remise-diplomes-2025-150x150.jpg"},"medium_large":{"width":768,"height":447,"mime-type":"image\/jpeg","filesize":52212,"url":"https:\/\/lepelerin.org\/portail\/wp-content\/uploads\/2025\/05\/Fete-des-etudiants-remise-diplomes-2025-768x447.jpg"},"et-pb-post-main-image":{"width":400,"height":250,"mime-type":"image\/jpeg","filesize":22139,"url":"https:\/\/lepelerin.org\/portail\/wp-content\/uploads\/2025\/05\/Fete-des-etudiants-remise-diplomes-2025-400x250.jpg"},"et-pb-portfolio-image":{"width":400,"height":284,"mime-type":"image\/jpeg","filesize":23433,"url":"https:\/\/lepelerin.org\/portail\/wp-content\/uploads\/2025\/05\/Fete-des-etudiants-remise-diplomes-2025-400x284.jpg"},"et-pb-portfolio-module-image":{"width":510,"height":382,"mime-type":"image\/jpeg","filesize":33216,"url":"https:\/\/lepelerin.org\/portail\/wp-content\/uploads\/2025\/05\/Fete-des-etudiants-remise-diplomes-2025-510x382.jpg"},"et-pb-gallery-module-image-portrait":{"width":400,"height":516,"mime-type":"image\/jpeg","filesize":27768,"url":"https:\/\/lepelerin.org\/portail\/wp-content\/uploads\/2025\/05\/Fete-des-etudiants-remise-diplomes-2025-400x516.jpg"},"et-pb-image--responsive--tablet":{"width":980,"height":570,"mime-type":"image\/jpeg","filesize":75691,"url":"https:\/\/lepelerin.org\/portail\/wp-content\/uploads\/2025\/05\/Fete-des-etudiants-remise-diplomes-2025-980x570.jpg"},"et-pb-image--responsive--phone":{"width":480,"height":279,"mime-type":"image\/jpeg","filesize":27212,"url":"https:\/\/lepelerin.org\/portail\/wp-content\/uploads\/2025\/05\/Fete-des-etudiants-remise-diplomes-2025-480x279.jpg"}}},"all_day":true,"start_date":"2025-10-25 00:00:00","start_date_details":{"year":"2025","month":"10","day":"25","hour":"00","minutes":"00","seconds":"00"},"end_date":"2025-10-25 23:59:59","end_date_details":{"year":"2025","month":"10","day":"25","hour":"23","minutes":"59","seconds":"59"},"utc_start_date":"2025-10-25 04:00:00","utc_start_date_details":{"year":"2025","month":"10","day":"25","hour":"04","minutes":"00","seconds":"00"},"utc_end_date":"2025-10-26 03:59:59","utc_end_date_details":{"year":"2025","month":"10","day":"26","hour":"03","minutes":"59","seconds":"59"},"timezone":"America\/Montreal","timezone_abbr":"EDT","cost":"GRATUIT","cost_details":{"currency_symbol":"$","currency_code":"CAD","currency_position":"prefix","values":["gratuit"]},"website":"https:\/\/www.lepelerin.org","show_map":true,"show_map_link":false,"hide_from_listings":false,"sticky":false,"featured":false,"categories":[{"name":"Centre le P\u00e8lerin","slug":"centre-le-pelerin","term_group":0,"term_taxonomy_id":14,"taxonomy":"tribe_events_cat","description":"","parent":0,"count":28,"filter":"raw","id":14,"urls":{"self":"https:\/\/lepelerin.org\/portail\/wp-json\/tribe\/events\/v1\/categories\/14","collection":"https:\/\/lepelerin.org\/portail\/wp-json\/tribe\/events\/v1\/categories"}},{"name":"\u00c9cole Accompagnement Spirituel","slug":"ecole-accompagnement-spirituel","term_group":0,"term_taxonomy_id":21,"taxonomy":"tribe_events_cat","description":"","parent":0,"count":4,"filter":"raw","id":21,"urls":{"self":"https:\/\/lepelerin.org\/portail\/wp-json\/tribe\/events\/v1\/categories\/21","collection":"https:\/\/lepelerin.org\/portail\/wp-json\/tribe\/events\/v1\/categories"}}],"tags":[],"venue":{"id":71,"author":"2","status":"publish","date":"2024-08-22 08:55:16","date_utc":"2024-08-22 12:55:16","modified":"2024-08-22 08:55:16","modified_utc":"2024-08-22 12:55:16","url":"https:\/\/lepelerin.org\/portail\/lieu\/centre-le-pelerin\/","venue":"Centre Le P\u00e8lerin","slug":"centre-le-pelerin","address":"3774 Chemin Queen Mary","city":"Montr\u00e9al","country":"Canada","province":"Quebec","zip":"H3V1A6","phone":"(514) 737-6262","website":"https:\/\/www.lepelerin.org","stateprovince":"Quebec","json_ld":{"@type":"Place","name":"Centre Le P\u00e8lerin","description":"","url":"","address":{"@type":"PostalAddress","streetAddress":"3774 Chemin Queen Mary","addressLocality":"Montr\u00e9al","addressRegion":"Quebec","postalCode":"H3V1A6","addressCountry":"Canada"},"telephone":"(514) 737-6262","sameAs":"https:\/\/www.lepelerin.org"},"show_map":false,"show_map_link":false,"global_id":"lepelerin.org\/portail?id=71","global_id_lineage":["lepelerin.org\/portail?id=71"]},"organizer":[{"id":68,"author":"2","status":"publish","date":"2024-08-21 15:48:05","date_utc":"2024-08-21 19:48:05","modified":"2024-08-21 15:48:05","modified_utc":"2024-08-21 19:48:05","url":"https:\/\/lepelerin.org\/portail\/organisateur\/centre-le-pelerin\/","organizer":"Centre Le P\u00e8lerin","slug":"centre-le-pelerin","json_ld":{"@type":"Person","name":"Centre Le P\u00e8lerin","description":"","url":"","telephone":"","email":"","sameAs":""},"global_id":"lepelerin.org\/portail?id=68","global_id_lineage":["lepelerin.org\/portail?id=68"]}],"custom_fields":[],"json_ld":{"@context":"http:\/\/schema.org","@type":"Event","name":"F\u00eate de la remise des dipl\u00f4mes","description":"&lt;p&gt;C\u00e9l\u00e9brez la remise des dipl\u00f4mes le 25 octobre au Centre le P\u00e8lerin, en pr\u00e9sentiel ou en ligne.&lt;\/p&gt;\\n","image":"https:\/\/lepelerin.org\/portail\/wp-content\/uploads\/2025\/05\/Fete-des-etudiants-remise-diplomes-2025.jpg","url":"https:\/\/lepelerin.org\/portail\/evenement\/la-fete-des-etudiants-et-remise-des-diplomes\/","eventAttendanceMode":"https:\/\/schema.org\/OfflineEventAttendanceMode","eventStatus":"https:\/\/schema.org\/EventScheduled","startDate":"2025-10-25T00:00:00-04:00","endDate":"2025-10-25T23:59:59-04:00","location":{"@type":"Place","name":"Centre Le P\u00e8lerin","description":"","url":"","address":{"@type":"PostalAddress","streetAddress":"3774 Chemin Queen Mary","addressLocality":"Montr\u00e9al","addressRegion":"Quebec","postalCode":"H3V1A6","addressCountry":"Canada"},"telephone":"(514) 737-6262","sameAs":"https:\/\/www.lepelerin.org"},"organizer":{"@type":"Person","name":"Centre Le P\u00e8lerin","description":"","url":"","telephone":"","email":"","sameAs":""},"offers":{"@type":"Offer","price":"0","priceCurrency":"CAD","url":"https:\/\/lepelerin.org\/portail\/evenement\/la-fete-des-etudiants-et-remise-des-diplomes\/","category":"primary","availability":"inStock","validFrom":"1970-01-01T00:00:00+00:00"},"performer":"Organization"}}